{"id":122027,"date":"2025-12-21T05:32:24","date_gmt":"2025-12-21T05:32:24","guid":{"rendered":"https:\/\/www.europesays.com\/fi\/122027\/"},"modified":"2025-12-21T05:32:24","modified_gmt":"2025-12-21T05:32:24","slug":"seiska-turmion-katiloiden-laulajalle-syyte-torkeasta-rattijuopumuksesta-paikalliset","status":"publish","type":"post","link":"https:\/\/www.europesays.com\/fi\/122027\/","title":{"rendered":"Seiska: Turmion K\u00e4til\u00f6iden laulajalle syyte t\u00f6rke\u00e4st\u00e4 rattijuopumuksesta | Paikalliset"},"content":{"rendered":"<p>Turmion K\u00e4til\u00f6iden laulaja <strong>Petja Turunen<\/strong> on saanut syytteen t\u00f6rke\u00e4st\u00e4 rattijuopumuksesta. Asiasta uutisoi <a href=\"https:\/\/www.seiska.fi\/rikos\/suomalaisyhtyeen-laulaja-rikossyyte\/2025975\" rel=\"nofollow noopener\" target=\"_blank\">Seiska.<\/a><\/p>\n<p>Lehden mukaan syyte on tullut vireille 20. marraskuuta, ja oikeudenk\u00e4ynti k\u00e4yd\u00e4\u00e4n alustavan tiedon mukaan huhtikuussa.<\/p>\n<p>Seiskan mukaan Turunen puhalsi 2. lokakuuta Siilinj\u00e4rvell\u00e4 lukemat, jotka johtivat ep\u00e4ilyyn t\u00f6rke\u00e4st\u00e4 rattijuopumuksesta. Kyydiss\u00e4 oli kaksi matkustajaa.<\/p>\n<p>T\u00f6rke\u00e4n rattijuopumuksen raja on 1,2 promillea.<\/p>\n<p><strong class=\"diks-storyline__impact\">Turunen<\/strong> tuomittiin maaliskuussa entisen puolisonsa pahoinpitelyst\u00e4 ja kunnianloukkauksesta. Turusen entinen puoliso tuomittiin samassa yhteydess\u00e4 Turusen pahoinpitelemisest\u00e4.<\/p>\n<p>N\u00e4m\u00e4 teot tehtiin Siilinj\u00e4rvell\u00e4 joulukuussa 2023. Molemmat osapuolet kiistiv\u00e4t syyllistyneens\u00e4 rikoksiin. Niist\u00e4 annettu tuomio on Seiskan mukaan lainvoimainen.<\/p>\n<p>Toimitus julkaisee Turusen nimen, koska h\u00e4n on tunnetun suomalaisyhtyeen keulahahmo.<\/p>\n","protected":false},"excerpt":{"rendered":"Turmion K\u00e4til\u00f6iden laulaja Petja Turunen on saanut syytteen t\u00f6rke\u00e4st\u00e4 rattijuopumuksesta. Asiasta uutisoi Seiska. Lehden mukaan syyte on tullut&hellip;\n","protected":false},"author":2,"featured_media":122028,"comment_status":"","ping_status":"","sticky":false,"template":"","format":"standard","meta":{"footnotes":""},"categories":[130],"tags":[137,33,31,30,1132,53,47,141,977,694,3819,32,109],"class_list":{"0":"post-122027","1":"post","2":"type-post","3":"status-publish","4":"format-standard","5":"has-post-thumbnail","7":"category-viihde","8":"tag-entertainment","9":"tag-fi","10":"tag-finland","11":"tag-finnish","12":"tag-kuopio","13":"tag-laki-oikeus-ja-rikos","14":"tag-musiikki","15":"tag-muusikot-bandit","16":"tag-oikeusistuimet","17":"tag-paihteet","18":"tag-siilinjarvi","19":"tag-suomi","20":"tag-viihde"},"share_on_mastodon":{"url":"https:\/\/pubeurope.com\/@fi\/115755925110197701","error":""},"_links":{"self":[{"href":"https:\/\/www.europesays.com\/fi\/wp-json\/wp\/v2\/posts\/122027","targetHints":{"allow":["GET"]}}],"collection":[{"href":"https:\/\/www.europesays.com\/fi\/wp-json\/wp\/v2\/posts"}],"about":[{"href":"https:\/\/www.europesays.com\/fi\/wp-json\/wp\/v2\/types\/post"}],"author":[{"embeddable":true,"href":"https:\/\/www.europesays.com\/fi\/wp-json\/wp\/v2\/users\/2"}],"replies":[{"embeddable":true,"href":"https:\/\/www.europesays.com\/fi\/wp-json\/wp\/v2\/comments?post=122027"}],"version-history":[{"count":0,"href":"https:\/\/www.europesays.com\/fi\/wp-json\/wp\/v2\/posts\/122027\/revisions"}],"wp:featuredmedia":[{"embeddable":true,"href":"https:\/\/www.europesays.com\/fi\/wp-json\/wp\/v2\/media\/122028"}],"wp:attachment":[{"href":"https:\/\/www.europesays.com\/fi\/wp-json\/wp\/v2\/media?parent=122027"}],"wp:term":[{"taxonomy":"category","embeddable":true,"href":"https:\/\/www.europesays.com\/fi\/wp-json\/wp\/v2\/categories?post=122027"},{"taxonomy":"post_tag","embeddable":true,"href":"https:\/\/www.europesays.com\/fi\/wp-json\/wp\/v2\/tags?post=122027"}],"curies":[{"name":"wp","href":"https:\/\/api.w.org\/{rel}","templated":true}]}}