{"id":122029,"date":"2025-12-21T05:33:12","date_gmt":"2025-12-21T05:33:12","guid":{"rendered":"https:\/\/www.europesays.com\/fi\/122029\/"},"modified":"2025-12-21T05:33:12","modified_gmt":"2025-12-21T05:33:12","slug":"paivan-valoisin-uutinen-maanantaista-alkaen-paivat-pitenevat-jalleen-uutisia-lyhyesti","status":"publish","type":"post","link":"https:\/\/www.europesays.com\/fi\/122029\/","title":{"rendered":"P\u00e4iv\u00e4n valoisin uutinen: maanantaista alkaen p\u00e4iv\u00e4t pitenev\u00e4t j\u00e4lleen | Uutisia lyhyesti"},"content":{"rendered":"<p class=\"aw-1gybjub aw-5vja16 kEtdKx kmuxyA yle__article__paragraph\">Sunnuntaina vietet\u00e4\u00e4n talvip\u00e4iv\u00e4nseisausta, jolloin p\u00e4iv\u00e4 on lyhimmill\u00e4\u00e4n.<\/p>\n<p><img decoding=\"async\" alt=\"Kuvassa on y\u00f6aikaan valaistu joki, jonka varrella on valoteoksia. Sillat ja rakennukset n\u00e4kyv\u00e4t taustalla, ja valot heijastuvat veden pinnasta.\" src=\"https:\/\/www.europesays.com\/fi\/wp-content\/uploads\/2025\/12\/39-1569961693ff1cb2f20c.jpeg\" class=\"aw-1l9m598 hKVVvP\"\/><\/p>\n<p>Avaa kuvien katselu<\/p>\n<p>Tampereella valoteokset loistavat pimeydess\u00e4 joulukuussa. Kuva: Jani Aarnio \/ Yle<\/p>\n<p class=\"aw-1gybjub aw-1p7kakr kEtdKx cEmitX yle__article__paragraph\">T\u00e4n\u00e4\u00e4n vietet\u00e4\u00e4n talvip\u00e4iv\u00e4nseisausta. Pohjoisella pallonpuoliskolla aurinko on horisontin yl\u00e4puolella lyhimm\u00e4n aikaa talvip\u00e4iv\u00e4nseisauksessa eli t\u00e4n\u00e4 vuonna sunnuntaina 21. joulukuuta.<\/p>\n<p class=\"aw-1gybjub aw-1p7kakr kEtdKx cEmitX yle__article__paragraph\">Pimeys on nyt pisimmill\u00e4\u00e4n eli p\u00e4iv\u00e4 samaan aikaan lyhimmill\u00e4\u00e4n.<\/p>\n<p class=\"aw-1gybjub aw-1p7kakr kEtdKx cEmitX yle__article__paragraph\">P\u00e4ivien pidentyminen tapahtuu eri paikkakunnilla eri aikoihin. Yle kertoi hiljattain, ett\u00e4<a class=\"aw-iao6s4 iHOxEa yle__article__link\" href=\"https:\/\/yle.fi\/a\/74-20199860\" role=\"link\" rel=\"nofollow noopener\" target=\"_blank\"> iltap\u00e4ivien valoisuus alkaa Etel\u00e4-Suomessa jo jopa talvip\u00e4iv\u00e4nseisausta aikaisemmin<\/a>, ja ett\u00e4 aamut jatkavat pimenemist\u00e4\u00e4n aina joulunpyhien yli uuteenvuoteen saakka.<\/p>\n<p>Valoisa matka kohti kes\u00e4\u00e4 k\u00e4y eri paikoissa eri tahtiin<\/p>\n<p class=\"aw-1gybjub aw-1p7kakr kEtdKx cEmitX yle__article__paragraph\">Eri kaupunkien auringonnousu- ja laskuaikoja voi tarkastella esimerkiksi <a class=\"aw-iao6s4 iHOxEa yle__article__link\" href=\"https:\/\/www.paivyri.fi\/index.php?dt=1766181600&amp;ref=6\" role=\"link\" rel=\"nofollow noopener\" target=\"_blank\">p\u00e4ivyri.fi<\/a>-sivulla.<\/p>\n<p class=\"aw-1gybjub aw-1p7kakr kEtdKx cEmitX yle__article__paragraph\">Parilla vilkaisulla huomaa, etteiv\u00e4t p\u00e4iv\u00e4t pitene kummastakaan p\u00e4\u00e4st\u00e4 aluksi kummoiseenkaan tahtiin. Talvip\u00e4iv\u00e4 nimenmukaisesti liki seisahtuu aloilleen, ja valon m\u00e4\u00e4r\u00e4 lis\u00e4\u00e4ntyy kitsaasti.<\/p>\n<p class=\"aw-1gybjub aw-1p7kakr kEtdKx cEmitX yle__article__paragraph\">Valoisampia aikoja odotellessa voi sivustolla klikkailla itsens\u00e4 esimerkiksi muutaman kuukauden p\u00e4\u00e4ss\u00e4 alkavaan helmikuuhun. Esimerkiksi tamperelaisilla aurinko laskee t\u00e4m\u00e4n hetkisen, noin iltap\u00e4iv\u00e4kolmen sijaan 21. helmikuuta vasta kello 17.26.<\/p>\n<p class=\"aw-1gybjub aw-1p7kakr kEtdKx cEmitX yle__article__paragraph\">Tamperelaisten harmiksi turkulaiset paistattelevat tuolloin alkuillan valossa jo useamman minuutin pidemp\u00e4\u00e4n.<\/p>\n","protected":false},"excerpt":{"rendered":"Sunnuntaina vietet\u00e4\u00e4n talvip\u00e4iv\u00e4nseisausta, jolloin p\u00e4iv\u00e4 on lyhimmill\u00e4\u00e4n. Avaa kuvien katselu Tampereella valoteokset loistavat pimeydess\u00e4 joulukuussa. Kuva: Jani Aarnio&hellip;\n","protected":false},"author":2,"featured_media":122030,"comment_status":"","ping_status":"","sticky":false,"template":"","format":"standard","meta":{"footnotes":""},"categories":[112],"tags":[33,31,30,71,72,118,32,21394,119],"class_list":{"0":"post-122029","1":"post","2":"type-post","3":"status-publish","4":"format-standard","5":"has-post-thumbnail","7":"category-tiede","8":"tag-fi","9":"tag-finland","10":"tag-finnish","11":"tag-kotimaa","12":"tag-luonto","13":"tag-science","14":"tag-suomi","15":"tag-talvipaivanseisaus","16":"tag-tiede"},"share_on_mastodon":{"url":"https:\/\/pubeurope.com\/@fi\/115755929197815408","error":""},"_links":{"self":[{"href":"https:\/\/www.europesays.com\/fi\/wp-json\/wp\/v2\/posts\/122029","targetHints":{"allow":["GET"]}}],"collection":[{"href":"https:\/\/www.europesays.com\/fi\/wp-json\/wp\/v2\/posts"}],"about":[{"href":"https:\/\/www.europesays.com\/fi\/wp-json\/wp\/v2\/types\/post"}],"author":[{"embeddable":true,"href":"https:\/\/www.europesays.com\/fi\/wp-json\/wp\/v2\/users\/2"}],"replies":[{"embeddable":true,"href":"https:\/\/www.europesays.com\/fi\/wp-json\/wp\/v2\/comments?post=122029"}],"version-history":[{"count":0,"href":"https:\/\/www.europesays.com\/fi\/wp-json\/wp\/v2\/posts\/122029\/revisions"}],"wp:featuredmedia":[{"embeddable":true,"href":"https:\/\/www.europesays.com\/fi\/wp-json\/wp\/v2\/media\/122030"}],"wp:attachment":[{"href":"https:\/\/www.europesays.com\/fi\/wp-json\/wp\/v2\/media?parent=122029"}],"wp:term":[{"taxonomy":"category","embeddable":true,"href":"https:\/\/www.europesays.com\/fi\/wp-json\/wp\/v2\/categories?post=122029"},{"taxonomy":"post_tag","embeddable":true,"href":"https:\/\/www.europesays.com\/fi\/wp-json\/wp\/v2\/tags?post=122029"}],"curies":[{"name":"wp","href":"https:\/\/api.w.org\/{rel}","templated":true}]}}