{"id":122033,"date":"2025-12-21T05:36:09","date_gmt":"2025-12-21T05:36:09","guid":{"rendered":"https:\/\/www.europesays.com\/fi\/122033\/"},"modified":"2025-12-21T05:36:09","modified_gmt":"2025-12-21T05:36:09","slug":"yle-toistaa-tanaan-jokavuotisen-perinteen-tasta-on-kyse","status":"publish","type":"post","link":"https:\/\/www.europesays.com\/fi\/122033\/","title":{"rendered":"Yle toistaa t\u00e4n\u00e4\u00e4n jokavuotisen perinteen \u2013 T\u00e4st\u00e4 on kyse"},"content":{"rendered":"<p>Ylell\u00e4 juhlistetaan t\u00e4n\u00e4\u00e4n uusia lyhytelokuvia.<\/p>\n<p><img decoding=\"async\" class=\"image image-show image-preview\" src=\"https:\/\/www.europesays.com\/fi\/wp-content\/uploads\/2025\/12\/3a13e2c11015fbe26a598735e352cb95f3684c03e9f50d5e266c7cf0d05ccb21.jpg\" alt=\"\"\/><img decoding=\"async\" class=\"image image-show\" src=\"https:\/\/www.europesays.com\/fi\/wp-content\/uploads\/2025\/12\/1766295369_715_3a13e2c11015fbe26a598735e352cb95f3684c03e9f50d5e266c7cf0d05ccb21.jpg\" alt=\"\"\/><\/p>\n<p>Armi Toivanen n\u00e4yttelee Is\u00e4n m\u00e4yr\u00e4 -lyhytelokuvassa Maaritia, joka ei halua \u00e4iti\u00e4\u00e4n luokseen Thaimaahan. T\u00e4ytetty m\u00e4yr\u00e4 l\u00e4htee silti mukaan. Yle<\/p>\n<p class=\"paragraph\">S\u00e4\u00e4st\u00f6toimenpiteet ovat vaikuttaneet paljon Ylen toimintaan. Lyhytelokuville omistetusta perinteest\u00e4 Yle pit\u00e4\u00e4 silti kiinni.<\/p>\n<p class=\"paragraph\">Lyhytelokuvap\u00e4iv\u00e4 esittelee t\u00e4n\u00e4\u00e4n katsojille festivaaleilla n\u00e4htyj\u00e4 tai palkittuja ohjauksia. Ajankohta on j\u00e4lleen osuvasti vuoden lyhimp\u00e4n\u00e4 p\u00e4iv\u00e4n\u00e4. T\u00e4n\u00e4\u00e4n on talvip\u00e4iv\u00e4nseisaus. V\u00e4lill\u00e4 teemap\u00e4iv\u00e4 ei ole ollut p\u00e4iv\u00e4 laisinkaan, vaan y\u00f6. Yht\u00e4 kaikki se on silti jo useana vuonna omistettu lyhytelokuville.<\/p>\n<p class=\"paragraph\">T\u00e4ll\u00e4 kertaa n\u00e4it\u00e4 viime ja edellisvuonna valmistuneita lyhytelokuvia on kaikkiaan kahdeksan, joista ensimm\u00e4isen\u00e4 vuoron saa <strong>Sameli Muurim\u00e4en<\/strong> Is\u00e4n m\u00e4yr\u00e4. Is\u00e4 on Mauri M\u00e4yr\u00e4nen, joka on kuollut. <a href=\"https:\/\/www.iltalehti.fi\/henkilot\/Armi Toivanen\" class=\"article-link-person-page\" rel=\"nofollow noopener\" target=\"_blank\">Armi Toivasen<\/a> n\u00e4yttelem\u00e4 aikuinen Maarit-tyt\u00e4r on saapunut Thaimaasta Hyvink\u00e4\u00e4lle hautajaisiin ja nyt on tullut aika palata py\u00f6ritt\u00e4m\u00e4\u00e4n baaria Aasiaan. Juuri ennen l\u00e4ht\u00f6\u00e4 Maarit tapaa paikallisessa kapakassa Reijon (<a href=\"https:\/\/www.iltalehti.fi\/henkilot\/Vesa Vierikko\" class=\"article-link-person-page\" rel=\"nofollow noopener\" target=\"_blank\">Vesa Vierikko<\/a>) kanssa kaljaa kittaavan \u00e4itins\u00e4 (<strong>Tiina Weckstr\u00f6m<\/strong>), jolla on matkassa is\u00e4n huonosti t\u00e4ytt\u00e4m\u00e4 m\u00e4yr\u00e4. H\u00e4nell\u00e4 on my\u00f6s uutinen kerrottavanaan, mik\u00e4 muuttaa \u00e4idin ja tytt\u00e4ren tulevaisuuden.<\/p>\n<p>Merenel\u00e4viss\u00e4 kaupan sulkemisaika l\u00e4hestyy. Animaatio voitti vuoden 2025 parhaan lyhytelokuvan Jussi-palkinnon. Yle<\/p>\n<p class=\"paragraph\">Heti per\u00e4\u00e4n kello 15.10 n\u00e4hd\u00e4\u00e4n supermarketin kalatiskille sijoittuva Merenel\u00e4vi\u00e4 ja sitten kello 15.19 Bright White Light, joka on dokumentaarinen animaatio kuolemanrajakokemuksista. Sen j\u00e4lkeen tulee puhelimeensa koukussa olevasta Barbarasta kertova Motherless child (kello 15.33). Kaanon (kello 15.54) puolestaan on haitilaisen siirtolaisen Jeanin tarina. H\u00e4n her\u00e4tt\u00e4\u00e4 ihailua kaikkialla Chiless\u00e4, onhan h\u00e4nen kehonsa klassisen t\u00e4ydellinen.<\/p>\n<p>N\u00e4kym\u00e4t\u00f6n kertoo 15-vuotiaasta Zaidista eli Zairasta, joka el\u00e4\u00e4 \u00e4itins\u00e4 ja pikkusiskonsa kanssa Kabulin l\u00e4hettyvill\u00e4 Afganistanissa. Yle<\/p>\n<p class=\"paragraph\">N\u00e4kym\u00e4tt\u00f6m\u00e4ss\u00e4 (kello 16.14) tutustutaan Kabulin l\u00e4hell\u00e4 asuvaan teini-ik\u00e4iseen Zaidiin. H\u00e4nen unelmansa yliopisto-opinnoista s\u00e4rkyy, kun \u00e4iti p\u00e4\u00e4tt\u00e4\u00e4, ett\u00e4 poikana esiintyv\u00e4n tytt\u00e4ren on aika menn\u00e4 naimisiin. Zaid eli Zaira on rakastunut naapurin Aminaan, mutta aviopuolisoksi tulee vanhempi mies. Pojan roolin perheess\u00e4 ottaa seuraavaksi pikkusisko Mehran traagisin seurauksin.<\/p>\n<p class=\"paragraph\">Dokumentti Esine 817 (kello 16.35) kuljettaa katsojat vuoteen 1957. Tuolloin Uralilla syrj\u00e4isess\u00e4 kyl\u00e4ss\u00e4 tapahtui Neuvostoliiton ensimm\u00e4inen ydinonnettomuus.<\/p>\n<p>Vastaako kukaan mayday-kutsuun Duty Free -elokuvassa, kun konttimarketti ajelehtii merell\u00e4? Yle<\/p>\n<p class=\"paragraph\">Teemap\u00e4iv\u00e4n p\u00e4\u00e4tt\u00e4\u00e4 kello 16.57 Duty Free. It\u00e4merell\u00e4 kelluu tax free -konttimyym\u00e4l\u00e4, joka on kiinnitetty rantaan. \u00d6isin ty\u00f6ntekij\u00e4t antautuvat tullivapaalle rakkaudelle. Yhten\u00e4 iltana myym\u00e4l\u00e4p\u00e4\u00e4llikk\u00f6 Kaisa irrottaa ketjut.<\/p>\n<p class=\"paragraph\">Lyhytelokuvap\u00e4iv\u00e4 Teemalla &amp; Femill\u00e4 t\u00e4n\u00e4\u00e4n kello 14.50\u201317.14 &amp; Areenassa. <a href=\"https:\/\/www.iltalehti.fi\/telkku\/\" rel=\"nofollow noopener\" target=\"_blank\">Katso kaikki\u00a0TV-ohjelmat ja l\u00e4hetysajat Telkun TV-oppaasta<\/a>.<\/p>\n","protected":false},"excerpt":{"rendered":"Ylell\u00e4 juhlistetaan t\u00e4n\u00e4\u00e4n uusia lyhytelokuvia. Armi Toivanen n\u00e4yttelee Is\u00e4n m\u00e4yr\u00e4 -lyhytelokuvassa Maaritia, joka ei halua \u00e4iti\u00e4\u00e4n luokseen Thaimaahan.&hellip;\n","protected":false},"author":2,"featured_media":122034,"comment_status":"","ping_status":"","sticky":false,"template":"","format":"standard","meta":{"footnotes":""},"categories":[14],"tags":[35,153,22,23,26,27,33,31,30,17,99,24,25,28,29,15,18,21,32,19,20,140,56,16,2569,2568,59,60,61],"class_list":{"0":"post-122033","1":"post","2":"type-post","3":"status-publish","4":"format-standard","5":"has-post-thumbnail","7":"category-ulkomaat","8":"tag-24h","9":"tag-audiovisuaalinen-media","10":"tag-breaking-news","11":"tag-breakingnews","12":"tag-featured-news","13":"tag-featurednews","14":"tag-fi","15":"tag-finland","16":"tag-finnish","17":"tag-headlines","18":"tag-lapset","19":"tag-latest-news","20":"tag-latestnews","21":"tag-main-news","22":"tag-mainnews","23":"tag-news","24":"tag-otsikot","25":"tag-paauutiset","26":"tag-suomi","27":"tag-top-stories","28":"tag-topstories","29":"tag-tv-ja-elokuvat","30":"tag-ulkomaat","31":"tag-uutiset","32":"tag-vesikulkuneuvot","33":"tag-vesiliikenne","34":"tag-world","35":"tag-world-news","36":"tag-worldnews"},"share_on_mastodon":{"url":"https:\/\/pubeurope.com\/@fi\/115755940934691606","error":""},"_links":{"self":[{"href":"https:\/\/www.europesays.com\/fi\/wp-json\/wp\/v2\/posts\/122033","targetHints":{"allow":["GET"]}}],"collection":[{"href":"https:\/\/www.europesays.com\/fi\/wp-json\/wp\/v2\/posts"}],"about":[{"href":"https:\/\/www.europesays.com\/fi\/wp-json\/wp\/v2\/types\/post"}],"author":[{"embeddable":true,"href":"https:\/\/www.europesays.com\/fi\/wp-json\/wp\/v2\/users\/2"}],"replies":[{"embeddable":true,"href":"https:\/\/www.europesays.com\/fi\/wp-json\/wp\/v2\/comments?post=122033"}],"version-history":[{"count":0,"href":"https:\/\/www.europesays.com\/fi\/wp-json\/wp\/v2\/posts\/122033\/revisions"}],"wp:featuredmedia":[{"embeddable":true,"href":"https:\/\/www.europesays.com\/fi\/wp-json\/wp\/v2\/media\/122034"}],"wp:attachment":[{"href":"https:\/\/www.europesays.com\/fi\/wp-json\/wp\/v2\/media?parent=122033"}],"wp:term":[{"taxonomy":"category","embeddable":true,"href":"https:\/\/www.europesays.com\/fi\/wp-json\/wp\/v2\/categories?post=122033"},{"taxonomy":"post_tag","embeddable":true,"href":"https:\/\/www.europesays.com\/fi\/wp-json\/wp\/v2\/tags?post=122033"}],"curies":[{"name":"wp","href":"https:\/\/api.w.org\/{rel}","templated":true}]}}