{"id":122043,"date":"2025-12-21T05:58:08","date_gmt":"2025-12-21T05:58:08","guid":{"rendered":"https:\/\/www.europesays.com\/fi\/122043\/"},"modified":"2025-12-21T05:58:08","modified_gmt":"2025-12-21T05:58:08","slug":"tampere-on-paljosta-velkaa-eila-roineelle","status":"publish","type":"post","link":"https:\/\/www.europesays.com\/fi\/122043\/","title":{"rendered":"Tampere on paljosta velkaa Eila Roineelle"},"content":{"rendered":"<p>Koko kansan rakastama n\u00e4yttelij\u00e4 oli yksi niist\u00e4 taiteilijoista, jotka ovat luoneet pohjaa Tampereen vetovoimaisuudelle.<\/p>\n<p class=\"article-body mb-nof-24 px-nof-16\">Viime viikon alussa menehtynyt <a class=\"article-personlink\" href=\"https:\/\/www.aamulehti.fi\/haku\/?query=Eila%20Roine\" rel=\"nofollow noopener\" target=\"_blank\">Eila Roine<\/a> oli henkil\u00f6, jolle Tampereen kaupungin on syyt\u00e4 olla paljosta kiitollinen. L\u00e4mpim\u00e4ll\u00e4 ja helposti l\u00e4hestytt\u00e4v\u00e4ll\u00e4 olemuksellaan ja lempe\u00e4ll\u00e4 Tampereen murteella Roine teki el\u00e4ess\u00e4\u00e4n Tamperetta tutuksi.<\/p>\n<p class=\"article-body mb-nof-24 px-nof-16\">Muitakin on: poisnukkuneista voi hyv\u00e4ll\u00e4 syyll\u00e4 mainita my\u00f6s esimerkiksi n\u00e4yttelij\u00e4 <a class=\"article-personlink\" href=\"https:\/\/www.aamulehti.fi\/haku\/?query=Tenho%20Saur%C3%A9nin\" rel=\"nofollow noopener\" target=\"_blank\">Tenho Saur\u00e9nin<\/a> ja muusikko, n\u00e4yttelij\u00e4 ja k\u00e4sikirjoittaja <a class=\"article-personlink\" href=\"https:\/\/www.aamulehti.fi\/haku\/?query=Heikki%20Silvennoisen\" rel=\"nofollow noopener\" target=\"_blank\">Heikki Silvennoisen<\/a>, miksei my\u00f6s rock-legenda <a class=\"article-personlink\" href=\"https:\/\/www.aamulehti.fi\/haku\/?query=Juice%20Leskisen\" rel=\"nofollow noopener\" target=\"_blank\">Juice Leskisen<\/a>. Lis\u00e4ksi elossa on useita eri alojen taiteilijoita, joille kuuluu iso kiitos.<\/p>\n<p class=\"article-body mb-nof-24 px-nof-16\">Oma Tampere-kuvani alkoi muodostua lapsuudessa, jolloin emme en\u00e4\u00e4 asuneet Tampereella mutta vierailimme kaupungissa suhteellisen ahkerasti. Olin kova sy\u00f6m\u00e4\u00e4n mustaamakkaraa, eik\u00e4 Tampereelta saanut poistua ennen kuin makkarat oli haettu mukaan.<\/p>\n<p class=\"article-body mb-nof-24 px-nof-16\">Kun kasvoin, mukaan tulivat my\u00f6s retket S\u00e4rk\u00e4nniemeen. Olin hiukan arka lapsi, enk\u00e4 edelleenk\u00e4\u00e4n pid\u00e4 korkeista kieputtimista, mutta S\u00e4rk\u00e4nniemess\u00e4 oli aina hauskaa.<\/p>\n<p class=\"article-body mb-nof-24 px-nof-16\">Eniten mielikuvaani ovat kuitenkin vaikuttaneet erilaiset kulttuurituotteet: Manserock, Pikku Kakkonen, Reinikainen ja Kummeli. Musiikki, teatteri ja televisio.<\/p>\n<p class=\"article-body mb-nof-24 px-nof-16\">N\u00e4m\u00e4 ovat yhteist\u00e4, suomalaista kulttuuriperint\u00f6\u00e4, jonka jakaa iso joukko suomalaisia. Eila Roineen tapauksessa listaa voi jatkaa vaikkapa Heikki ja Kaija -tv-sarjalla, joka py\u00f6ri televisiossa jo ennen syntym\u00e4\u00e4ni.<\/p>\n<p class=\"article-body mb-nof-24 px-nof-16\">N\u00e4iden kautta on Tampereen murteella h\u00f6ystettyn\u00e4 v\u00e4littynyt usealle sukupolvelle kuvaa Tampereesta ja tamperelaisuudesta. Mill\u00e4 muulla kaupungilla on ollut mahdollisuus t\u00e4llaiseen imagoty\u00f6h\u00f6n?<\/p>\n<p class=\"article-body mb-nof-24 px-nof-16\">Joku voi nyt sanoa, ett\u00e4 esimerkiksi Kummelin synnytt\u00e4m\u00e4 imago ei v\u00e4ltt\u00e4m\u00e4tt\u00e4 ole se, mit\u00e4 erityisesti tavoiteltaisiin. Tietty \u201djunttius\u201d ei ole kaukana my\u00f6sk\u00e4\u00e4n tv-sarja Reinikaisen meiningist\u00e4.<\/p>\n<p class=\"article-body mb-nof-24 px-nof-16\">T\u00e4rkeint\u00e4 on kuitenkin se, ett\u00e4 ne ovat saaneet suomalaiset nauramaan. Manserock on saanut meid\u00e4t laulamaan ja tuntemaan lukemattomia tunteita, Pikku Kakkonen Eila-mummeineen taas on tarjonnut turvallista syli\u00e4.<\/p>\n<p class=\"article-body mb-nof-24 px-nof-16\">Tunteet ovat se, mik\u00e4 meid\u00e4t paikkoihin ja toisiin ihmisiin kiinnitt\u00e4\u00e4 \u2013 ei j\u00e4rki.<\/p>\n<p class=\"article-body mb-nof-24 px-nof-16\">Kun Tamperetta on alettu kehitt\u00e4\u00e4 kohti nykyisenkaltaista kasvavaa, vetovoimaista ja monipuolista kaupunkia, on valmiina ollut vahva pohja, jolle rakentaa.<\/p>\n<p class=\"article-body mb-nof-24 px-nof-16\">Vaikka Tampere on kasvanut yl\u00f6sp\u00e4in ja sen asukasm\u00e4\u00e4r\u00e4 on ottanut hurjia harppauksia, on kaupunki onnistunut s\u00e4ilytt\u00e4m\u00e4\u00e4n maanl\u00e4heisen ja v\u00e4litt\u00f6m\u00e4n tunnelmansa. Se vieh\u00e4tt\u00e4\u00e4 ihmisi\u00e4 ja tekee kaupungista helposti l\u00e4hestytt\u00e4v\u00e4n.<\/p>\n<blockquote class=\"p-[var(--citation-padding)] m-[var(--citation-margin)] border-y-[length:var(--citation-border-width)] border-y-[color:var(--citation-border-color)]\">\n<p>\u201dMill\u00e4 muulla kaupungilla on ollut mahdollisuus t\u00e4llaiseen imagoty\u00f6h\u00f6n?\u201d<\/p>\n<\/blockquote>\n<p class=\"article-body mb-nof-24 px-nof-16\">Samalla Eila Roineen ja kumppaneiden vaikutus kaupungin imagoon on hyv\u00e4 osoitus siit\u00e4, miten t\u00e4rke\u00e4\u00e4 kaupungeille on niiden kulttuuritarjonta. T\u00e4ll\u00e4 en tarkoita pelk\u00e4st\u00e4\u00e4n esimerkiksi teattereita ja konserttisaleja vaan sit\u00e4, ett\u00e4 kaupungissa on tiloja ja mahdollisuuksia kulttuurin harrastamiseen ja tekemiseen.<\/p>\n<p class=\"article-body mb-nof-24 px-nof-16\">Sielt\u00e4, b\u00e4ndik\u00e4mpist\u00e4 ja taiteilijoiden ty\u00f6tiloista, lasten ja nuorten taidekerhoista ja vaihtoehtokulttuurien sopista, nousevat ne tekij\u00e4t, jotka voivat rakentaa tunnetason yhteytt\u00e4 ihmisten ja kaupungin v\u00e4lille.<\/p>\n<p class=\"article-body mb-nof-24 px-nof-16\">N\u00e4ist\u00e4 edellytyksist\u00e4 huolehtiminen on kaukaa viisasta kaupungin mainety\u00f6t\u00e4. Sen synnytt\u00e4mi\u00e4 hedelmi\u00e4 ei rahalla voi ostaa.<\/p>\n<p class=\"article-body nof-ui-body-medium mb-nof-24 px-nof-16\">Kirjoittaja on Aamulehden vastaava p\u00e4\u00e4toimittaja.<\/p>\n","protected":false},"excerpt":{"rendered":"Koko kansan rakastama n\u00e4yttelij\u00e4 oli yksi niist\u00e4 taiteilijoista, jotka ovat luoneet pohjaa Tampereen vetovoimaisuudelle. Viime viikon alussa menehtynyt&hellip;\n","protected":false},"author":2,"featured_media":47358,"comment_status":"","ping_status":"","sticky":false,"template":"","format":"standard","meta":{"footnotes":""},"categories":[130],"tags":[157,137,33,31,30,32,109],"class_list":{"0":"post-122043","1":"post","2":"type-post","3":"status-publish","4":"format-standard","5":"has-post-thumbnail","7":"category-viihde","8":"tag-aamulehti","9":"tag-entertainment","10":"tag-fi","11":"tag-finland","12":"tag-finnish","13":"tag-suomi","14":"tag-viihde"},"share_on_mastodon":{"url":"https:\/\/pubeurope.com\/@fi\/115756027394068515","error":""},"_links":{"self":[{"href":"https:\/\/www.europesays.com\/fi\/wp-json\/wp\/v2\/posts\/122043","targetHints":{"allow":["GET"]}}],"collection":[{"href":"https:\/\/www.europesays.com\/fi\/wp-json\/wp\/v2\/posts"}],"about":[{"href":"https:\/\/www.europesays.com\/fi\/wp-json\/wp\/v2\/types\/post"}],"author":[{"embeddable":true,"href":"https:\/\/www.europesays.com\/fi\/wp-json\/wp\/v2\/users\/2"}],"replies":[{"embeddable":true,"href":"https:\/\/www.europesays.com\/fi\/wp-json\/wp\/v2\/comments?post=122043"}],"version-history":[{"count":0,"href":"https:\/\/www.europesays.com\/fi\/wp-json\/wp\/v2\/posts\/122043\/revisions"}],"wp:featuredmedia":[{"embeddable":true,"href":"https:\/\/www.europesays.com\/fi\/wp-json\/wp\/v2\/media\/47358"}],"wp:attachment":[{"href":"https:\/\/www.europesays.com\/fi\/wp-json\/wp\/v2\/media?parent=122043"}],"wp:term":[{"taxonomy":"category","embeddable":true,"href":"https:\/\/www.europesays.com\/fi\/wp-json\/wp\/v2\/categories?post=122043"},{"taxonomy":"post_tag","embeddable":true,"href":"https:\/\/www.europesays.com\/fi\/wp-json\/wp\/v2\/tags?post=122043"}],"curies":[{"name":"wp","href":"https:\/\/api.w.org\/{rel}","templated":true}]}}