{"id":122046,"date":"2025-12-21T06:02:10","date_gmt":"2025-12-21T06:02:10","guid":{"rendered":"https:\/\/www.europesays.com\/fi\/122046\/"},"modified":"2025-12-21T06:02:10","modified_gmt":"2025-12-21T06:02:10","slug":"australiassa-poliisin-ja-tiedustelupalvelun-toiminta-tarkasteluun-bondi-beachin-joukkoampumisen-jalkimainingeissa-uutissuomalainen","status":"publish","type":"post","link":"https:\/\/www.europesays.com\/fi\/122046\/","title":{"rendered":"Australiassa poliisin ja tiedustelupalvelun toiminta tarkasteluun Bondi Beachin joukkoampumisen j\u00e4lkimainingeissa | Uutissuomalainen"},"content":{"rendered":"<p>Australiassa poliisin ja tiedustelupalvelun toimintaa aiotaan tarkastella Bondi Beachin joukkoampumisen j\u00e4lkimainingeissa.<\/p>\n<p>Australian p\u00e4\u00e4ministeri Anthony Albanese kertoi asiasta sunnuntaina. H\u00e4n sanoi lausunnossaan hallituksen aikovan selvitt\u00e4\u00e4, onko poliisilla ja tiedustelupalvelulla &#8221;oikeat valtuudet, rakenteet ja prosessit&#8221; pit\u00e4\u00e4 australialaiset turvassa.<\/p>\n<p>Sydneyss\u00e4 Bondi Beachin uimarannan alueella tapahtuneessa joukkoampumisessa kuoli viikko sitten ainakin 15 ihmist\u00e4. Poliisin mukaan teko kohdistettiin juutalaisyhteis\u00f6\u00e4 vastaan.<\/p>\n<p>Australian yleisradioyhti\u00f6 <a href=\"https:\/\/www.abc.net.au\/news\/2025-12-21\/pm-announces-review-into-intelligence-and-law-enforcement\/106167788\" rel=\"nofollow noopener\" target=\"_blank\">ABC:n<\/a> mukaan Albanese sanoi, ett\u00e4 selvitys valmistuisi huhtikuussa.<\/p>\n<p>\u2013\u2009Isisin inspiroima julmuus viime sunnuntaina vahvistaa nopeasti muuttuvaa turvallisuusymp\u00e4rist\u00f6\u00e4 maassamme. Turvallisuusviranomaistemme on oltava parhaassa mahdollisessa valmiudessa reagoimaan, Albanese sanoi ABC:n mukaan.<\/p>\n<p>Australialaismedian mukaan maan poliisista ja tiedustelupalvelusta vastaava sis\u00e4ministeri Tony Burke on ilmaissut t\u00e4yden luottamuksensa molempien virastojen ty\u00f6h\u00f6n ennen iskua ja sen j\u00e4lkeen.<\/p>\n<p>ABC on <a href=\"https:\/\/www.abc.net.au\/news\/2025-12-15\/bondi-beach-shooting-terrorist-attack\/106142446?utm_campaign=abc_news_web&amp;utm_content=link&amp;utm_medium=content_shared&amp;utm_source=abc_news_web#live-blog-post-246266\" rel=\"nofollow noopener\" target=\"_blank\">aiemmin kertonut<\/a> l\u00e4hteidens\u00e4 pohjalta, ett\u00e4 maan tiedustelupalvelu olisi tutkinut nuoremman ampumisesta ep\u00e4illyn mahdollisia Isis-kytk\u00f6ksi\u00e4 kuusi vuotta sitten.<\/p>\n<p>\t\t\t\t&#8221;Aika pysy\u00e4 yhten\u00e4isen\u00e4&#8221;<\/p>\n<p>Australiassa j\u00e4rjestet\u00e4\u00e4n sunnuntaina hiljainen hetki terroriteon uhrien muistamiseksi. P\u00e4\u00e4ministeri Albanese on <a href=\"https:\/\/x.com\/AlboMP\/status\/2002548689915809872\" rel=\"nofollow\">kehottanut<\/a> ihmisi\u00e4 sytytt\u00e4m\u00e4\u00e4n kynttil\u00e4n uhrien muistolle sunnuntai-iltana tasan viikko ampumisen j\u00e4lkeen. Lis\u00e4ksi Bondi Beachilla j\u00e4rjestet\u00e4\u00e4n sunnuntaina muistotilaisuus, johon Albanese osallistuu.<\/p>\n<p>Albanese on varoittanut terrori-iskun j\u00e4lkeen j\u00e4rjestetyist\u00e4 mielenosoituksista. Niill\u00e4 pyrit\u00e4\u00e4n h\u00e4nen mukaansa kylv\u00e4m\u00e4\u00e4n eripuraa. H\u00e4nen mukaansa mielenosoituksia ei tulisi j\u00e4rjest\u00e4\u00e4 eik\u00e4 ihmisten tulisi osallistua niihin.<\/p>\n<p>\u2013\u2009Terroristit ovat pyrkineet jakamaan t\u00e4t\u00e4 maata, mutta nyt on aika pysy\u00e4 yhten\u00e4isen\u00e4 \u2013 erityisesti t\u00e4n\u00e4 kansallisena muistop\u00e4iv\u00e4n\u00e4, h\u00e4n kirjoitti <a href=\"https:\/\/x.com\/AlboMP\/status\/2002559690774098147\" rel=\"nofollow\">viestipalvelu X:ss\u00e4<\/a>.<\/p>\n<p>\t\t\t\tYksi maan tuhoisimpia<\/p>\n<p>Bondi Beachin joukkoampumisesta ep\u00e4ill\u00e4\u00e4n is\u00e4\u00e4 ja poikaa. 50-vuotias ep\u00e4ilty kuoli paikan p\u00e4\u00e4ll\u00e4 poliisin luoteihin, ja 24-vuotias ep\u00e4ilty vietiin kriittisess\u00e4 tilassa sairaalaan. Ampujia motivoi tiett\u00e4v\u00e4sti \u00e4\u00e4ri-islamistinen Isis-ideologia.<\/p>\n<p>Poikaa vastaan nostettiin keskiviikkona syytteet muun muassa 15 murhasta ja terrorismirikoksesta.<\/p>\n<p>Sunnuntain joukkoampuminen on yksi Australian historian tuhoisimpia.<\/p>\n<p>Vuonna 1996 mies surmasi 35 ihmist\u00e4 Port Arthurissa Tasmanian osavaltiossa. Sen j\u00e4lkeen Australiassa tiukennettiin aselakeja. Viime vuosina Australiassa on kuitenkin raportoitu, ett\u00e4 yksityisomisteisia aseita on yh\u00e4 enemm\u00e4n.<\/p>\n","protected":false},"excerpt":{"rendered":"Australiassa poliisin ja tiedustelupalvelun toimintaa aiotaan tarkastella Bondi Beachin joukkoampumisen j\u00e4lkimainingeissa. Australian p\u00e4\u00e4ministeri Anthony Albanese kertoi asiasta sunnuntaina.&hellip;\n","protected":false},"author":2,"featured_media":122047,"comment_status":"","ping_status":"","sticky":false,"template":"","format":"standard","meta":{"footnotes":""},"categories":[14],"tags":[3751,22,23,26,27,33,31,30,17,55,24,25,28,29,15,18,21,122,54,52,32,679,19,20,56,16,37,59,60,61],"class_list":{"0":"post-122046","1":"post","2":"type-post","3":"status-publish","4":"format-standard","5":"has-post-thumbnail","7":"category-ulkomaat","8":"tag-australia","9":"tag-breaking-news","10":"tag-breakingnews","11":"tag-featured-news","12":"tag-featurednews","13":"tag-fi","14":"tag-finland","15":"tag-finnish","16":"tag-headlines","17":"tag-lainvalvonta","18":"tag-latest-news","19":"tag-latestnews","20":"tag-main-news","21":"tag-mainnews","22":"tag-news","23":"tag-otsikot","24":"tag-paauutiset","25":"tag-pelastaminen","26":"tag-pelastuspalvelut","27":"tag-poliisi","28":"tag-suomi","29":"tag-terveydenhuollon-toimintalaitokset","30":"tag-top-stories","31":"tag-topstories","32":"tag-ulkomaat","33":"tag-uutiset","34":"tag-vakivaltarikokset","35":"tag-world","36":"tag-world-news","37":"tag-worldnews"},"share_on_mastodon":{"url":"","error":"Validation failed: Text character limit of 500 exceeded"},"_links":{"self":[{"href":"https:\/\/www.europesays.com\/fi\/wp-json\/wp\/v2\/posts\/122046","targetHints":{"allow":["GET"]}}],"collection":[{"href":"https:\/\/www.europesays.com\/fi\/wp-json\/wp\/v2\/posts"}],"about":[{"href":"https:\/\/www.europesays.com\/fi\/wp-json\/wp\/v2\/types\/post"}],"author":[{"embeddable":true,"href":"https:\/\/www.europesays.com\/fi\/wp-json\/wp\/v2\/users\/2"}],"replies":[{"embeddable":true,"href":"https:\/\/www.europesays.com\/fi\/wp-json\/wp\/v2\/comments?post=122046"}],"version-history":[{"count":0,"href":"https:\/\/www.europesays.com\/fi\/wp-json\/wp\/v2\/posts\/122046\/revisions"}],"wp:featuredmedia":[{"embeddable":true,"href":"https:\/\/www.europesays.com\/fi\/wp-json\/wp\/v2\/media\/122047"}],"wp:attachment":[{"href":"https:\/\/www.europesays.com\/fi\/wp-json\/wp\/v2\/media?parent=122046"}],"wp:term":[{"taxonomy":"category","embeddable":true,"href":"https:\/\/www.europesays.com\/fi\/wp-json\/wp\/v2\/categories?post=122046"},{"taxonomy":"post_tag","embeddable":true,"href":"https:\/\/www.europesays.com\/fi\/wp-json\/wp\/v2\/tags?post=122046"}],"curies":[{"name":"wp","href":"https:\/\/api.w.org\/{rel}","templated":true}]}}