{"id":122050,"date":"2025-12-21T06:04:09","date_gmt":"2025-12-21T06:04:09","guid":{"rendered":"https:\/\/www.europesays.com\/fi\/122050\/"},"modified":"2025-12-21T06:04:09","modified_gmt":"2025-12-21T06:04:09","slug":"bill-clinton-sekoitti-mervi-kallion-pasmat","status":"publish","type":"post","link":"https:\/\/www.europesays.com\/fi\/122050\/","title":{"rendered":"Bill Clinton sekoitti Mervi Kallion pasmat"},"content":{"rendered":"<p>Kohtaamiset maailmant\u00e4htien kanssa ovat j\u00e4\u00e4neet paljon matkustavalle Mervi Kalliolle mieleen.<\/p>\n<p class=\"article-body mb-nof-24 px-nof-16\">Formulatoimittaja <a class=\"article-personlink\" href=\"https:\/\/www.is.fi\/haku\/?query=Mervi%20Kallio\" rel=\"nofollow noopener\" target=\"_blank\">Mervi Kallio<\/a> on t\u00f6rm\u00e4nnyt varikolla moniin julkisuuden henkil\u00f6ihin eri el\u00e4m\u00e4n sektoreilta. Yhdysvaltojen entisen presidentin <a class=\"article-personlink\" href=\"https:\/\/www.is.fi\/haku\/?query=Bill%20Clintonin\" rel=\"nofollow noopener\" target=\"_blank\">Bill Clintonin <\/a>kohtaaminen formulavarikoilla on j\u00e4\u00e4nyt Kallion mieleen.<\/p>\n<p class=\"article-body mb-nof-24 px-nof-16\">\u2013 Oli sellainen tilanne, ett\u00e4 presidentin turvamiehet n\u00e4yttiv\u00e4t, ett\u00e4 ei saa tulla, Kallio kertoo.<\/p>\n<p class=\"article-body mb-nof-24 px-nof-16\">Sinnikk\u00e4\u00e4n\u00e4 toimittajana Kallio p\u00e4\u00e4tti j\u00e4\u00e4d\u00e4 odottamaan, jos presidentti huomasi heid\u00e4t. H\u00e4n oli miettinyt tarkkaan, mit\u00e4 kysyy.<\/p>\n<p class=\"article-body mb-nof-24 px-nof-16\">\u2013 Yht\u00e4kki\u00e4 presidentti k\u00e4\u00e4ntyi puoleeni ja kysyi, \u201dhi, how are you doing?\u201d (Hei, mit\u00e4 sinulle kuuluu).<\/p>\n<p class=\"article-body mb-nof-24 px-nof-16\">\u2013 Minulla meni pasmat sekaisin. H\u00e4kellyin hetkeksi, kun h\u00e4n oli niin rento.<\/p>\n<p class=\"article-body mb-nof-24 px-nof-16\">Haastattelu saatiin kuitenkin tehty\u00e4.<\/p>\n<p><img decoding=\"async\" src=\"https:\/\/www.europesays.com\/fi\/wp-content\/uploads\/2025\/12\/1766297048_143_468.jpg\" alt=\"Yhdysvaltain entinen presidentti BIll Clinton ojensi voittopokaalin Yhdysvaltain Grand Prix\u2019n voittajalle Lewis Hamiltonille Austinissa, Texasissa lokakuussa 2017. Kimi R\u00e4ikk\u00f6nen ajoi kisassa kolmanneksi.\" class=\"_Img_1rerz_1\" style=\"aspect-ratio:1.5035238841033673\" loading=\"eager\"\/><\/p>\n<p class=\"article-picture-caption\">Yhdysvaltain entinen presidentti BIll Clinton ojensi voittopokaalin Yhdysvaltain Grand Prix\u2019n voittajalle Lewis Hamiltonille Austinissa, Texasissa lokakuussa 2017. Kimi R\u00e4ikk\u00f6nen ajoi kisassa kolmanneksi. Kuva:\u00a0Hoch Zwei \/ Zuma \/ MVPhotos<\/p>\n<p><img decoding=\"async\" src=\"https:\/\/www.europesays.com\/fi\/wp-content\/uploads\/2025\/12\/1766297049_482_468.jpg\" alt=\"Bill Clinton Yhdysvaltain Grand Prix\u2019n varikolla Austinissa, Texasissa lokakuussa 2017.\" class=\"_Img_1rerz_1\" style=\"aspect-ratio:1.3983976693372178\" loading=\"eager\"\/><\/p>\n<p class=\"article-picture-caption\">Bill Clinton Yhdysvaltain Grand Prix\u2019n varikolla Austinissa, Texasissa lokakuussa 2017. Kuva:\u00a0Hoch Zwei \/ Zuma \/ MVPhotos<\/p>\n<p class=\"article-body mb-nof-24 px-nof-16\">Tennispelaaja <a class=\"article-personlink\" href=\"https:\/\/www.is.fi\/haku\/?query=Roger%20Federer\" rel=\"nofollow noopener\" target=\"_blank\">Roger Federer <\/a>on Kallion mielest\u00e4 todella karismaattinen. H\u00e4nkin on tullut vastaan formulavarikolla.<\/p>\n<p class=\"article-body mb-nof-24 px-nof-16\">Samoin mieleen j\u00e4i kohtaaminen laulajat\u00e4hti<a class=\"article-personlink\" href=\"https:\/\/www.is.fi\/haku\/?query=%20Mariah%20Careyn\" rel=\"nofollow noopener\" target=\"_blank\"> Mariah Careyn<\/a> kanssa.<\/p>\n<p class=\"article-body mb-nof-24 px-nof-16\">\u2013 Mariah Carey on ollut yksi diivoista. H\u00e4nell\u00e4 oli avustaja, joka piti p\u00e4iv\u00e4nvarjoa, ettei tule liikaa aurinkoa ja toinen henkil\u00f6, joka huolehti, ettei kukaan tule kysym\u00e4\u00e4n mit\u00e4\u00e4n.<\/p>\n<p class=\"article-body mb-nof-24 px-nof-16\">El\u00e4m\u00e4 nopeiden autojen parissa ei ole vaikuttanut Kallion omaan kaasujalkaan, mutta yhdet ylinopeussakot h\u00e4n my\u00f6nt\u00e4\u00e4 saaneensa.<\/p>\n<p class=\"article-body mb-nof-24 px-nof-16\">\u2013 Sain tonnin sakot pari vuotta sitten, kun puhuin \u00e4idin kanssa puhelimessa enk\u00e4 huomannut, ett\u00e4 oli 60:n rajoitus ja ajoin 80:\u00e4. Nyky\u00e4\u00e4n laitan vakionopeudens\u00e4\u00e4timen, h\u00e4n kertoo.<\/p>\n<p class=\"article-body nof-ui-body-medium mb-nof-24 px-nof-16\">Kuvauspaikka: NH Collection Grand Hansa. Hiukset, meikki ja tyyli: Ida Jokikunnas. Mekko Ted Baker. Toppi Lindex, Hame H &amp; M. Korut Glitter<\/p>\n","protected":false},"excerpt":{"rendered":"Kohtaamiset maailmant\u00e4htien kanssa ovat j\u00e4\u00e4neet paljon matkustavalle Mervi Kalliolle mieleen. Formulatoimittaja Mervi Kallio on t\u00f6rm\u00e4nnyt varikolla moniin julkisuuden&hellip;\n","protected":false},"author":2,"featured_media":122051,"comment_status":"","ping_status":"","sticky":false,"template":"","format":"standard","meta":{"footnotes":""},"categories":[5],"tags":[22,23,26,27,33,31,30,17,34,24,25,28,29,15,18,21,32,19,20,16],"class_list":{"0":"post-122050","1":"post","2":"type-post","3":"status-publish","4":"format-standard","5":"has-post-thumbnail","7":"category-otsikot","8":"tag-breaking-news","9":"tag-breakingnews","10":"tag-featured-news","11":"tag-featurednews","12":"tag-fi","13":"tag-finland","14":"tag-finnish","15":"tag-headlines","16":"tag-ilta-sanomat","17":"tag-latest-news","18":"tag-latestnews","19":"tag-main-news","20":"tag-mainnews","21":"tag-news","22":"tag-otsikot","23":"tag-paauutiset","24":"tag-suomi","25":"tag-top-stories","26":"tag-topstories","27":"tag-uutiset"},"share_on_mastodon":{"url":"https:\/\/pubeurope.com\/@fi\/115756051041106410","error":""},"_links":{"self":[{"href":"https:\/\/www.europesays.com\/fi\/wp-json\/wp\/v2\/posts\/122050","targetHints":{"allow":["GET"]}}],"collection":[{"href":"https:\/\/www.europesays.com\/fi\/wp-json\/wp\/v2\/posts"}],"about":[{"href":"https:\/\/www.europesays.com\/fi\/wp-json\/wp\/v2\/types\/post"}],"author":[{"embeddable":true,"href":"https:\/\/www.europesays.com\/fi\/wp-json\/wp\/v2\/users\/2"}],"replies":[{"embeddable":true,"href":"https:\/\/www.europesays.com\/fi\/wp-json\/wp\/v2\/comments?post=122050"}],"version-history":[{"count":0,"href":"https:\/\/www.europesays.com\/fi\/wp-json\/wp\/v2\/posts\/122050\/revisions"}],"wp:featuredmedia":[{"embeddable":true,"href":"https:\/\/www.europesays.com\/fi\/wp-json\/wp\/v2\/media\/122051"}],"wp:attachment":[{"href":"https:\/\/www.europesays.com\/fi\/wp-json\/wp\/v2\/media?parent=122050"}],"wp:term":[{"taxonomy":"category","embeddable":true,"href":"https:\/\/www.europesays.com\/fi\/wp-json\/wp\/v2\/categories?post=122050"},{"taxonomy":"post_tag","embeddable":true,"href":"https:\/\/www.europesays.com\/fi\/wp-json\/wp\/v2\/tags?post=122050"}],"curies":[{"name":"wp","href":"https:\/\/api.w.org\/{rel}","templated":true}]}}