{"id":122052,"date":"2025-12-21T06:16:18","date_gmt":"2025-12-21T06:16:18","guid":{"rendered":"https:\/\/www.europesays.com\/fi\/122052\/"},"modified":"2025-12-21T06:16:18","modified_gmt":"2025-12-21T06:16:18","slug":"valikohtaus-finnairin-lennolla-erikoisjoukot-kouluttaja-jan-knutti-paikalla","status":"publish","type":"post","link":"https:\/\/www.europesays.com\/fi\/122052\/","title":{"rendered":"V\u00e4likohtaus Finnairin lennolla \u2013 Erikoisjoukot-kouluttaja Jan Knutti paikalla"},"content":{"rendered":"<p>\n            Jan Knutti ja kuvituskuva Finnairin lentokoneesta.<br \/>\n            Atte Kajova, Adobe Stock\n        <\/p>\n<p class=\"subtitle \">Finnairin lennolla tapahtui sairauskohtaus. Samalla lennolla oli my\u00f6s Erikoisjoukot-Jan Knutti, joka auttoi matkustajaa.<\/p>\n<p class=\"article-content article-content-width !bg-background\">Erikoisjoukot-ohjelmasta tuttu kouluttaja   lensi t\u00e4n\u00e4\u00e4n Brysselist\u00e4 Helsinkiin.<\/p>\n<p class=\"font-weight-bold m-font-weight-bold article-content article-content-width !bg-background\">Arkistovideo: Jan Knutti ja tv-kaunotar lentoasemalla<\/p>\n<p class=\"article-content article-content-width !bg-background\">Janin perhe asuu Belgiassa. H\u00e4n matkustaa usein Suomeen tai muualle ymp\u00e4ri maailmaa esimerkiksi ty\u00f6kuvioidensa takia.\u00a0<\/p>\n<p>        <a itemprop=\"url\" href=\"https:\/\/www.seiska.fi\/kotimaa\/tv-kaunottaren-kanssa-viihtyva-erikoisjoukot-tahti-jan-knutti-yllattavassa-yhteiskuvassa-vaimonsa-kanssa\/1979790\" rel=\"nofollow noopener\" target=\"_blank\"><\/p>\n<p>\nViihtyy kaunottaren kanssa\n<\/p>\n<p class=\"section-date\">\n        <strong class=\"article-section\" data-section=\"kotimaa\"><br \/>\n            kotimaa<br \/>\n        <\/strong><br \/>\n        31.10. 14:26\n    <\/p>\n<p>Tv-kaunottaren kanssa viihtyv\u00e4 Erikoisjoukot-t\u00e4hti Jan Knutti yll\u00e4tt\u00e4v\u00e4ss\u00e4 yhteiskuvassa vaimonsa kanssa\n    <\/p>\n<p itemprop=\"description\" class=\"subtitle \">\n    Erikoisjoukot-kouluttajien suhdekoukerot ovat her\u00e4tt\u00e4neet h\u00e4mmennyst\u00e4 kuluvana syksyn\u00e4.\n<\/p>\n<p>        <\/a><\/p>\n<p class=\"article-content article-content-width !bg-background\">Jan tunnetaan merkitt\u00e4v\u00e4n sotilasuransa lis\u00e4ksi my\u00f6s tosi-tv-t\u00e4hten\u00e4 sek\u00e4 yritt\u00e4j\u00e4n\u00e4.<\/p>\n<p>Sairauskohtaus Finnairin lennolla \u2013 Jan riensi auttamaan<\/p>\n<p class=\"article-content article-content-width !bg-background\">Seiskan tietojen mukaan Finnairin tiistaisella aamulennolla Brysselist\u00e4 Helsinkiin tapahtui ik\u00e4v\u00e4 tilanne, kun yksi matkustajista sai sairauskohtauksen. Jan sek\u00e4 er\u00e4s lennolla ollut l\u00e4\u00e4k\u00e4ri auttoivat sairauskohtauksen saanutta henkil\u00f6\u00e4.<\/p>\n<p class=\"article-content article-content-width !bg-background\">Finnairin viestinn\u00e4st\u00e4 vahvistetaan Seiskalle, ett\u00e4 kyseisell\u00e4 lennolla oli sattunut sairauskohtaus.\u00a0<\/p>\n<p class=\"article-content article-content-width !bg-background\">Koska on kyse asiakkaaseen liittyv\u00e4st\u00e4 asiasta, viestinn\u00e4st\u00e4 kommentoidaan sairauskohtaukseen liittyvi\u00e4 tapahtumia muutoin ainoastaan yleisell\u00e4 tasolla.<\/p>\n<p class=\"article-content article-content-width !bg-background\">\u2013 Henkil\u00f6kuntaamme on koulutettu toimimaan vastaavissa tilanteissa. Tarvittaessa voidaan kuuluttaa matkustajien joukosta esimerkiksi l\u00e4\u00e4k\u00e4reit\u00e4 tai sairaanhoitajia, jos tarvetta on,\u00a0Finnairin viestinn\u00e4st\u00e4 kerrotaan.<\/p>\n<p class=\"article-content article-content-width !bg-background\">Lento saapui Helsinki-Vantaan lentoasemalle etuajassa. Finnairin viestinn\u00e4n mukaan ambulanssi ei ollut matkustajaa vastassa.<\/p>\n<p>Erikoisjoukot-kouluttaja: &#8221;Kaikki meni hyvin&#8221;<\/p>\n<p class=\"article-content article-content-width !bg-background\">Seiska tavoitti my\u00f6s Janin kommentoimaan aihetta.<\/p>\n<p class=\"article-content article-content-width !bg-background\">\u2013 Kyll\u00e4 pit\u00e4\u00e4 paikkansa, olin siin\u00e4 mukana auttamassa yhden toisen matkustajan kanssa, joka on l\u00e4\u00e4k\u00e4ri. Siin\u00e4 tehtiin triage-arvio, eli arvioitiin potilaan tilanne ja kerrottiin henkil\u00f6kunnalle, ett\u00e4 voimme lent\u00e4\u00e4 Helsinki-Vantaalle. V\u00e4lilaskua ei tarvinnut tehd\u00e4.<\/p>\n<p class=\"article-content article-content-width !bg-background\">Janilla on erikoisjoukkojen l\u00e4\u00e4kint\u00e4miehen koulutus, joten h\u00e4nell\u00e4 on valmiudet toimia my\u00f6s eritt\u00e4in haastavissa tilanteissa. Lis\u00e4ksi Jan on k\u00e4ynyt Pelastusopistolla suorittamassa perustason ensihoidon tentin, joten h\u00e4n on my\u00f6s kouluttautunut perustason ensihoitajaksi.<\/p>\n<p>        <a itemprop=\"url\" href=\"https:\/\/www.seiska.fi\/katso\/mita-erikoisjoukot-kouluttajat-syovat-kuvauksissa-nain-tuotanto-vastaa\/2003400\" rel=\"nofollow noopener\" target=\"_blank\"><\/p>\n<p>\nTuotanto paljastaa\n<\/p>\n<p class=\"section-date\">\n        <strong class=\"article-section\" data-section=\"katso\"><br \/>\n            katso<br \/>\n        <\/strong><br \/>\n        27.11. 08:45\n    <\/p>\n<p>Mit\u00e4 Erikoisjoukot-kouluttajat sy\u00f6v\u00e4t kuvauksissa? N\u00e4in tuotanto vastaa\n    <\/p>\n<p itemprop=\"description\" class=\"subtitle \">\n    Tuotanto paljastaa, ett\u00e4 Erikoisjoukot-kouluttajilla on mahdollisuus anoa &#8221;poistumislupa&#8221;.\n<\/p>\n<p>        <\/a><\/p>\n<p class=\"article-content article-content-width !bg-background\">Janin mukaan tilanne Finnairin lennolla kesti reilu puoli tuntia.\u00a0<\/p>\n<p class=\"article-content article-content-width !bg-background\">\u2013 Kaikki meni hyvin. Totta kai tuollaisissa tilanteissa pit\u00e4\u00e4 auttaa. Jokainen tekee sen, mink\u00e4 pystyy.<\/p>\n<p class=\"article-content article-content-width !bg-background\">Janin mukaan h\u00e4n on tullut Suomeen hoitamaan ty\u00f6asioita. Miehen mukaan loppuvuosi sujuu rauhallisissa merkeiss\u00e4.<\/p>\n<p>                <img decoding=\"async\" src=\"https:\/\/www.europesays.com\/fi\/wp-content\/uploads\/2025\/12\/1979931.webp\" width=\"576\" height=\"720\" alt=\"Ammattisotilasuransa j\u00e4lkeen Jan ryhtyi henkivartijaksi. Nyky\u00e4\u00e4n h\u00e4n luo uraa Erikoisjoukot-ohjelman parissa sek\u00e4 ty\u00f6skentelee yritt\u00e4j\u00e4n\u00e4.\" loading=\"lazy\" \/>            <\/p>\n<p>\n            Ammattisotilasuransa j\u00e4lkeen Jan ryhtyi henkivartijaksi. Nyky\u00e4\u00e4n h\u00e4n luo uraa Erikoisjoukot-ohjelman parissa sek\u00e4 ty\u00f6skentelee yritt\u00e4j\u00e4n\u00e4.<br \/>\n            ATTE KAJOVA\n        <\/p>\n","protected":false},"excerpt":{"rendered":"Jan Knutti ja kuvituskuva Finnairin lentokoneesta. Atte Kajova, Adobe Stock Finnairin lennolla tapahtui sairauskohtaus. Samalla lennolla oli my\u00f6s&hellip;\n","protected":false},"author":2,"featured_media":122053,"comment_status":"","ping_status":"","sticky":false,"template":"","format":"standard","meta":{"footnotes":""},"categories":[136],"tags":[407,137,2159,33,31,1548,30,2160,408,4178,21821,8983,32,167,109],"class_list":{"0":"post-122052","1":"post","2":"type-post","3":"status-publish","4":"format-standard","5":"has-post-thumbnail","7":"category-julkkikset","8":"tag-celebrities","9":"tag-entertainment","10":"tag-erikoisjoukot","11":"tag-fi","12":"tag-finland","13":"tag-finnair","14":"tag-finnish","15":"tag-jan-knutti","16":"tag-julkkikset","17":"tag-laakari","18":"tag-lento","19":"tag-lentokone","20":"tag-suomi","21":"tag-terveys","22":"tag-viihde"},"share_on_mastodon":{"url":"https:\/\/pubeurope.com\/@fi\/115756098271217768","error":""},"_links":{"self":[{"href":"https:\/\/www.europesays.com\/fi\/wp-json\/wp\/v2\/posts\/122052","targetHints":{"allow":["GET"]}}],"collection":[{"href":"https:\/\/www.europesays.com\/fi\/wp-json\/wp\/v2\/posts"}],"about":[{"href":"https:\/\/www.europesays.com\/fi\/wp-json\/wp\/v2\/types\/post"}],"author":[{"embeddable":true,"href":"https:\/\/www.europesays.com\/fi\/wp-json\/wp\/v2\/users\/2"}],"replies":[{"embeddable":true,"href":"https:\/\/www.europesays.com\/fi\/wp-json\/wp\/v2\/comments?post=122052"}],"version-history":[{"count":0,"href":"https:\/\/www.europesays.com\/fi\/wp-json\/wp\/v2\/posts\/122052\/revisions"}],"wp:featuredmedia":[{"embeddable":true,"href":"https:\/\/www.europesays.com\/fi\/wp-json\/wp\/v2\/media\/122053"}],"wp:attachment":[{"href":"https:\/\/www.europesays.com\/fi\/wp-json\/wp\/v2\/media?parent=122052"}],"wp:term":[{"taxonomy":"category","embeddable":true,"href":"https:\/\/www.europesays.com\/fi\/wp-json\/wp\/v2\/categories?post=122052"},{"taxonomy":"post_tag","embeddable":true,"href":"https:\/\/www.europesays.com\/fi\/wp-json\/wp\/v2\/tags?post=122052"}],"curies":[{"name":"wp","href":"https:\/\/api.w.org\/{rel}","templated":true}]}}