{"id":122056,"date":"2025-12-21T06:24:09","date_gmt":"2025-12-21T06:24:09","guid":{"rendered":"https:\/\/www.europesays.com\/fi\/122056\/"},"modified":"2025-12-21T06:24:09","modified_gmt":"2025-12-21T06:24:09","slug":"vuoden-haayritykseksi-kolme-ehdokasta-sastamalasta-aanestys-kaynnissa-alueviesti","status":"publish","type":"post","link":"https:\/\/www.europesays.com\/fi\/122056\/","title":{"rendered":"Vuoden h\u00e4\u00e4yritykseksi kolme ehdokasta Sastamalasta, \u00e4\u00e4nestys k\u00e4ynniss\u00e4 &#8211; Alueviesti"},"content":{"rendered":"<p>&#13;<br \/>\n<b>Kustannusliike Aluelehdet Oy<\/b> on vuonna 1981 perustettu perheyritys.&#13;\n<\/p>\n<p>&#13;<br \/>\n<b>Viiden kunnan alueella ilmestyv\u00e4<\/b> Alueviesti on vakiinnuttanut vahvan aseman <b>alueellisena tiedotusv\u00e4lineen\u00e4<\/b>. Alueviesti jaetaan keskiviikkoisin <b>Sastamalassa<\/b>, <b>Huittisissa<\/b>, <b>Punkalaitumella<\/b>, <b>S\u00e4kyl\u00e4ss\u00e4<\/b> ja <b>Kokem\u00e4ell\u00e4<\/b>. J\u00e4ttijako joka viikko, &#13;<br \/>\npainos <b>33 000<\/b>, tavoittaa my\u00f6s ne taloudet, johon ei tule tilattavaa lehte\u00e4.&#13;\n<\/p>\n<p style=\"text-align:center;\">&#13;<br \/>\n<img decoding=\"async\" src=\"https:\/\/www.europesays.com\/fi\/wp-content\/uploads\/2025\/08\/jsn_sll.png\" alt=\"Julkisen Sanan Neuvosto\"\/>&#13;\n<\/p>\n<p>Uutismedian Liiton j\u00e4sen. Noudatamme JSN:n ohjeita.<\/p>\n","protected":false},"excerpt":{"rendered":"&#13; Kustannusliike Aluelehdet Oy on vuonna 1981 perustettu perheyritys.&#13; &#13; Viiden kunnan alueella ilmestyv\u00e4 Alueviesti on vakiinnuttanut vahvan&hellip;\n","protected":false},"author":2,"featured_media":122057,"comment_status":"","ping_status":"","sticky":false,"template":"","format":"standard","meta":{"footnotes":""},"categories":[130],"tags":[137,33,31,30,32,109],"class_list":{"0":"post-122056","1":"post","2":"type-post","3":"status-publish","4":"format-standard","5":"has-post-thumbnail","7":"category-viihde","8":"tag-entertainment","9":"tag-fi","10":"tag-finland","11":"tag-finnish","12":"tag-suomi","13":"tag-viihde"},"share_on_mastodon":{"url":"https:\/\/pubeurope.com\/@fi\/115756129590444715","error":""},"_links":{"self":[{"href":"https:\/\/www.europesays.com\/fi\/wp-json\/wp\/v2\/posts\/122056","targetHints":{"allow":["GET"]}}],"collection":[{"href":"https:\/\/www.europesays.com\/fi\/wp-json\/wp\/v2\/posts"}],"about":[{"href":"https:\/\/www.europesays.com\/fi\/wp-json\/wp\/v2\/types\/post"}],"author":[{"embeddable":true,"href":"https:\/\/www.europesays.com\/fi\/wp-json\/wp\/v2\/users\/2"}],"replies":[{"embeddable":true,"href":"https:\/\/www.europesays.com\/fi\/wp-json\/wp\/v2\/comments?post=122056"}],"version-history":[{"count":0,"href":"https:\/\/www.europesays.com\/fi\/wp-json\/wp\/v2\/posts\/122056\/revisions"}],"wp:featuredmedia":[{"embeddable":true,"href":"https:\/\/www.europesays.com\/fi\/wp-json\/wp\/v2\/media\/122057"}],"wp:attachment":[{"href":"https:\/\/www.europesays.com\/fi\/wp-json\/wp\/v2\/media?parent=122056"}],"wp:term":[{"taxonomy":"category","embeddable":true,"href":"https:\/\/www.europesays.com\/fi\/wp-json\/wp\/v2\/categories?post=122056"},{"taxonomy":"post_tag","embeddable":true,"href":"https:\/\/www.europesays.com\/fi\/wp-json\/wp\/v2\/tags?post=122056"}],"curies":[{"name":"wp","href":"https:\/\/api.w.org\/{rel}","templated":true}]}}