{"id":122060,"date":"2025-12-21T06:28:09","date_gmt":"2025-12-21T06:28:09","guid":{"rendered":"https:\/\/www.europesays.com\/fi\/122060\/"},"modified":"2025-12-21T06:28:09","modified_gmt":"2025-12-21T06:28:09","slug":"putinin-maine-romahti-onko-nousulle-enaa-mahdollisuuksia","status":"publish","type":"post","link":"https:\/\/www.europesays.com\/fi\/122060\/","title":{"rendered":"Putinin maine romahti \u2013 Onko nousulle en\u00e4\u00e4 mahdollisuuksia?"},"content":{"rendered":"<p>Kuva Putinista johtajana on muuttanut muotoaan sen j\u00e4lkeen, kun Ven\u00e4j\u00e4 aloitti hy\u00f6kk\u00e4yssodan Ukrainaan. Putin n\u00e4hd\u00e4\u00e4n hirmuvaltiaana, joka toimii sotarikollisena Ukrainaa vastaan.<\/p>\n<p><img decoding=\"async\" class=\"image image-show image-preview\" src=\"https:\/\/www.europesays.com\/fi\/wp-content\/uploads\/2025\/12\/43f0553333854da8de654bb8e5d77d6bb99cae52a6af354b67174c162392ed2f.jpg\" alt=\"\"\/><img decoding=\"async\" class=\"image image-show\" src=\"https:\/\/www.europesays.com\/fi\/wp-content\/uploads\/2025\/12\/1766298489_101_43f0553333854da8de654bb8e5d77d6bb99cae52a6af354b67174c162392ed2f.jpg\" alt=\"\"\/><\/p>\n<p>Ven\u00e4j\u00e4n presidentti Vladimir Putin. EPA \/ AOP<\/p>\n<p class=\"paragraph\">\u2013 Hy\u00f6kk\u00e4ys Ukrainaan pilasi Putinin maineen l\u00e4nsimaissa niin, ett\u00e4 sit\u00e4 tuskin voi l\u00e4hte\u00e4 t\u00e4ysin korjaamaan.<\/p>\n<p class=\"paragraph\">N\u00e4in sanoo Aleksanteri-instituutin johtaja <strong>Markku Kangaspuro<\/strong>. Kysyimme Kangaspurolta, onko Putinin mainetta en\u00e4\u00e4 mahdollista pelastaa, ja millainen kuva h\u00e4nest\u00e4 piirtyy tulevaisuuden historiankirjoihin.<\/p>\n<p class=\"paragraph\">Vaikka maine on mennytt\u00e4, on Putinille seurannut tilanteesta my\u00f6s etuja. Kangaspuron mukaan Putinin kannalta ei n\u00e4yt\u00e4 yht\u00e4\u00e4n huonolta, ett\u00e4 t\u00e4ll\u00e4 hetkell\u00e4 h\u00e4nen keskustelukumppaneinaan toimivat Yhdysvaltain presidentti sek\u00e4 Kiinan johtaja.<\/p>\n<p class=\"paragraph\">Aikaisemmin hy\u00f6kk\u00e4yksen tapahduttua keskustelukumppaneista oli ymm\u00e4rrett\u00e4v\u00e4sti puutetta.<\/p>\n<p>Sankari vai hylki\u00f6?<\/p>\n<p class=\"paragraph\">Sodalle tyypillisell\u00e4 tavalla voittajat kirjoittavat itsens\u00e4 historiaan, kun h\u00e4vi\u00e4j\u00e4t j\u00e4\u00e4v\u00e4t nuolemaan n\u00e4ppej\u00e4\u00e4n. Maailma jakautuu sotatilanteissa kahtia. Kangaspuron mukaan sodan lopputulema tulee kertomaan suhtautumisesta Putiniin tulevaisuudessa paljon.<\/p>\n<p class=\"paragraph\">\u2013 Jos sodan p\u00e4\u00e4ttyess\u00e4 Putin saa vakuutettua Ven\u00e4j\u00e4n valtaenemmist\u00f6lle, ett\u00e4 merkitt\u00e4v\u00e4 osa omista tavoitteista on saavutettu ja voittajaksi julistauduttu, niin kyll\u00e4 ven\u00e4l\u00e4iset sitten h\u00e4net sankariksi mielt\u00e4v\u00e4t, Kangaspuro arvioi.<\/p>\n<p class=\"paragraph\">Sodan lopputuleman lis\u00e4ksi my\u00f6t\u00e4mielisyyteen Putinia kohtaan Ven\u00e4j\u00e4ll\u00e4 tulee vaikuttamaan h\u00e4nen l\u00e4hipiirins\u00e4 mahdollinen pysyminen valtateht\u00e4viss\u00e4, Kangaspuro sanoo.<\/p>\n<p class=\"paragraph\">Samaan aikaan Euroopassa Putiniin suhtautuminen pysyy Kangaspuron arvion perusteella viel\u00e4 tulevaisuudessakin negatiivisena. Maailman mittakaavassa suhtautuminen Putiniin on h\u00e4nen mukaansa juuri Euroopassa kaikkein negatiivisinta. He n\u00e4kev\u00e4t Putinin hylki\u00f6n\u00e4.<\/p>\n<p class=\"paragraph\">My\u00f6s sosiaalisen median ja hajautuneen informaatioymp\u00e4rist\u00f6n aikakauden vaikutukset n\u00e4kyv\u00e4t politiikassa. Kangaspuron mukaan niiden vaikutus historiallisten hahmojen muistamisen muovautumiseen on suuri. Salaliittoteoriat levi\u00e4v\u00e4t nopeasti, eik\u00e4 ihmisill\u00e4 ole en\u00e4\u00e4 suurta yhteist\u00e4 alustaa, jota l\u00e4hes kaikki kuluttavat.<\/p>\n<p>Aleksanteri-instituutin johtaja Markku Kangaspuro arvioi, ett\u00e4 Putinin maine on ottanut niin suuren kolauksen, ett\u00e4 sit\u00e4 on vaikea en\u00e4\u00e4 t\u00e4ysin korjata. Roosa Br\u00f6jer<\/p>\n<p>Rooli johtajana<\/p>\n<p class=\"paragraph\">Vaikka l\u00e4nsimaisesta n\u00e4k\u00f6kulmasta katsottuna Putin miellet\u00e4\u00e4n usein itsen\u00e4iseksi toimijaksi, asia ei ole t\u00e4ysin n\u00e4in. Kangaspuron mukaan Ven\u00e4j\u00e4n presidenttin\u00e4 Putinilla on p\u00e4\u00e4t\u00e4nt\u00e4valtaa, mutta isojen p\u00e4\u00e4t\u00f6ksien taustalla toimii laajempi hallintoelementti. L\u00e4hinn\u00e4 Putin toimii vaikuttavana keulakuvahahmona Ven\u00e4j\u00e4n politiikassa.<\/p>\n<p class=\"paragraph\">Samankaltaisuuksista huolimatta Kangaspuro ei vertaisi Putinia ainakaan toistaiseksi historiamme synkimpiin yksinvaltiaisiin, kuten Hitleriin. Kangaspuron mielest\u00e4 Hitler on aivan \u201coma tapauksensa\u201d.<\/p>\n<p class=\"paragraph\">L\u00e4nsimaista poiketen Ven\u00e4j\u00e4n sis\u00e4ll\u00e4 Putin n\u00e4hd\u00e4\u00e4n taas niin sanottuna henkisen\u00e4 johtajana.<\/p>\n<p class=\"paragraph\">\u2013 Putinin yksi rooli on, ett\u00e4 h\u00e4n toimii Ven\u00e4j\u00e4ll\u00e4 hahmona, joka kykenee tasapainottamaan ja luomaan konsensusta eri kilpailevien ryhmien v\u00e4lille: Niin voimapolitiikalla ja pelolla kuin sovittelulla ja kompromisseilla, Kangaspuro kertoo.<\/p>\n<p>Ven\u00e4l\u00e4ist\u00e4 ideologiaa<\/p>\n<p class=\"paragraph\">Jo l\u00e4hes nelj\u00e4 vuotta kest\u00e4nyt sota Ukrainassa on osoitus ukrainalaisten halusta taistella maansa puolesta. He eiv\u00e4t taipuneet Ven\u00e4j\u00e4n tahtoon vaan p\u00e4\u00e4ttiv\u00e4t vastustaa sit\u00e4. Putin Ven\u00e4j\u00e4n johtajana ennusti sodan etenemist\u00e4 todenn\u00e4k\u00f6isesti toisella tavalla.<\/p>\n<p class=\"paragraph\">\u2013 Ukrainan sodan piti todenn\u00e4k\u00f6isesti olla vain lyhyt salamasota, joka olisi p\u00e4\u00e4ttynyt Kiovan valtaukseen, Kangaspuro toteaa.<\/p>\n<p class=\"paragraph\">Ven\u00e4j\u00e4ll\u00e4 ja Putinilla on my\u00f6s tiedett\u00e4v\u00e4sti selke\u00e4 ajatus siit\u00e4, kuinka maailmalla vallitsevaa ajattelumaailmaa tulisi muokata. Kangaspuron mukaan Ven\u00e4j\u00e4 on yleisesti ottaen samassa veneess\u00e4 esimerkiksi Kiinan ja Intian kanssa \u2013 n\u00e4m\u00e4 tahtoisivat muovata l\u00e4nsimaista maailmanj\u00e4rjestyst\u00e4 \u201coikeudenmukaisemmaksi\u201d.<\/p>\n<p class=\"paragraph\">T\u00e4ss\u00e4 suhteessa Eurooppa j\u00e4\u00e4 v\u00e4hemmist\u00f6ksi.<\/p>\n","protected":false},"excerpt":{"rendered":"Kuva Putinista johtajana on muuttanut muotoaan sen j\u00e4lkeen, kun Ven\u00e4j\u00e4 aloitti hy\u00f6kk\u00e4yssodan Ukrainaan. Putin n\u00e4hd\u00e4\u00e4n hirmuvaltiaana, joka toimii&hellip;\n","protected":false},"author":2,"featured_media":122061,"comment_status":"","ping_status":"","sticky":false,"template":"","format":"standard","meta":{"footnotes":""},"categories":[14],"tags":[35,22,23,26,27,33,31,30,17,24,25,28,29,15,18,21,142,637,144,32,19,20,56,16,1262,1665,59,60,61],"class_list":{"0":"post-122060","1":"post","2":"type-post","3":"status-publish","4":"format-standard","5":"has-post-thumbnail","7":"category-ulkomaat","8":"tag-24h","9":"tag-breaking-news","10":"tag-breakingnews","11":"tag-featured-news","12":"tag-featurednews","13":"tag-fi","14":"tag-finland","15":"tag-finnish","16":"tag-headlines","17":"tag-latest-news","18":"tag-latestnews","19":"tag-main-news","20":"tag-mainnews","21":"tag-news","22":"tag-otsikot","23":"tag-paauutiset","24":"tag-poliitikot","25":"tag-politiikka","26":"tag-presidentti","27":"tag-suomi","28":"tag-top-stories","29":"tag-topstories","30":"tag-ulkomaat","31":"tag-uutiset","32":"tag-venajan-politiikka","33":"tag-venalaiset-poliitikot","34":"tag-world","35":"tag-world-news","36":"tag-worldnews"},"share_on_mastodon":{"url":"https:\/\/pubeurope.com\/@fi\/115756145553280182","error":""},"_links":{"self":[{"href":"https:\/\/www.europesays.com\/fi\/wp-json\/wp\/v2\/posts\/122060","targetHints":{"allow":["GET"]}}],"collection":[{"href":"https:\/\/www.europesays.com\/fi\/wp-json\/wp\/v2\/posts"}],"about":[{"href":"https:\/\/www.europesays.com\/fi\/wp-json\/wp\/v2\/types\/post"}],"author":[{"embeddable":true,"href":"https:\/\/www.europesays.com\/fi\/wp-json\/wp\/v2\/users\/2"}],"replies":[{"embeddable":true,"href":"https:\/\/www.europesays.com\/fi\/wp-json\/wp\/v2\/comments?post=122060"}],"version-history":[{"count":0,"href":"https:\/\/www.europesays.com\/fi\/wp-json\/wp\/v2\/posts\/122060\/revisions"}],"wp:featuredmedia":[{"embeddable":true,"href":"https:\/\/www.europesays.com\/fi\/wp-json\/wp\/v2\/media\/122061"}],"wp:attachment":[{"href":"https:\/\/www.europesays.com\/fi\/wp-json\/wp\/v2\/media?parent=122060"}],"wp:term":[{"taxonomy":"category","embeddable":true,"href":"https:\/\/www.europesays.com\/fi\/wp-json\/wp\/v2\/categories?post=122060"},{"taxonomy":"post_tag","embeddable":true,"href":"https:\/\/www.europesays.com\/fi\/wp-json\/wp\/v2\/tags?post=122060"}],"curies":[{"name":"wp","href":"https:\/\/api.w.org\/{rel}","templated":true}]}}