{"id":122062,"date":"2025-12-21T06:29:13","date_gmt":"2025-12-21T06:29:13","guid":{"rendered":"https:\/\/www.europesays.com\/fi\/122062\/"},"modified":"2025-12-21T06:29:13","modified_gmt":"2025-12-21T06:29:13","slug":"bussikuski-santtu-21-on-jouluna-toissa-nain-paljon-eri-aloilla-saa-lisaa-rahaa-joulun-toista","status":"publish","type":"post","link":"https:\/\/www.europesays.com\/fi\/122062\/","title":{"rendered":"Bussikuski Santtu, 21, on jouluna t\u00f6iss\u00e4 \u2013 n\u00e4in paljon eri aloilla saa lis\u00e4\u00e4 rahaa joulun t\u00f6ist\u00e4"},"content":{"rendered":"<p>20.12. 8:30<\/p>\n<p>Lue tiivistelm\u00e4<\/p>\n<p class=\"article-body mb-nof-24 px-nof-16 sndp-summary-bullet-point-font\">21-vuotias linja-autonkuljettaja Santtu M\u00e4kel\u00e4 ty\u00f6skentelee jouluna kolmena p\u00e4iv\u00e4n\u00e4.<\/p>\n<p class=\"article-body mb-nof-24 px-nof-16 sndp-summary-bullet-point-font\">H\u00e4n saa joulup\u00e4iv\u00e4lt\u00e4 nelinkertaisen palkan.<\/p>\n<p class=\"article-body mb-nof-24 px-nof-16 sndp-summary-bullet-point-font\">M\u00e4kel\u00e4 sanoo, ett\u00e4 joulua ehtii viett\u00e4m\u00e4\u00e4n my\u00f6s ty\u00f6vuorojen j\u00e4lkeen.<\/p>\n<p class=\"article-body mb-nof-24 px-nof-16 sndp-summary-bullet-point-font\">My\u00f6s esimerkiksi myyj\u00e4t, sairaanhoitajat, vartijat saavat jouluna tehdyst\u00e4 ty\u00f6st\u00e4 erilaisia lisi\u00e4.<\/p>\n<p class=\"article-body mb-nof-24 px-nof-16\">Kun esihenkil\u00f6 kysyi, kuka haluaisi olla jouluna t\u00f6iss\u00e4, 21-vuotias tuusulalainen <a class=\"article-personlink\" href=\"https:\/\/www.is.fi\/haku\/?query=Santtu%20M%C3%A4kel%C3%A4\" rel=\"nofollow noopener\" target=\"_blank\">Santtu M\u00e4kel\u00e4<\/a> ilmoitti heti olevansa kiinnostunut vuoroista.<\/p>\n<p class=\"article-body mb-nof-24 px-nof-16\">H\u00e4n on ty\u00f6skennellyt Onnibusilla linja-autonkuljettajana noin kaksi vuotta. Viime vuonna h\u00e4n oli ensimm\u00e4ist\u00e4 kertaa jouluna ratissa ja mietti, miksei t\u00e4n\u00e4kin vuonna menisi jouluksi t\u00f6ihin.<\/p>\n<p class=\"article-body mb-nof-24 px-nof-16\">\u2013 Se on oikeastaan ihan mukavaa. Sill\u00e4 mahdollistaa perheellisille mahdollisuuden pit\u00e4\u00e4 vapaata jouluna, M\u00e4kel\u00e4 sanoo.<\/p>\n<p class=\"article-body mb-nof-24 px-nof-16\">Kuten monella alalla, my\u00f6s linja-autonkuljettajat saavat erilaisia lisi\u00e4 jouluna ty\u00f6skentelyst\u00e4. Linja-autohenkil\u00f6kunnalle maksetaan palkka kaksinkertaisena, jos he ovat t\u00f6iss\u00e4 joulup\u00e4iv\u00e4n\u00e4 tai tapaninp\u00e4iv\u00e4n\u00e4.<\/p>\n<p class=\"article-body mb-nof-24 px-nof-16\">Lis\u00e4ksi joulup\u00e4iv\u00e4n\u00e4 heille maksetaan jouluty\u00f6lis\u00e4\u00e4, jonka suuruus on 200 prosenttia taulukkopalkasta. Joulup\u00e4iv\u00e4n\u00e4 palkan saa siis per\u00e4ti nelinkertaisena.<\/p>\n<p class=\"article-body mb-nof-24 px-nof-16\">\u2013 Onhan se ihan kiva lis\u00e4, M\u00e4kel\u00e4 sanoo.<\/p>\n<p><img decoding=\"async\" src=\"https:\/\/www.europesays.com\/fi\/wp-content\/uploads\/2025\/12\/1766298553_660_468.jpg\" alt=\"Santtu M\u00e4kel\u00e4, 21, ajaa jouluna noin 1750 kilometri\u00e4.\" class=\"_Img_1rerz_1\" style=\"aspect-ratio:0.75\" loading=\"eager\"\/><\/p>\n<p class=\"article-picture-caption\">Santtu M\u00e4kel\u00e4, 21, ajaa jouluna noin 1750 kilometri\u00e4. Kuva:\u00a0Antti Ruuskanen \/ Koiviston Auto L\u00e4nsi Oy<\/p>\n<p class=\"article-body mb-nof-24 px-nof-16\">M\u00e4kel\u00e4 on t\u00e4n\u00e4 vuonna t\u00f6iss\u00e4 niin jouluaattona, joulup\u00e4iv\u00e4n\u00e4 kuin tapaninp\u00e4iv\u00e4n\u00e4. Ty\u00f6vuorot ovat silloin 10\u201312 tuntisia.<\/p>\n<p class=\"article-body mb-nof-24 px-nof-16\">Tarkoituksena on ajaa reittej\u00e4 Helsingin ja Jyv\u00e4skyl\u00e4n sek\u00e4 Helsingin, Rauman ja Porin v\u00e4lill\u00e4. Kilometrej\u00e4 kertyy kolmessa p\u00e4iv\u00e4ss\u00e4 noin 1\u202f750 kilometri\u00e4.<\/p>\n<p class=\"article-body mb-nof-24 px-nof-16\">M\u00e4kel\u00e4 sanoo, ett\u00e4 linja-auton ratissa ei kyll\u00e4sty, vaikka vuorot olisivat pitki\u00e4kin, sill\u00e4 linja-autonkuljettajan ty\u00f6 on h\u00e4nen unelma-ammattinsa.<\/p>\n<p class=\"article-body mb-nof-24 px-nof-16\">\u2013 Kyll\u00e4 siin\u00e4 jaksaa hyvin. Se riippuu siit\u00e4, miten asennoituu ty\u00f6t\u00e4ns\u00e4 kohtaan. Pid\u00e4n ty\u00f6st\u00e4ni sen verran paljon. Pitki\u00e4 ty\u00f6putkia seuraa my\u00f6s pitk\u00e4t vapaat.<\/p>\n<p class=\"article-body mb-nof-24 px-nof-16\">Joulu on M\u00e4kel\u00e4lle t\u00e4rke\u00e4 juhla, mutta h\u00e4n sanoo, ett\u00e4 sit\u00e4 ehtii viett\u00e4m\u00e4\u00e4n my\u00f6s ty\u00f6vuorojen j\u00e4lkeen. Aattoiltana h\u00e4n esimerkiksi k\u00e4y isovanhempiensa luona jouluaterialla.<\/p>\n<p><img decoding=\"async\" src=\"https:\/\/www.europesays.com\/fi\/wp-content\/uploads\/2025\/12\/1766298553_58_468.jpg\" alt=\"Onnibusista kerrotaan, ett\u00e4 joulun ty\u00f6vuoroissa pyrit\u00e4\u00e4n ottamaan huomioon ty\u00f6ntekij\u00f6iden toiveet ja el\u00e4m\u00e4ntilanteet.\" class=\"_Img_1rerz_1\" style=\"aspect-ratio:1.3333333333333333\" loading=\"eager\"\/><\/p>\n<p class=\"article-picture-caption\">Onnibusista kerrotaan, ett\u00e4 joulun ty\u00f6vuoroissa pyrit\u00e4\u00e4n ottamaan huomioon ty\u00f6ntekij\u00f6iden toiveet ja el\u00e4m\u00e4ntilanteet. Kuva:\u00a0Antti Ruuskanen \/ Koiviston Auto L\u00e4nsi Oy<\/p>\n<p class=\"article-body mb-nof-24 px-nof-16\">M\u00e4kel\u00e4n esihenkil\u00f6 <a class=\"article-personlink\" href=\"https:\/\/www.is.fi\/haku\/?query=Antti%20Ruuskanen\" rel=\"nofollow noopener\" target=\"_blank\">Antti Ruuskanen<\/a> kertoo, ett\u00e4 ty\u00f6vuorosuunnittelussa huomioidaan ty\u00f6ntekij\u00f6iden toiveet ja erilaiset el\u00e4m\u00e4ntilanteet.<\/p>\n<p class=\"article-body mb-nof-24 px-nof-16\">\u2013 Osa kuljettajista toivoo erityisesti voivansa olla jouluna vapaalla, kun taas osa tekee mielell\u00e4\u00e4n t\u00f6it\u00e4 juhlapyhin\u00e4. Joulun ty\u00f6t pyrit\u00e4\u00e4n j\u00e4rjest\u00e4m\u00e4\u00e4n niin, ett\u00e4 n\u00e4m\u00e4 toiveet toteutuvat mahdollisimman hyvin.<\/p>\n<p class=\"article-body mb-nof-24 px-nof-16\">Ruuskanen on Koiviston Auto L\u00e4nnen ajomestari. H\u00e4n toimii Helsingin alueen Onnibusin kuljettajien esihenkil\u00f6n\u00e4 ja vastaa my\u00f6s ty\u00f6vuorojen suunnittelusta.<\/p>\n<p class=\"article-body mb-nof-24 px-nof-16\">Juttu jatkuu kyselyn j\u00e4lkeen.<\/p>\n<p class=\"article-body mb-nof-24 px-nof-16\">My\u00f6s monissa muissa ammateissa paiskitaan t\u00f6it\u00e4 jouluna. Esimerkiksi moni myyj\u00e4, sairaanhoitaja ja vartija on jouluna t\u00f6iss\u00e4. My\u00f6s n\u00e4ill\u00e4 aloilla maksetaan my\u00f6s erilaisia lisi\u00e4 jouluna ty\u00f6skentelyst\u00e4.<\/p>\n<p class=\"article-body mb-nof-24 px-nof-16\">Sosiaali- ja terveysalalla palkan saa tuplana joulup\u00e4iv\u00e4n\u00e4, tapaninp\u00e4iv\u00e4n\u00e4 ja p\u00e4\u00e4s\u00e4\u00e4nt\u00f6isesti my\u00f6s jouluaattona.<\/p>\n<p class=\"article-body mb-nof-24 px-nof-16\">Vartiointialalla saa sek\u00e4 palkan ett\u00e4 lis\u00e4t kaksinkertaisena jouluaattona, joulup\u00e4iv\u00e4n\u00e4 ja tapaninp\u00e4iv\u00e4n\u00e4 tehdyst\u00e4 ty\u00f6st\u00e4.<\/p>\n<p class=\"article-body mb-nof-24 px-nof-16\">Kaupan alalla maksetaan kaksinkertainen palkka joulup\u00e4iv\u00e4n\u00e4 ja tapaninp\u00e4iv\u00e4n\u00e4 tehdyst\u00e4 ty\u00f6st\u00e4. T\u00e4m\u00e4n ohella jouluaattona kello 18\u201324 v\u00e4lill\u00e4 tehdyst\u00e4 ty\u00f6st\u00e4 saa p\u00e4\u00e4s\u00e4\u00e4nt\u00f6isesti aattoiltalis\u00e4n, joka on esimerkiksi myyjill\u00e4 5,27\u20135,46 euroa tunnilta.<\/p>\n<p class=\"article-body mb-nof-24 px-nof-16\">Matkailun, ravintoloiden ja vapaa-ajan palveluiden parissa ty\u00f6skentelev\u00e4t saavat peruspalkan sek\u00e4 esimerkiksi ilta- ja y\u00f6ty\u00f6lis\u00e4t tuplana joulup\u00e4iv\u00e4lt\u00e4 sek\u00e4 tapaninp\u00e4iv\u00e4lt\u00e4.<\/p>\n<p class=\"article-body mb-nof-24 px-nof-16\">Lis\u00e4ksi jouluaattona kello 15 j\u00e4lkeen tehdyst\u00e4 ty\u00f6st\u00e4 maksetaan p\u00e4\u00e4s\u00e4\u00e4nt\u00f6isesti sek\u00e4 palkka ett\u00e4 esimerkiksi iltaty\u00f6lis\u00e4 50 prosentin korotuksella.<\/p>\n","protected":false},"excerpt":{"rendered":"20.12. 8:30 Lue tiivistelm\u00e4 21-vuotias linja-autonkuljettaja Santtu M\u00e4kel\u00e4 ty\u00f6skentelee jouluna kolmena p\u00e4iv\u00e4n\u00e4. H\u00e4n saa joulup\u00e4iv\u00e4lt\u00e4 nelinkertaisen palkan. M\u00e4kel\u00e4&hellip;\n","protected":false},"author":2,"featured_media":122063,"comment_status":"","ping_status":"","sticky":false,"template":"","format":"standard","meta":{"footnotes":""},"categories":[12],"tags":[22,23,26,27,33,31,30,17,34,24,25,28,29,15,18,21,32,19,20,16],"class_list":{"0":"post-122062","1":"post","2":"type-post","3":"status-publish","4":"format-standard","5":"has-post-thumbnail","7":"category-suomi","8":"tag-breaking-news","9":"tag-breakingnews","10":"tag-featured-news","11":"tag-featurednews","12":"tag-fi","13":"tag-finland","14":"tag-finnish","15":"tag-headlines","16":"tag-ilta-sanomat","17":"tag-latest-news","18":"tag-latestnews","19":"tag-main-news","20":"tag-mainnews","21":"tag-news","22":"tag-otsikot","23":"tag-paauutiset","24":"tag-suomi","25":"tag-top-stories","26":"tag-topstories","27":"tag-uutiset"},"share_on_mastodon":{"url":"https:\/\/pubeurope.com\/@fi\/115756149381893348","error":""},"_links":{"self":[{"href":"https:\/\/www.europesays.com\/fi\/wp-json\/wp\/v2\/posts\/122062","targetHints":{"allow":["GET"]}}],"collection":[{"href":"https:\/\/www.europesays.com\/fi\/wp-json\/wp\/v2\/posts"}],"about":[{"href":"https:\/\/www.europesays.com\/fi\/wp-json\/wp\/v2\/types\/post"}],"author":[{"embeddable":true,"href":"https:\/\/www.europesays.com\/fi\/wp-json\/wp\/v2\/users\/2"}],"replies":[{"embeddable":true,"href":"https:\/\/www.europesays.com\/fi\/wp-json\/wp\/v2\/comments?post=122062"}],"version-history":[{"count":0,"href":"https:\/\/www.europesays.com\/fi\/wp-json\/wp\/v2\/posts\/122062\/revisions"}],"wp:featuredmedia":[{"embeddable":true,"href":"https:\/\/www.europesays.com\/fi\/wp-json\/wp\/v2\/media\/122063"}],"wp:attachment":[{"href":"https:\/\/www.europesays.com\/fi\/wp-json\/wp\/v2\/media?parent=122062"}],"wp:term":[{"taxonomy":"category","embeddable":true,"href":"https:\/\/www.europesays.com\/fi\/wp-json\/wp\/v2\/categories?post=122062"},{"taxonomy":"post_tag","embeddable":true,"href":"https:\/\/www.europesays.com\/fi\/wp-json\/wp\/v2\/tags?post=122062"}],"curies":[{"name":"wp","href":"https:\/\/api.w.org\/{rel}","templated":true}]}}