{"id":122064,"date":"2025-12-21T06:30:09","date_gmt":"2025-12-21T06:30:09","guid":{"rendered":"https:\/\/www.europesays.com\/fi\/122064\/"},"modified":"2025-12-21T06:30:09","modified_gmt":"2025-12-21T06:30:09","slug":"yle-ikava-tieto-kalatiskeista-taalla-myytiin-jopa-10-paivaa-vanhaa-lohta","status":"publish","type":"post","link":"https:\/\/www.europesays.com\/fi\/122064\/","title":{"rendered":"Yle: Ik\u00e4v\u00e4 tieto kalatiskeist\u00e4 \u2013 t\u00e4\u00e4ll\u00e4 myytiin jopa 10 p\u00e4iv\u00e4\u00e4 vanhaa lohta"},"content":{"rendered":"<p>Yle selvitti, miten vanhaa kalaa myyd\u00e4\u00e4n kalatiskeill\u00e4 ymp\u00e4ri Suomea.<\/p>\n<p class=\"article-body mb-nof-24 px-nof-16\">SUOMALAISET ovat saattaneet ostaa kalatiskeilt\u00e4 joulup\u00f6yt\u00e4\u00e4ns\u00e4 jopa yli viikon vanhaa kalaa sen pyyntihetkest\u00e4, Ylen selvitys kertoo.<\/p>\n<p class=\"article-body mb-nof-24 px-nof-16\">Yle teki pistokokeita 29 kaupan kalatiskeill\u00e4 Helsingiss\u00e4, Turussa, Tampereella, Kuopiossa, Jyv\u00e4skyl\u00e4ss\u00e4, Vaasassa, Kokkolassa, Rovaniemell\u00e4, Kemiss\u00e4 ja Ivalossa.<\/p>\n<p class=\"article-body mb-nof-24 px-nof-16\">Vanhimmat kalat l\u00f6ytyiv\u00e4t Ylen mukaan Tampereen Hervannan S-Marketista, Vaasan Prismasta ja Kaaren Prismasta Helsingist\u00e4. Kaikissa niiss\u00e4 oli myynniss\u00e4 10 p\u00e4iv\u00e4\u00e4 vanhaa lohta, Yle kertoo. Myyntiaikaa oli annettu p\u00e4ivi\u00e4 viel\u00e4 t\u00e4m\u00e4n j\u00e4lkeenkin.<\/p>\n<p class=\"article-body mb-nof-24 px-nof-16\">Poikkeuksellisen tuoretta kalaa oli Vaasan Minimanissa sek\u00e4 K-Supermarketeissa Rovaniemell\u00e4 ja Ivalossa.<\/p>\n<p class=\"article-body mb-nof-24 px-nof-16\">IS uutisoi muutama vuosi sitten, ett\u00e4 paras l\u00e4mp\u00f6tila ostetun kalan s\u00e4ilytt\u00e4miselle on l\u00e4hell\u00e4 sulavan j\u00e4\u00e4n l\u00e4mp\u00f6tilaa. J\u00e4\u00e4kaapit ovat muutaman asteen t\u00e4t\u00e4 l\u00e4mpim\u00e4mpi\u00e4.<\/p>\n<p class=\"article-body mb-nof-24 px-nof-16\">Tuoretta kalaa ei kannata ylip\u00e4\u00e4t\u00e4\u00e4n s\u00e4ilytt\u00e4\u00e4 j\u00e4\u00e4kaapissakaan pitk\u00e4\u00e4n, vaan esimerkiksi Pro Kala ry suositteli aiemmin sy\u00f6m\u00e4\u00e4n ostetun kalan viimeist\u00e4\u00e4n seuraavana p\u00e4iv\u00e4n\u00e4, sill\u00e4 usein kotien j\u00e4\u00e4kaapit eiv\u00e4t ole tarpeeksi kylmi\u00e4.<\/p>\n","protected":false},"excerpt":{"rendered":"Yle selvitti, miten vanhaa kalaa myyd\u00e4\u00e4n kalatiskeill\u00e4 ymp\u00e4ri Suomea. SUOMALAISET ovat saattaneet ostaa kalatiskeilt\u00e4 joulup\u00f6yt\u00e4\u00e4ns\u00e4 jopa yli viikon&hellip;\n","protected":false},"author":2,"featured_media":122065,"comment_status":"","ping_status":"","sticky":false,"template":"","format":"standard","meta":{"footnotes":""},"categories":[5],"tags":[22,23,26,27,33,31,30,17,34,24,25,28,29,15,18,21,32,19,20,16],"class_list":{"0":"post-122064","1":"post","2":"type-post","3":"status-publish","4":"format-standard","5":"has-post-thumbnail","7":"category-otsikot","8":"tag-breaking-news","9":"tag-breakingnews","10":"tag-featured-news","11":"tag-featurednews","12":"tag-fi","13":"tag-finland","14":"tag-finnish","15":"tag-headlines","16":"tag-ilta-sanomat","17":"tag-latest-news","18":"tag-latestnews","19":"tag-main-news","20":"tag-mainnews","21":"tag-news","22":"tag-otsikot","23":"tag-paauutiset","24":"tag-suomi","25":"tag-top-stories","26":"tag-topstories","27":"tag-uutiset"},"share_on_mastodon":{"url":"https:\/\/pubeurope.com\/@fi\/115756153084983394","error":""},"_links":{"self":[{"href":"https:\/\/www.europesays.com\/fi\/wp-json\/wp\/v2\/posts\/122064","targetHints":{"allow":["GET"]}}],"collection":[{"href":"https:\/\/www.europesays.com\/fi\/wp-json\/wp\/v2\/posts"}],"about":[{"href":"https:\/\/www.europesays.com\/fi\/wp-json\/wp\/v2\/types\/post"}],"author":[{"embeddable":true,"href":"https:\/\/www.europesays.com\/fi\/wp-json\/wp\/v2\/users\/2"}],"replies":[{"embeddable":true,"href":"https:\/\/www.europesays.com\/fi\/wp-json\/wp\/v2\/comments?post=122064"}],"version-history":[{"count":0,"href":"https:\/\/www.europesays.com\/fi\/wp-json\/wp\/v2\/posts\/122064\/revisions"}],"wp:featuredmedia":[{"embeddable":true,"href":"https:\/\/www.europesays.com\/fi\/wp-json\/wp\/v2\/media\/122065"}],"wp:attachment":[{"href":"https:\/\/www.europesays.com\/fi\/wp-json\/wp\/v2\/media?parent=122064"}],"wp:term":[{"taxonomy":"category","embeddable":true,"href":"https:\/\/www.europesays.com\/fi\/wp-json\/wp\/v2\/categories?post=122064"},{"taxonomy":"post_tag","embeddable":true,"href":"https:\/\/www.europesays.com\/fi\/wp-json\/wp\/v2\/tags?post=122064"}],"curies":[{"name":"wp","href":"https:\/\/api.w.org\/{rel}","templated":true}]}}