{"id":122066,"date":"2025-12-21T06:42:16","date_gmt":"2025-12-21T06:42:16","guid":{"rendered":"https:\/\/www.europesays.com\/fi\/122066\/"},"modified":"2025-12-21T06:42:16","modified_gmt":"2025-12-21T06:42:16","slug":"yllatyskaanne-palkkasiko-kohumissi-itselleen-huippujuristin","status":"publish","type":"post","link":"https:\/\/www.europesays.com\/fi\/122066\/","title":{"rendered":"Yll\u00e4tysk\u00e4\u00e4nne! Palkkasiko kohumissi itselleen huippujuristin?"},"content":{"rendered":"<p>            Ninni Varsila\n        <\/p>\n<p class=\"subtitle \">Sarah Dzafce joutui luopumaan missikruunustaan viime viikon tortaina.<\/p>\n<p class=\"article-content article-content-width !bg-background\">Entinen Miss Suomi\u00a0, 22, menetti tittelins\u00e4 rasismikohun seurauksena. Nyt h\u00e4n poseeraa tunnetun huippujuristin kanssa yhteiskuvassa.<\/p>\n<p class=\"font-weight-bold m-font-weight-bold article-content article-content-width !bg-background\">Miss Suomi kommentoi kruununsa menetyst\u00e4:<\/p>\n<p class=\"article-content article-content-width !bg-background\">Viime torstaina (11.12.) missipiireiss\u00e4 kuohahti, kun\u00a0Sarah Dzafce joutui luopumaan Miss Suomi -voitostaan. Uudeksi Miss Suomeksi kruunattiin samalta seisomalta , joka oli nimitetty syyskuisessa missifinaalissa 1. perint\u00f6prinsessaksi.<\/p>\n<p>        <a itemprop=\"url\" href=\"https:\/\/www.seiska.fi\/vain-seiskassa\/paljonpuhuva-kuva-sarah-dzafcesta-ja-tara-lehtosesta-kulissien-takaa\/2020913\" rel=\"nofollow noopener\" target=\"_blank\"><\/p>\n<p>\nSarah Dzafce &amp; Tara Lehtonen\n<\/p>\n<p class=\"section-date\">\n        <strong class=\"article-section\" data-section=\"vain seiskassa\"><br \/>\n            vain seiskassa<br \/>\n        <\/strong><br \/>\n        13.12. 15:30\n    <\/p>\n<p>Paljonpuhuva kuva Sarah Dzafcesta ja Tara Lehtosesta kulissien takaa!\n    <\/p>\n<p itemprop=\"description\" class=\"subtitle \">\n    Sarah Dzafce ehti lopulta olla Miss Suomi noin kolmisen kuukautta.\n<\/p>\n<p>        <\/a><\/p>\n<p class=\"article-content article-content-width !bg-background\">Sarah oli joutunut muutamaa p\u00e4iv\u00e4\u00e4 aiemmin valtavan kohun keski\u00f6\u00f6n, kun h\u00e4n oli jakanut somekanavalleen rasistisen kuvan itsest\u00e4\u00e4n. Kuvassa Sarah ivaa aasialaisia venytt\u00e4m\u00e4ll\u00e4 silmi\u00e4\u00e4n. My\u00f6s julkaisun kuvateksti viittaa rasistiseen k\u00e4yt\u00f6kseen.<\/p>\n<p class=\"article-content article-content-width !bg-background\">Kohu sai lis\u00e4pontta, kun ex-missi julkaisi lentokoneesta somemateriaalia, jossa h\u00e4n ylpeili matkustavansa bisnesluokassa.<\/p>\n<p class=\"article-content article-content-width !bg-background\">\u2013 Jengi heittaa meanwhile m\u00e4 Finnairin business luokas, Sarah kirjoitti.<\/p>\n<p>        <a itemprop=\"url\" href=\"https:\/\/www.seiska.fi\/kotimaa\/ex-miss-suomi-sarah-dzafcen-okymatkasta-kohu-kuka-maksoi-lipun\/2019409\" rel=\"nofollow noopener\" target=\"_blank\"><\/p>\n<p>\nEx-Miss Suomen \u00f6kymatka\n<\/p>\n<p class=\"section-date\">\n        <strong class=\"article-section\" data-section=\"kotimaa\"><br \/>\n            kotimaa<br \/>\n        <\/strong><br \/>\n        12.12. 16:00\n    <\/p>\n<p>Ex-Miss Suomi Sarah Dzafcen \u00f6kymatkasta kohu \u2013 kuka maksoi lipun?\n    <\/p>\n<p itemprop=\"description\" class=\"subtitle \">\n    Sarah Dzafce avaa kohuvideonsa taustoja Seiskan haastattelussa.\n<\/p>\n<p>        <\/a><\/p>\n<p>                <img decoding=\"async\" src=\"https:\/\/www.europesays.com\/fi\/wp-content\/uploads\/2025\/12\/2022841.webp\" width=\"576\" height=\"356\" alt=\"Sunneva Sj\u00f6gren (kesk.) luotsasi torstaina tiedotustilaisuutta, jossa missikruunu vaihtoi omistajaa.\" loading=\"lazy\" \/>            <\/p>\n<p>\n            Sunneva Sj\u00f6gren (kesk.) luotsasi torstaina tiedotustilaisuutta, jossa missikruunu vaihtoi omistajaa.<br \/>\n            Ninni Varsila\n        <\/p>\n<p>&#8221;Uusi asiakas&#8221;<\/p>\n<p class=\"article-content article-content-width !bg-background\">Nyt kohu on saanut j\u00e4lleen uuden k\u00e4\u00e4nteen.<\/p>\n<p class=\"article-content article-content-width !bg-background\">Huippujuristina tunnettu  julkaisi maanantaina (15.12.) Instagram-tilins\u00e4 tarinat-osioon valokuvan, jossa h\u00e4n poseeraa missi-Sarahin kanssa.<\/p>\n<p class=\"article-content article-content-width !bg-background\">\u2013 Uusi asiakas, Kari kirjoittaa julkaisussaan.<\/p>\n<p class=\"article-content article-content-width !bg-background\">P\u00e4ivitys luo vaikutelman, ett\u00e4 Sarah olisi palkannut itselleen juristin. T\u00e4ll\u00e4 hetkell\u00e4 ei ole kuitenkaan tietoa siit\u00e4, miksi Sarah tarvitsee juristin apua.<\/p>\n<p>        <a itemprop=\"url\" href=\"https:\/\/www.seiska.fi\/kotimaa\/miss-suomi-kohu-paisuu-nyt-puhuu-shirly-karvinen-mita-jarkea\/2021180\" rel=\"nofollow noopener\" target=\"_blank\"><\/p>\n<p>\nMiss Suomi -kohu paisuu entisest\u00e4\u00e4n!\n<\/p>\n<p class=\"section-date\">\n        <strong class=\"article-section\" data-section=\"kotimaa\"><br \/>\n            kotimaa<br \/>\n        <\/strong><br \/>\n        14.12. 18:00\n    <\/p>\n<p>Miss Suomi -kohu paisuu \u2013 nyt puhuu Shirly Karvinen: &#8221;Mit\u00e4 j\u00e4rke\u00e4&#8230;&#8221;\n    <\/p>\n<p itemprop=\"description\" class=\"subtitle \">\n    Miss Suomi -kohu saa yh\u00e4 lis\u00e4\u00e4 kierroksia. Nyt asiaan ottaa kantaa puoliksi kiinalainen Shirly Karvinen, joka kuvaa muun muassa koko tapausta sanalla &#8221;sirkus&#8221;.\n<\/p>\n<p>        <\/a><\/p>\n<p class=\"article-content article-content-width !bg-background\">Kari Uoti on tullut vuosien saatossa tunnetuksi useista mediahuomiotakin ker\u00e4nneist\u00e4 oikeustapauksista. H\u00e4nen asiakkaitaan ovat olleet muun muassa Helsingin huumepoliisin entinen p\u00e4\u00e4llikk\u00f6  ja somevaikuttaja ja yritt\u00e4j\u00e4\u00a0.<\/p>\n<p>        <a itemprop=\"url\" href=\"https:\/\/www.seiska.fi\/rikos\/maria-nordin-voitti-elainraakkaysjutun-valtiolle-iso-lasku\/1936324\" rel=\"nofollow noopener\" target=\"_blank\"><\/p>\n<p>\nValtiolle iso lasku\n<\/p>\n<p class=\"section-date\">\n        <strong class=\"article-section\" data-section=\"rikos\"><br \/>\n            rikos<br \/>\n        <\/strong><br \/>\n        19.9. 13:00\n    <\/p>\n<p>Maria Nordin voitti el\u00e4inr\u00e4\u00e4kk\u00e4ysjutun \u2013 valtiolle iso lasku\n    <\/p>\n<p itemprop=\"description\" class=\"subtitle \">\n    Hyvinvointivalmentajaa syytettiin kissan ja kanan el\u00e4inr\u00e4\u00e4kk\u00e4yksest\u00e4, mutta hovioikeus hylk\u00e4si syytteet.\n<\/p>\n<p>        <\/a><\/p>\n<p>                <img decoding=\"async\" src=\"https:\/\/www.europesays.com\/fi\/wp-content\/uploads\/2025\/12\/2022843.webp\" width=\"576\" height=\"720\" alt=\"Kari Uoti v\u00e4itteli oikeustieteen tohtoriksi vuonna 2004. Kuvassa herra poseeraa vuonna 2024.\" loading=\"lazy\" \/>            <\/p>\n<p>\n            Kari Uoti v\u00e4itteli oikeustieteen tohtoriksi vuonna 2004. Kuvassa herra poseeraa vuonna 2024.<br \/>\n            ATTE KAJOVA\n        <\/p>\n","protected":false},"excerpt":{"rendered":"Ninni Varsila Sarah Dzafce joutui luopumaan missikruunustaan viime viikon tortaina. Entinen Miss Suomi\u00a0, 22, menetti tittelins\u00e4 rasismikohun seurauksena.&hellip;\n","protected":false},"author":2,"featured_media":122067,"comment_status":"","ping_status":"","sticky":false,"template":"","format":"standard","meta":{"footnotes":""},"categories":[136],"tags":[407,137,33,31,30,21949,408,21950,21948,3458,4839,20001,11698,32,1667,21232,109],"class_list":{"0":"post-122066","1":"post","2":"type-post","3":"status-publish","4":"format-standard","5":"has-post-thumbnail","7":"category-julkkikset","8":"tag-celebrities","9":"tag-entertainment","10":"tag-fi","11":"tag-finland","12":"tag-finnish","13":"tag-huippujuristi","14":"tag-julkkikset","15":"tag-juristi","16":"tag-kari-uoti","17":"tag-miss-suomi","18":"tag-rasismi","19":"tag-rasismikohu","20":"tag-sarah-dzafce","21":"tag-suomi","22":"tag-tapahtumat","23":"tag-tara-lehtonen","24":"tag-viihde"},"share_on_mastodon":{"url":"https:\/\/pubeurope.com\/@fi\/115756200492559773","error":""},"_links":{"self":[{"href":"https:\/\/www.europesays.com\/fi\/wp-json\/wp\/v2\/posts\/122066","targetHints":{"allow":["GET"]}}],"collection":[{"href":"https:\/\/www.europesays.com\/fi\/wp-json\/wp\/v2\/posts"}],"about":[{"href":"https:\/\/www.europesays.com\/fi\/wp-json\/wp\/v2\/types\/post"}],"author":[{"embeddable":true,"href":"https:\/\/www.europesays.com\/fi\/wp-json\/wp\/v2\/users\/2"}],"replies":[{"embeddable":true,"href":"https:\/\/www.europesays.com\/fi\/wp-json\/wp\/v2\/comments?post=122066"}],"version-history":[{"count":0,"href":"https:\/\/www.europesays.com\/fi\/wp-json\/wp\/v2\/posts\/122066\/revisions"}],"wp:featuredmedia":[{"embeddable":true,"href":"https:\/\/www.europesays.com\/fi\/wp-json\/wp\/v2\/media\/122067"}],"wp:attachment":[{"href":"https:\/\/www.europesays.com\/fi\/wp-json\/wp\/v2\/media?parent=122066"}],"wp:term":[{"taxonomy":"category","embeddable":true,"href":"https:\/\/www.europesays.com\/fi\/wp-json\/wp\/v2\/categories?post=122066"},{"taxonomy":"post_tag","embeddable":true,"href":"https:\/\/www.europesays.com\/fi\/wp-json\/wp\/v2\/tags?post=122066"}],"curies":[{"name":"wp","href":"https:\/\/api.w.org\/{rel}","templated":true}]}}