{"id":122068,"date":"2025-12-21T06:49:09","date_gmt":"2025-12-21T06:49:09","guid":{"rendered":"https:\/\/www.europesays.com\/fi\/122068\/"},"modified":"2025-12-21T06:49:09","modified_gmt":"2025-12-21T06:49:09","slug":"jarmo-kekalainen-teki-ison-peliliikkeen-kaappasi-konkarin-los-angeles-kingsista","status":"publish","type":"post","link":"https:\/\/www.europesays.com\/fi\/122068\/","title":{"rendered":"Jarmo Kek\u00e4l\u00e4inen teki ison peliliikkeen \u2013 Kaappasi konkarin Los Angeles Kingsist\u00e4"},"content":{"rendered":"<p>Marc Bergevin siirtyy Buffaloon.<\/p>\n<p><img decoding=\"async\" class=\"image image-show image-preview\" src=\"https:\/\/www.europesays.com\/fi\/wp-content\/uploads\/2025\/12\/ba24c761d3edf5428205041888943733bbd72b89ee51a76e18b928959b1d6f5c.jpg\" alt=\"\"\/><img decoding=\"async\" class=\"image image-show\" src=\"https:\/\/www.europesays.com\/fi\/wp-content\/uploads\/2025\/12\/1766299749_212_ba24c761d3edf5428205041888943733bbd72b89ee51a76e18b928959b1d6f5c.jpg\" alt=\"\"\/><\/p>\n<p>Jarmo Kek\u00e4l\u00e4inen on pist\u00e4nyt tuulemaan Buffalossa. Timo Hartikainen \/ AOP<\/p>\n<p class=\"paragraph\"><strong>Jarmo Kek\u00e4l\u00e4inen<\/strong> on hankkinut itselleen uuden vara-GM:n. H\u00e4n on <strong>Marc Bergevin<\/strong>, joka saapuu Buffaloon Los Angeles Kingsin organisaatiosta.<\/p>\n<p class=\"paragraph\">Kek\u00e4l\u00e4inen oli antanut hetke\u00e4 aiemmin potkut Buffalon edelliselle vara-GM:lle <strong>Jason Karmanosille<\/strong>, joten suomalainen sai nyt \u201doman miehen\u201d t\u00e4rke\u00e4\u00e4n pestiin.<\/p>\n<p class=\"paragraph\">Bergevin on kokenut kiekkomies NHL:ss\u00e4. Kingsiss\u00e4 h\u00e4n toimi \u201dvanhempana neuvonantajana\u201d, mutta 60-vuotiaalla herralla on kokemusta my\u00f6s general managerin pestist\u00e4. H\u00e4n johti Montrealin GM:n pallilta vuosina 2012\u20132022.<\/p>\n<p class=\"paragraph\">Montreal eteni Bergevinin aikakaudella parhaimmillaan Stanley Cupin finaaleihin (2021), jossa se h\u00e4visi Tampa Baylle otteluvoitoin 1\u20134.<\/p>\n<p class=\"paragraph\">Ennen Montreal-pesti\u00e4\u00e4n Bergevin oli mukana Chicago Blackhawksin organisaatiossa, kun joukkue voitti mestaruuden 2010.<\/p>\n<p class=\"paragraph\">L\u00e4hde: <a href=\"https:\/\/www.sportsnet.ca\/nhl\/article\/marc-bergevin-joining-sabres-as-associate-general-manager\/\" target=\"_blank\" rel=\"noopener nofollow\">Sportsnet<\/a><\/p>\n<p>Marc Bergevin siirtyy Buffaloon. AOP<\/p>\n","protected":false},"excerpt":{"rendered":"Marc Bergevin siirtyy Buffaloon. Jarmo Kek\u00e4l\u00e4inen on pist\u00e4nyt tuulemaan Buffalossa. Timo Hartikainen \/ AOP Jarmo Kek\u00e4l\u00e4inen on hankkinut&hellip;\n","protected":false},"author":2,"featured_media":122069,"comment_status":"","ping_status":"","sticky":false,"template":"","format":"standard","meta":{"footnotes":""},"categories":[158],"tags":[35,1144,33,31,30,1143,41,1146,159,32,1145,160],"class_list":{"0":"post-122068","1":"post","2":"type-post","3":"status-publish","4":"format-standard","5":"has-post-thumbnail","7":"category-urheilu","8":"tag-24h","9":"tag-ammattilaisjaakiekko","10":"tag-fi","11":"tag-finland","12":"tag-finnish","13":"tag-jaakiekko","14":"tag-liikunta-ja-urheilu","15":"tag-miesten-jaakiekko","16":"tag-sports","17":"tag-suomi","18":"tag-talviurheilu","19":"tag-urheilu"},"share_on_mastodon":{"url":"https:\/\/pubeurope.com\/@fi\/115756228110653666","error":""},"_links":{"self":[{"href":"https:\/\/www.europesays.com\/fi\/wp-json\/wp\/v2\/posts\/122068","targetHints":{"allow":["GET"]}}],"collection":[{"href":"https:\/\/www.europesays.com\/fi\/wp-json\/wp\/v2\/posts"}],"about":[{"href":"https:\/\/www.europesays.com\/fi\/wp-json\/wp\/v2\/types\/post"}],"author":[{"embeddable":true,"href":"https:\/\/www.europesays.com\/fi\/wp-json\/wp\/v2\/users\/2"}],"replies":[{"embeddable":true,"href":"https:\/\/www.europesays.com\/fi\/wp-json\/wp\/v2\/comments?post=122068"}],"version-history":[{"count":0,"href":"https:\/\/www.europesays.com\/fi\/wp-json\/wp\/v2\/posts\/122068\/revisions"}],"wp:featuredmedia":[{"embeddable":true,"href":"https:\/\/www.europesays.com\/fi\/wp-json\/wp\/v2\/media\/122069"}],"wp:attachment":[{"href":"https:\/\/www.europesays.com\/fi\/wp-json\/wp\/v2\/media?parent=122068"}],"wp:term":[{"taxonomy":"category","embeddable":true,"href":"https:\/\/www.europesays.com\/fi\/wp-json\/wp\/v2\/categories?post=122068"},{"taxonomy":"post_tag","embeddable":true,"href":"https:\/\/www.europesays.com\/fi\/wp-json\/wp\/v2\/tags?post=122068"}],"curies":[{"name":"wp","href":"https:\/\/api.w.org\/{rel}","templated":true}]}}