{"id":122074,"date":"2025-12-21T06:54:09","date_gmt":"2025-12-21T06:54:09","guid":{"rendered":"https:\/\/www.europesays.com\/fi\/122074\/"},"modified":"2025-12-21T06:54:09","modified_gmt":"2025-12-21T06:54:09","slug":"san-franciscossa-sahkokatko-ilta-sanomat","status":"publish","type":"post","link":"https:\/\/www.europesays.com\/fi\/122074\/","title":{"rendered":"San Franciscossa s\u00e4hk\u00f6katko &#8211; Ilta-Sanomat"},"content":{"rendered":"<p>San Franciscon suuri s\u00e4hk\u00f6katko muun muassa sotki liikenteen.<\/p>\n<p class=\"article-body mb-nof-24 px-nof-16\">San Franciscossa Yhdysvalloissa katkesivat s\u00e4hk\u00f6t noin 130\u202f000 asiakkaalta lauantaina, kertoi alueella toimiva s\u00e4hk\u00f6yhti\u00f6 Pacific Gas &amp; Electric.<\/p>\n<p class=\"article-body mb-nof-24 px-nof-16\">Yhti\u00f6 tiedotti <a class=\"article-genericlink\" href=\"https:\/\/x.com\/PGE4Me\/status\/2002534714389717370\" rel=\"nofollow\">X:ss\u00e4<\/a> lauantaina loppuiltap\u00e4iv\u00e4st\u00e4 paikallista aikaa, ettei se ollut varma, saadaanko s\u00e4hk\u00f6t takaisin saman p\u00e4iv\u00e4n aikana. S\u00e4hk\u00f6verkko oli kuitenkin yhti\u00f6n mukaan saatu vakautettua eik\u00e4 lis\u00e4\u00e4 katkoja ollut odotettavissa.<\/p>\n<p class=\"article-body mb-nof-24 px-nof-16\">San Franciscossa on noin 800\u202f000 asukasta. Pime\u00e4n\u00e4 on noin 30 prosenttia kaupungista, kertoo <a class=\"article-genericlink\" href=\"https:\/\/www.latimes.com\/california\/story\/2025-12-20\/san-francisco-power-outage-bart-muni\" rel=\"nofollow noopener\" target=\"_blank\">Los Angeles Times<\/a>. Sen mukaan esimerkiksi keskustan metro ja l\u00e4hijunat pys\u00e4htyiv\u00e4t katkon takia.<\/p>\n<p class=\"article-body mb-nof-24 px-nof-16\">Katkos alkoi lauantaiaamuna paikallista aikaa kaupungin l\u00e4nsiosassa, ja levisi sen j\u00e4lkeen kortteli kerrallaan, kertoi sanomalehti <a class=\"article-genericlink\" href=\"https:\/\/www.sfchronicle.com\/sf\/article\/pg-e-outage-40-000-customers-without-power-21254326.php\" rel=\"nofollow noopener\" target=\"_blank\">San Francisco Chronicle<\/a>.<\/p>\n<p class=\"article-body mb-nof-24 px-nof-16\">Lehden mukaan s\u00e4hk\u00f6katkos aiheutti my\u00f6s autoliikenteen jumiutumista, kun liikennevalot eiv\u00e4t toimineet. San Franciscon energiavirasto <a class=\"article-genericlink\" href=\"https:\/\/x.com\/SF_emergency\/status\/2002525979689038264\" rel=\"nofollow\">kehotti<\/a> asukkaita v\u00e4ltt\u00e4m\u00e4\u00e4n matkustamista, ellei se ole v\u00e4ltt\u00e4m\u00e4t\u00f6nt\u00e4. Virasto kehotti my\u00f6s v\u00e4ltt\u00e4m\u00e4\u00e4n h\u00e4t\u00e4keskukseen soittamista muissa kuin henke\u00e4 uhkaavissa h\u00e4t\u00e4tilanteissa.<\/p>\n<p class=\"article-body mb-nof-24 px-nof-16\">Ainakin osasyyn\u00e4 katkon laajuuteen oli tulipalo yhdell\u00e4 s\u00e4hk\u00f6njakeluasemalla, kertoi Los Angeles Times. Se ei kuitenkaan lehden mukaan ollut koko selitys, sill\u00e4 ensimm\u00e4iset s\u00e4hk\u00f6katkot alkoivat aamulla ja tulipalo syttyi vasta iltap\u00e4iv\u00e4ll\u00e4.<\/p>\n","protected":false},"excerpt":{"rendered":"San Franciscon suuri s\u00e4hk\u00f6katko muun muassa sotki liikenteen. San Franciscossa Yhdysvalloissa katkesivat s\u00e4hk\u00f6t noin 130\u202f000 asiakkaalta lauantaina, kertoi&hellip;\n","protected":false},"author":2,"featured_media":1024,"comment_status":"","ping_status":"","sticky":false,"template":"","format":"standard","meta":{"footnotes":""},"categories":[14],"tags":[22,23,26,27,33,31,30,17,34,24,25,28,29,15,18,21,32,19,20,56,16,59,60,61],"class_list":{"0":"post-122074","1":"post","2":"type-post","3":"status-publish","4":"format-standard","5":"has-post-thumbnail","7":"category-ulkomaat","8":"tag-breaking-news","9":"tag-breakingnews","10":"tag-featured-news","11":"tag-featurednews","12":"tag-fi","13":"tag-finland","14":"tag-finnish","15":"tag-headlines","16":"tag-ilta-sanomat","17":"tag-latest-news","18":"tag-latestnews","19":"tag-main-news","20":"tag-mainnews","21":"tag-news","22":"tag-otsikot","23":"tag-paauutiset","24":"tag-suomi","25":"tag-top-stories","26":"tag-topstories","27":"tag-ulkomaat","28":"tag-uutiset","29":"tag-world","30":"tag-world-news","31":"tag-worldnews"},"share_on_mastodon":{"url":"https:\/\/pubeurope.com\/@fi\/115756247607273015","error":""},"_links":{"self":[{"href":"https:\/\/www.europesays.com\/fi\/wp-json\/wp\/v2\/posts\/122074","targetHints":{"allow":["GET"]}}],"collection":[{"href":"https:\/\/www.europesays.com\/fi\/wp-json\/wp\/v2\/posts"}],"about":[{"href":"https:\/\/www.europesays.com\/fi\/wp-json\/wp\/v2\/types\/post"}],"author":[{"embeddable":true,"href":"https:\/\/www.europesays.com\/fi\/wp-json\/wp\/v2\/users\/2"}],"replies":[{"embeddable":true,"href":"https:\/\/www.europesays.com\/fi\/wp-json\/wp\/v2\/comments?post=122074"}],"version-history":[{"count":0,"href":"https:\/\/www.europesays.com\/fi\/wp-json\/wp\/v2\/posts\/122074\/revisions"}],"wp:featuredmedia":[{"embeddable":true,"href":"https:\/\/www.europesays.com\/fi\/wp-json\/wp\/v2\/media\/1024"}],"wp:attachment":[{"href":"https:\/\/www.europesays.com\/fi\/wp-json\/wp\/v2\/media?parent=122074"}],"wp:term":[{"taxonomy":"category","embeddable":true,"href":"https:\/\/www.europesays.com\/fi\/wp-json\/wp\/v2\/categories?post=122074"},{"taxonomy":"post_tag","embeddable":true,"href":"https:\/\/www.europesays.com\/fi\/wp-json\/wp\/v2\/tags?post=122074"}],"curies":[{"name":"wp","href":"https:\/\/api.w.org\/{rel}","templated":true}]}}