{"id":122075,"date":"2025-12-21T06:55:07","date_gmt":"2025-12-21T06:55:07","guid":{"rendered":"https:\/\/www.europesays.com\/fi\/122075\/"},"modified":"2025-12-21T06:55:07","modified_gmt":"2025-12-21T06:55:07","slug":"laura-haimila-olen-alkoholisti-ilta-sanomat","status":"publish","type":"post","link":"https:\/\/www.europesays.com\/fi\/122075\/","title":{"rendered":"Laura Haimila: \u201dOlen alkoholisti\u201d &#8211; Ilta-Sanomat"},"content":{"rendered":"<p>Laura Haimila juonsi pahan alkoholisminsa aikaan ohjelmaa NRJ:ll\u00e4.<\/p>\n<p class=\"article-body mb-nof-24 px-nof-16\">Juontaja <a class=\"article-personlink\" href=\"https:\/\/www.is.fi\/haku\/?query=Laura%20Haimila\" rel=\"nofollow noopener\" target=\"_blank\">Laura Haimila<\/a> kertoo podcastissaan Haimilan kuplassa olevansa alkoholisti.<\/p>\n<p class=\"article-body mb-nof-24 px-nof-16\">Haimila paljastaa, ett\u00e4 kun h\u00e4n juonsi NRJ:n Iltap\u00e4iv\u00e4-ohjelmaa, h\u00e4nen alkoholisminsa oli erityisen pahana. H\u00e4n kertoo podcastissaan juoneensa tuolloin hyvin usein aamuy\u00f6h\u00f6n saakka.<\/p>\n<p class=\"article-body mb-nof-24 px-nof-16\">\u2013 Ty\u00f6p\u00e4iv\u00e4t alkoivat kympilt\u00e4, sinne mentiin silm\u00e4t punaisina k\u00e4det t\u00e4risten.<\/p>\n<p class=\"article-body mb-nof-24 px-nof-16\">Haimilan alkoholink\u00e4ytt\u00f6 riist\u00e4ytyi k\u00e4sist\u00e4, kun h\u00e4nen kumppaninsa kuoli vuonna 2013. Ennen sit\u00e4 Haimila oli maltillinen alkoholin juoja, juoden kavereidensa kanssa viikonloppuisin olutta.<\/p>\n<p class=\"article-body mb-nof-24 px-nof-16\">Kun ex-kumppani riisti itselt\u00e4\u00e4n hengen, juominen muuttui, Haimila kertoo podcastissa.<\/p>\n<p class=\"article-body mb-nof-24 px-nof-16\">\u2013 H\u00e4n teki p\u00e4\u00e4t\u00f6ksen aivan itse. T\u00e4m\u00e4 tapahtui kuukausi meid\u00e4n eron j\u00e4lkeen, Haimila sanoo.<\/p>\n<p class=\"article-body mb-nof-24 px-nof-16\">Juhliminen oli jo ennen tuota runsasta, mutta Haimila kuvailee sit\u00e4 viel\u00e4 rehellisesti hauskanpidoksi. Sitten \u201dviina alkoi vied\u00e4\u201d.<\/p>\n<p class=\"article-body mb-nof-24 px-nof-16\">\u2013 Olin aina se, joka nostatti tunnelman kattoon ja tykk\u00e4sin aktivoida ihmisi\u00e4, ett\u00e4 nyt l\u00e4hdet\u00e4\u00e4n pit\u00e4m\u00e4\u00e4n hauskaa. T\u00e4st\u00e4 roolistahan ei voinut luopua miss\u00e4\u00e4n nimess\u00e4, kun t\u00e4m\u00e4 tragedia k\u00e4vi.<\/p>\n<p class=\"article-body mb-nof-24 px-nof-16\">Haimilalle t\u00e4rkeint\u00e4 oli se, ett\u00e4 koko ajan \u201dhauskaa\u201d. Ensin Haimila joi kaksi p\u00e4iv\u00e4\u00e4 viikossa, mutta nopeasti juominen yltyi jokap\u00e4iv\u00e4iseksi.<\/p>\n<p class=\"article-body mb-nof-24 px-nof-16\">\u2013 Se tarkoitti sit\u00e4, ett\u00e4 k\u00e4ytin mun yst\u00e4vi\u00e4 v\u00e4linein\u00e4 siihen, ett\u00e4 p\u00e4\u00e4sen juomaan, Haimila sanoo.<\/p>\n<p class=\"article-body mb-nof-24 px-nof-16\">Kun yst\u00e4v\u00e4t l\u00e4htiv\u00e4t yhden tai kahden juoman j\u00e4lkeen, Haimila j\u00e4i baariin ja joi pilkkuun asti seuraavan p\u00e4iv\u00e4n t\u00f6ist\u00e4 huolimatta.<\/p>\n<p class=\"article-body mb-nof-24 px-nof-16\">\u2013 Jonkun aikaa se meni nuoruuden ja villeyden piikkiin ja toisaalta v\u00e4h\u00e4n sellaisen, ett\u00e4 kukaan ei halua sanoa siit\u00e4 mit\u00e4\u00e4n, koska tiesiv\u00e4t, ett\u00e4 mulla on ollut rankka el\u00e4m\u00e4nvaihe, Haimila lis\u00e4\u00e4 podcast-jaksossa.<\/p>\n<p class=\"article-body mb-nof-24 px-nof-16\">Kes\u00e4ll\u00e4 2013 l\u00e4himm\u00e4t yst\u00e4v\u00e4t alkoivat kyselem\u00e4\u00e4n Haimilan voinnista. My\u00f6s radion juontajakollega alkoi olemaan huolissaan Haimilasta. H\u00e4n ei my\u00f6nt\u00e4nyt asiaa.<\/p>\n<p class=\"article-body mb-nof-24 px-nof-16\">Sitten tulivat uudet bileet.<\/p>\n<p class=\"article-body mb-nof-24 px-nof-16\">\u2013 Syyskuussa 2013 oltiin juhlimassa uuden yst\u00e4v\u00e4ni, nyky\u00e4\u00e4n pitk\u00e4aikaisen yst\u00e4v\u00e4ni, ensimm\u00e4isen albumin julkaisujuhlia Kuudennella linjalla. Min\u00e4 vet\u00e4isin torstai-iltana aivan hirvitt\u00e4v\u00e4t jurrit, Haimila muistelee.<\/p>\n<p class=\"article-body mb-nof-24 px-nof-16\">Juontaja h\u00e4vitti omaisuutensa, kuten lompakkonsa ja puhelimensa. H\u00e4n ei muistanut er\u00e4st\u00e4 merkityksellist\u00e4 keskustelua illalta lainkaan.<\/p>\n<p class=\"article-body mb-nof-24 px-nof-16\">\u2013 Perjantai-aamuna, kun t\u00f6ihin l\u00e4hdin, mulla oli aivan hirve\u00e4 krapula. Olin l\u00e4hd\u00f6ss\u00e4 t\u00f6ihin tekem\u00e4\u00e4n Suomen kuunnelluinta radio-ohjelmaa ja ajattelin, ett\u00e4 nyt on jotenkin outo olo, Haimila pohtii.<\/p>\n<p class=\"article-body mb-nof-24 px-nof-16\">\u2013 Joku sein\u00e4 tuli vastaan, Haimila sanoo.<\/p>\n<p class=\"article-body mb-nof-24 px-nof-16\">Haimila her\u00e4si tilanteeseensa. H\u00e4n ei saanut yrityksest\u00e4 huolimatta ammattiapua, mutta h\u00e4n p\u00e4\u00e4tti kertoa totuuden kaikille yst\u00e4villeen ja pyysi apua. H\u00e4n kertoo olevansa nyky\u00e4\u00e4n raitis.<\/p>\n<p class=\"article-body mb-nof-24 px-nof-16\">Laura Haimila on tunnettu muun muassa radiosta. H\u00e4n on juontanut NRJ:ll\u00e4, Radio Helsingiss\u00e4 ja Ylell\u00e4 YleX:ll\u00e4 sek\u00e4 Yle Radio Suomessa.<\/p>\n","protected":false},"excerpt":{"rendered":"Laura Haimila juonsi pahan alkoholisminsa aikaan ohjelmaa NRJ:ll\u00e4. Juontaja Laura Haimila kertoo podcastissaan Haimilan kuplassa olevansa alkoholisti. Haimila&hellip;\n","protected":false},"author":2,"featured_media":122076,"comment_status":"","ping_status":"","sticky":false,"template":"","format":"standard","meta":{"footnotes":""},"categories":[12],"tags":[22,23,26,27,33,31,30,17,34,24,25,28,29,15,18,21,32,19,20,16],"class_list":{"0":"post-122075","1":"post","2":"type-post","3":"status-publish","4":"format-standard","5":"has-post-thumbnail","7":"category-suomi","8":"tag-breaking-news","9":"tag-breakingnews","10":"tag-featured-news","11":"tag-featurednews","12":"tag-fi","13":"tag-finland","14":"tag-finnish","15":"tag-headlines","16":"tag-ilta-sanomat","17":"tag-latest-news","18":"tag-latestnews","19":"tag-main-news","20":"tag-mainnews","21":"tag-news","22":"tag-otsikot","23":"tag-paauutiset","24":"tag-suomi","25":"tag-top-stories","26":"tag-topstories","27":"tag-uutiset"},"share_on_mastodon":{"url":"https:\/\/pubeurope.com\/@fi\/115756251437355232","error":""},"_links":{"self":[{"href":"https:\/\/www.europesays.com\/fi\/wp-json\/wp\/v2\/posts\/122075","targetHints":{"allow":["GET"]}}],"collection":[{"href":"https:\/\/www.europesays.com\/fi\/wp-json\/wp\/v2\/posts"}],"about":[{"href":"https:\/\/www.europesays.com\/fi\/wp-json\/wp\/v2\/types\/post"}],"author":[{"embeddable":true,"href":"https:\/\/www.europesays.com\/fi\/wp-json\/wp\/v2\/users\/2"}],"replies":[{"embeddable":true,"href":"https:\/\/www.europesays.com\/fi\/wp-json\/wp\/v2\/comments?post=122075"}],"version-history":[{"count":0,"href":"https:\/\/www.europesays.com\/fi\/wp-json\/wp\/v2\/posts\/122075\/revisions"}],"wp:featuredmedia":[{"embeddable":true,"href":"https:\/\/www.europesays.com\/fi\/wp-json\/wp\/v2\/media\/122076"}],"wp:attachment":[{"href":"https:\/\/www.europesays.com\/fi\/wp-json\/wp\/v2\/media?parent=122075"}],"wp:term":[{"taxonomy":"category","embeddable":true,"href":"https:\/\/www.europesays.com\/fi\/wp-json\/wp\/v2\/categories?post=122075"},{"taxonomy":"post_tag","embeddable":true,"href":"https:\/\/www.europesays.com\/fi\/wp-json\/wp\/v2\/tags?post=122075"}],"curies":[{"name":"wp","href":"https:\/\/api.w.org\/{rel}","templated":true}]}}