{"id":122077,"date":"2025-12-21T06:56:08","date_gmt":"2025-12-21T06:56:08","guid":{"rendered":"https:\/\/www.europesays.com\/fi\/122077\/"},"modified":"2025-12-21T06:56:08","modified_gmt":"2025-12-21T06:56:08","slug":"toimittaja-minna-ala-heikkila-toipui-yli-viisi-tuntia-kestaneesta-leikkauksesta-sitten-tapahtui-jotain-mika-oli-vieda-hengen","status":"publish","type":"post","link":"https:\/\/www.europesays.com\/fi\/122077\/","title":{"rendered":"Toimittaja Minna Ala-Heikkil\u00e4 toipui yli viisi tuntia kest\u00e4neest\u00e4 leikkauksesta \u2013 Sitten tapahtui jotain, mik\u00e4 oli vied\u00e4 hengen"},"content":{"rendered":"<p>Minna Ala-Heikkil\u00e4 kertoo juttusarjassaan, millaista on sairastaa sy\u00f6p\u00e4\u00e4. Sarjan 14. osassa h\u00e4n kertoo h\u00e4nelle tehdyst\u00e4 suuresta leikkauksesta. Se onnistui hyvin, mutta seuraavana p\u00e4iv\u00e4n\u00e4 hoitaja joutui h\u00e4lytt\u00e4m\u00e4\u00e4n elvytystiimin. Nyt edess\u00e4 on totuttelu uudenlaiseen el\u00e4m\u00e4\u00e4n.<\/p>\n<p class=\"article-body mb-nof-24 px-nof-16\">Aamulehti<\/p>\n<p class=\"article-body mb-nof-24 px-nof-16\">Avaan silm\u00e4ni. Ensimm\u00e4iseksi n\u00e4en digitaalisen kellotaulun keltaiset numerot: ne n\u00e4ytt\u00e4v\u00e4t aikaa 14.20.<\/p>\n<p class=\"article-body mb-nof-24 px-nof-16\">Hoitaja seisoo s\u00e4nkyni vieress\u00e4. \u201dOlen onnellinen, ett\u00e4 her\u00e4sin ja olen takaisin t\u00e4ss\u00e4 el\u00e4m\u00e4ss\u00e4\u201d, sanon h\u00e4nelle ensi sanoikseni.<\/p>\n","protected":false},"excerpt":{"rendered":"Minna Ala-Heikkil\u00e4 kertoo juttusarjassaan, millaista on sairastaa sy\u00f6p\u00e4\u00e4. Sarjan 14. osassa h\u00e4n kertoo h\u00e4nelle tehdyst\u00e4 suuresta leikkauksesta. Se&hellip;\n","protected":false},"author":2,"featured_media":122078,"comment_status":"","ping_status":"","sticky":false,"template":"","format":"standard","meta":{"footnotes":""},"categories":[5],"tags":[157,22,23,26,27,33,31,30,17,24,25,28,29,15,18,21,32,19,20,16],"class_list":{"0":"post-122077","1":"post","2":"type-post","3":"status-publish","4":"format-standard","5":"has-post-thumbnail","7":"category-otsikot","8":"tag-aamulehti","9":"tag-breaking-news","10":"tag-breakingnews","11":"tag-featured-news","12":"tag-featurednews","13":"tag-fi","14":"tag-finland","15":"tag-finnish","16":"tag-headlines","17":"tag-latest-news","18":"tag-latestnews","19":"tag-main-news","20":"tag-mainnews","21":"tag-news","22":"tag-otsikot","23":"tag-paauutiset","24":"tag-suomi","25":"tag-top-stories","26":"tag-topstories","27":"tag-uutiset"},"share_on_mastodon":{"url":"https:\/\/pubeurope.com\/@fi\/115756255307230577","error":""},"_links":{"self":[{"href":"https:\/\/www.europesays.com\/fi\/wp-json\/wp\/v2\/posts\/122077","targetHints":{"allow":["GET"]}}],"collection":[{"href":"https:\/\/www.europesays.com\/fi\/wp-json\/wp\/v2\/posts"}],"about":[{"href":"https:\/\/www.europesays.com\/fi\/wp-json\/wp\/v2\/types\/post"}],"author":[{"embeddable":true,"href":"https:\/\/www.europesays.com\/fi\/wp-json\/wp\/v2\/users\/2"}],"replies":[{"embeddable":true,"href":"https:\/\/www.europesays.com\/fi\/wp-json\/wp\/v2\/comments?post=122077"}],"version-history":[{"count":0,"href":"https:\/\/www.europesays.com\/fi\/wp-json\/wp\/v2\/posts\/122077\/revisions"}],"wp:featuredmedia":[{"embeddable":true,"href":"https:\/\/www.europesays.com\/fi\/wp-json\/wp\/v2\/media\/122078"}],"wp:attachment":[{"href":"https:\/\/www.europesays.com\/fi\/wp-json\/wp\/v2\/media?parent=122077"}],"wp:term":[{"taxonomy":"category","embeddable":true,"href":"https:\/\/www.europesays.com\/fi\/wp-json\/wp\/v2\/categories?post=122077"},{"taxonomy":"post_tag","embeddable":true,"href":"https:\/\/www.europesays.com\/fi\/wp-json\/wp\/v2\/tags?post=122077"}],"curies":[{"name":"wp","href":"https:\/\/api.w.org\/{rel}","templated":true}]}}