{"id":122081,"date":"2025-12-21T07:11:12","date_gmt":"2025-12-21T07:11:12","guid":{"rendered":"https:\/\/www.europesays.com\/fi\/122081\/"},"modified":"2025-12-21T07:11:12","modified_gmt":"2025-12-21T07:11:12","slug":"tanaan-tvssa-kotimainen-elokuva-vuodelta-2007-eero-milonoff-tekee-mahtavan-roolisuorituksen","status":"publish","type":"post","link":"https:\/\/www.europesays.com\/fi\/122081\/","title":{"rendered":"T\u00e4n\u00e4\u00e4n tv:ss\u00e4: Kotimainen elokuva vuodelta 2007 \u2013 Eero Milonoff tekee mahtavan roolisuorituksen"},"content":{"rendered":"<p>T\u00e4n\u00e4\u00e4n n\u00e4hd\u00e4\u00e4n televisiossa vuonna 2007 valmistunut Ganes.<\/p>\n<p>Vaikka Suomessa tehd\u00e4\u00e4nkin elokuvia my\u00f6s vahvoista alkuper\u00e4isaiheista, ammennetaan t\u00e4\u00e4ll\u00e4 samalla edelleen kansallisten aiheiden ja pienen maan yli-innokkaan julkkiskulttuurin ruokkimasta tarinal\u00e4hteest\u00e4.<\/p>\n<p>Henry \u201dRemu\u201d Aaltosen historia ryysyist\u00e4 rikkauksiin ja Suomen katu-uskottavimmaksi rockikoniksi on toki huomattavasti kiinnostavampi ja siten perustellummin valkokangasajan arvoinen kuin monen sinne viime vuosina kivunneen l\u00f6\u00f6ppipellen. Legendaarisen Hurriganes-yhtyeen keulakuvana julkisuuteen 1971 nousseen ja siell\u00e4 siit\u00e4 asti pysyneen Remun varhainen el\u00e4m\u00e4 on kuin rappioromantiikalla h\u00f6ystetty\u00e4 rock-lyriikkaa, jossa liikutaan huumeiden, seksin, vankilan ja r\u00f6t\u00f6stelysekoilun maailmassa.<\/p>\n<p>Toisin kuin viinalla itsens\u00e4 lopulta tappanut Hurriganes-basisti Cisse H\u00e4kkinen, Remu ei kuitenkaan ryhtynyt juomaan todistettuaan mit\u00e4 se teki h\u00e4nen is\u00e4lleen. Laittomuuksiin tuleva rokkari ajautui puolestaan jo teinin\u00e4, ja k\u00e4rsitty\u00e4\u00e4n ensimm\u00e4isen linnareissunsa h\u00e4n liittyi rumpaliksi Kalevala-nimiseen b\u00e4ndiin. Lennetty\u00e4\u00e4n riitojen j\u00e4lkeen yhtyeest\u00e4 pihalle Remu perustaa filmiss\u00e4 oman pumpun \u2013 Hurriganesin, johon liittyv\u00e4t my\u00f6s basisti H\u00e4kkinen sek\u00e4 kitaristit Ile Kallio ja t\u00e4m\u00e4n my\u00f6hemmin korvannut Albert J\u00e4rvinen.<\/p>\n<p>Lue my\u00f6s: <a href=\"https:\/\/www.episodi.fi\/uutiset\/ensimmainen-suomalainen-netflix-elokuva-on-neljan-tahden-rikoskomedia-eero-ritala-on-mainio-paaroolissa\/\" title=\"Ensimm\u00e4inen suomalainen Netflix-elokuva on nelj\u00e4n t\u00e4hden rikoskomedia \u2013 Eero Ritala on mainio p\u00e4\u00e4roolissa\" class=\"underline-custom !font-montserrat !font-bold !underline-offset-4 !decoration-4 !decoration-episodi-blue !text-md\" rel=\"nofollow noopener\" target=\"_blank\">Ensimm\u00e4inen suomalainen Netflix-elokuva on nelj\u00e4n t\u00e4hden rikoskomedia \u2013 Eero Ritala on mainio p\u00e4\u00e4roolissa<\/a><\/p>\n<p>B\u00e4ndin suosio kasvaa nopeasti, mutta juuri levytyssopimuksen kynnyksell\u00e4 tuttu huumepoliisi (<strong>Kari Hietalahti<\/strong> vaihteeksi vakavana) kostaa pitk\u00e4\u00e4n vihaamalleen Remulle passittamalla t\u00e4m\u00e4n vankilaan vanhasta rikoksesta. Vastustettuaan pakenemisen houkutusta Remu vapautuu juuri ajoissa ehti\u00e4kseen esikois-EP:n nauhoitukseen Tukholmaan. Siell\u00e4 paikalle tupsahtaa kuitenkin vanha nuoruudenyst\u00e4v\u00e4, joka pyyt\u00e4\u00e4 Remulta uskaliasta palvelusta\u2026<\/p>\n<p>Ohjaaja <strong>JP Siili<\/strong> (H\u00e4rm\u00e4, Veljeni vartija) ruokkii kerrontaansa energialla, joka on johdettu kuin suoraan b\u00e4ndin vahvistimesta. Ganes sykkii eteenp\u00e4in sopivan rupisella ja tyylikk\u00e4\u00e4ll\u00e4 soundilla, joka tekee sen parissa viihtymisest\u00e4 helppoa vaikka ei b\u00e4ndin suurimpiin faneihin kuuluisikaan.<\/p>\n<p>P\u00e4\u00e4osassa esiintyv\u00e4 <strong>Eero Milonoff<\/strong> antaa vimmaisen suorituksen, joka tuntuu keikkuvan ajoittain jopa ylin\u00e4yttelemisen rajoilla. Roolissa on mukana paljon esikuvaltaan napattuja maneereja, joiden ylenm\u00e4\u00e4r\u00e4inen k\u00e4ytt\u00e4minen tekee lopputuloksesta hieman imitaattorimaisen. Milonoff kantaa Ganeksen kuitenkin ryhdikk\u00e4\u00e4sti harteillaan, sill\u00e4 melko pian k\u00e4y selv\u00e4ksi ett\u00e4 kyseess\u00e4 on juuri Remu Aaltosen soolotarina. Niinp\u00e4 H\u00e4kkist\u00e4 ja J\u00e4rvist\u00e4 tulkitsevat <strong>Olavi Uusivirta<\/strong> ja <strong>Jussi Nikkil\u00e4<\/strong> j\u00e4\u00e4v\u00e4t melko lailla statistien osaan.<\/p>\n<p>Ganes esitet\u00e4\u00e4n nyt Star Channelilla kolme kertaa:<\/p>\n<ul class=\"wp-block-list\">\n<li>La 20.12.2025 klo 21.00<\/li>\n<li>Ti 23.12.2025 klo 22.00<\/li>\n<li>Pe 26.12.2025 klo 22.35<\/li>\n<\/ul>\n<p>Katso traileri alta.<\/p>\n<p><img loading=\"lazy\" decoding=\"async\" alt=\"YouTube video\" width=\"480\" height=\"360\" data-pin-nopin=\"true\" nopin=\"nopin\" class=\"perfmatters-lazy\" src=\"https:\/\/www.europesays.com\/fi\/wp-content\/uploads\/2025\/12\/1766301072_763_hqdefault.jpg\"\/><\/p>\n<p>Lue my\u00f6s: <a href=\"https:\/\/www.episodi.fi\/uutiskirje\/?uutiskirjemainos=tekstilinkkimainos\" title=\"Tilaa Episodin uutiskirje ja voit voittaa leffalippuja! Nappaa tv-vinkit suoraan s\u00e4hk\u00f6postiin t\u00e4st\u00e4.\" class=\"underline-custom !font-montserrat !font-bold !underline-offset-4 !decoration-4 !decoration-episodi-blue !text-md\" rel=\"nofollow noopener\" target=\"_blank\">Tilaa Episodin uutiskirje ja voit voittaa leffalippuja! Nappaa katseluvinkit suoraan s\u00e4hk\u00f6postiin t\u00e4st\u00e4.<\/a><\/p>\n","protected":false},"excerpt":{"rendered":"T\u00e4n\u00e4\u00e4n n\u00e4hd\u00e4\u00e4n televisiossa vuonna 2007 valmistunut Ganes. Vaikka Suomessa tehd\u00e4\u00e4nkin elokuvia my\u00f6s vahvoista alkuper\u00e4isaiheista, ammennetaan t\u00e4\u00e4ll\u00e4 samalla edelleen&hellip;\n","protected":false},"author":2,"featured_media":122082,"comment_status":"","ping_status":"","sticky":false,"template":"","format":"standard","meta":{"footnotes":""},"categories":[133],"tags":[137,33,31,30,32,206,139,156,109],"class_list":{"0":"post-122081","1":"post","2":"type-post","3":"status-publish","4":"format-standard","5":"has-post-thumbnail","7":"category-televisiot","8":"tag-entertainment","9":"tag-fi","10":"tag-finland","11":"tag-finnish","12":"tag-suomi","13":"tag-televisiot","14":"tag-tv-ohjelmat","15":"tag-tv","16":"tag-viihde"},"share_on_mastodon":{"url":"https:\/\/pubeurope.com\/@fi\/115756314580212434","error":""},"_links":{"self":[{"href":"https:\/\/www.europesays.com\/fi\/wp-json\/wp\/v2\/posts\/122081","targetHints":{"allow":["GET"]}}],"collection":[{"href":"https:\/\/www.europesays.com\/fi\/wp-json\/wp\/v2\/posts"}],"about":[{"href":"https:\/\/www.europesays.com\/fi\/wp-json\/wp\/v2\/types\/post"}],"author":[{"embeddable":true,"href":"https:\/\/www.europesays.com\/fi\/wp-json\/wp\/v2\/users\/2"}],"replies":[{"embeddable":true,"href":"https:\/\/www.europesays.com\/fi\/wp-json\/wp\/v2\/comments?post=122081"}],"version-history":[{"count":0,"href":"https:\/\/www.europesays.com\/fi\/wp-json\/wp\/v2\/posts\/122081\/revisions"}],"wp:featuredmedia":[{"embeddable":true,"href":"https:\/\/www.europesays.com\/fi\/wp-json\/wp\/v2\/media\/122082"}],"wp:attachment":[{"href":"https:\/\/www.europesays.com\/fi\/wp-json\/wp\/v2\/media?parent=122081"}],"wp:term":[{"taxonomy":"category","embeddable":true,"href":"https:\/\/www.europesays.com\/fi\/wp-json\/wp\/v2\/categories?post=122081"},{"taxonomy":"post_tag","embeddable":true,"href":"https:\/\/www.europesays.com\/fi\/wp-json\/wp\/v2\/tags?post=122081"}],"curies":[{"name":"wp","href":"https:\/\/api.w.org\/{rel}","templated":true}]}}