{"id":122093,"date":"2025-12-21T07:22:08","date_gmt":"2025-12-21T07:22:08","guid":{"rendered":"https:\/\/www.europesays.com\/fi\/122093\/"},"modified":"2025-12-21T07:22:08","modified_gmt":"2025-12-21T07:22:08","slug":"kreml-putin-valmis-keskustelemaan-macronin-kanssa","status":"publish","type":"post","link":"https:\/\/www.europesays.com\/fi\/122093\/","title":{"rendered":"Kreml: Putin valmis keskustelemaan Macronin kanssa"},"content":{"rendered":"<p><strong class=\"typography-bold\">Vladimir Putin on ilmaissut halunsa vuoropuheluun Ranskan presidentin kanssa.<\/strong><\/p>\n<p>Ven\u00e4j\u00e4n presidentti <strong class=\"typography-bold\">Vladimir Putin<\/strong> on valmis keskustelemaan Ranskan presidentti <strong class=\"typography-bold\">Emmanuel Macronin<\/strong> kanssa Ukrainan sodasta. Asiasta kertoi sunnuntaina Kremlin tiedottaja <strong class=\"typography-bold\">Dmitri Peskov<\/strong>.\u00a0<\/p>\n<p>Peskov sanoi Ven\u00e4j\u00e4n valtiollisen uutistoimisto RIA Novostin haastattelussa, ett\u00e4 Putin on ilmaissut valmiutensa vuoropuheluun Macronin kanssa.<\/p>\n<p>Macron sanoi aiemmin t\u00e4ll\u00e4 viikolla uskovansa, ett\u00e4 Euroopan tulisi ottaa uudelleen yhteytt\u00e4 Putiniin sodan lopettamiseksi Ukrainassa.<\/p>\n<p>EU-maat sopivat perjantaina 90 miljardin euron yhteisest\u00e4 lainasta, jolla taataan Ukrainan taloudellinen tuki vuosille 2026\u20132027. Maat eiv\u00e4t p\u00e4\u00e4sseet sopimukseen j\u00e4\u00e4dytettyjen ven\u00e4l\u00e4isvarojen k\u00e4ytt\u00e4misest\u00e4 Ukrainan tueksi.<\/p>\n<p>Lue lis\u00e4\u00e4: <a class=\"cursor-pointer underline\" data-testid=\"internal-link\" role=\"link\" data-sentry-element=\"Link\" data-sentry-component=\"InternalLink\" data-sentry-source-file=\"InternalLink.tsx\" href=\"https:\/\/www.mtvuutiset.fi\/artikkeli\/zelenskyi-yhdysvallat-ehdottanut-venajan-ja-ukrainan-tapaamista\/9273112\" rel=\"nofollow noopener\" target=\"_blank\">Zelenskyi: Yhdysvallat ehdotti Ven\u00e4j\u00e4n ja Ukrainan tapaamista<\/a><a class=\"cursor-pointer underline\" data-testid=\"internal-link\" role=\"link\" data-sentry-element=\"Link\" data-sentry-component=\"InternalLink\" data-sentry-source-file=\"InternalLink.tsx\" href=\"https:\/\/www.mtvuutiset.fi\/artikkeli\/zelenskyi-eu-n-tukipaketti-vahvistaa-ukrainaa\/9272464\" rel=\"nofollow noopener\" target=\"_blank\">Zelenskyi: EU:n tukipaketti vahvistaa Ukrainaa<\/a><a class=\"cursor-pointer underline\" data-testid=\"internal-link\" role=\"link\" data-sentry-element=\"Link\" data-sentry-component=\"InternalLink\" data-sentry-source-file=\"InternalLink.tsx\" href=\"https:\/\/www.mtvuutiset.fi\/artikkeli\/ukraina-iski-venalaiselle-oljynporauslautalle-kaspianmerella\/9273020\" rel=\"nofollow noopener\" target=\"_blank\">Ukraina iski ven\u00e4l\u00e4iselle \u00f6ljynporauslautalle Kaspianmerell\u00e4<\/a><\/p>\n","protected":false},"excerpt":{"rendered":"Vladimir Putin on ilmaissut halunsa vuoropuheluun Ranskan presidentin kanssa. Ven\u00e4j\u00e4n presidentti Vladimir Putin on valmis keskustelemaan Ranskan presidentti&hellip;\n","protected":false},"author":2,"featured_media":122094,"comment_status":"","ping_status":"","sticky":false,"template":"","format":"standard","meta":{"footnotes":""},"categories":[5],"tags":[22,23,26,27,33,31,30,17,24,25,28,29,15,18,21,32,19,20,16],"class_list":{"0":"post-122093","1":"post","2":"type-post","3":"status-publish","4":"format-standard","5":"has-post-thumbnail","7":"category-otsikot","8":"tag-breaking-news","9":"tag-breakingnews","10":"tag-featured-news","11":"tag-featurednews","12":"tag-fi","13":"tag-finland","14":"tag-finnish","15":"tag-headlines","16":"tag-latest-news","17":"tag-latestnews","18":"tag-main-news","19":"tag-mainnews","20":"tag-news","21":"tag-otsikot","22":"tag-paauutiset","23":"tag-suomi","24":"tag-top-stories","25":"tag-topstories","26":"tag-uutiset"},"share_on_mastodon":{"url":"https:\/\/pubeurope.com\/@fi\/115756357571706018","error":""},"_links":{"self":[{"href":"https:\/\/www.europesays.com\/fi\/wp-json\/wp\/v2\/posts\/122093","targetHints":{"allow":["GET"]}}],"collection":[{"href":"https:\/\/www.europesays.com\/fi\/wp-json\/wp\/v2\/posts"}],"about":[{"href":"https:\/\/www.europesays.com\/fi\/wp-json\/wp\/v2\/types\/post"}],"author":[{"embeddable":true,"href":"https:\/\/www.europesays.com\/fi\/wp-json\/wp\/v2\/users\/2"}],"replies":[{"embeddable":true,"href":"https:\/\/www.europesays.com\/fi\/wp-json\/wp\/v2\/comments?post=122093"}],"version-history":[{"count":0,"href":"https:\/\/www.europesays.com\/fi\/wp-json\/wp\/v2\/posts\/122093\/revisions"}],"wp:featuredmedia":[{"embeddable":true,"href":"https:\/\/www.europesays.com\/fi\/wp-json\/wp\/v2\/media\/122094"}],"wp:attachment":[{"href":"https:\/\/www.europesays.com\/fi\/wp-json\/wp\/v2\/media?parent=122093"}],"wp:term":[{"taxonomy":"category","embeddable":true,"href":"https:\/\/www.europesays.com\/fi\/wp-json\/wp\/v2\/categories?post=122093"},{"taxonomy":"post_tag","embeddable":true,"href":"https:\/\/www.europesays.com\/fi\/wp-json\/wp\/v2\/tags?post=122093"}],"curies":[{"name":"wp","href":"https:\/\/api.w.org\/{rel}","templated":true}]}}