{"id":122096,"date":"2025-12-21T07:35:19","date_gmt":"2025-12-21T07:35:19","guid":{"rendered":"https:\/\/www.europesays.com\/fi\/122096\/"},"modified":"2025-12-21T07:35:19","modified_gmt":"2025-12-21T07:35:19","slug":"lukijan-luontokuvat-talvimaisemia-savonlinnan-seudulla-katso-kuvat-paikalliset","status":"publish","type":"post","link":"https:\/\/www.europesays.com\/fi\/122096\/","title":{"rendered":"Lukijan luontokuvat | Talvimaisemia Savonlinnan seudulla \u2013 Katso kuvat! | Paikalliset"},"content":{"rendered":"<p>L\u00e4het\u00e4 sin\u00e4kin ottamasi luontokuva tai Saimaa-aiheinen kuva julkaistavaksi It\u00e4-Savon julkaisukanavissa. Osoite on luontohavainnot@ita-savo.fi. Muista kertoa v\u00e4hint\u00e4\u00e4n kuvaajan nimi ja kuvauspaikka. Jos kuvassa n\u00e4kyy tunnistettavia ihmisi\u00e4, varmista, ett\u00e4 on lupa julkaista kuva.<\/p>\n<p>\t\t<a class=\"diks-gallery__link\" href=\"https:\/\/i.media.fi\/incoming\/l6shet\/11201603.jpg\/alternates\/FREE_1440\/11201603.jpg\" data-thumbnail=\"\" data-sub-html=\"Pakkasp\u00e4iv\u00e4. Lukijan kuva \/ Jussi Makkonen\" aria-label=\"Katso isompi kuva\" rel=\"nofollow noopener\" target=\"_blank\"><br \/>\n\t\t\t\t<img class=\"diks-figure__image\" src=\"https:\/\/www.europesays.com\/fi\/wp-content\/uploads\/2025\/12\/11201603.jpg\" loading=\"lazy\" decoding=\"sync\" alt=\"\"\/><\/p>\n<p>\t\t\t<\/a><br \/>\n\t\t\t\t\tPakkasp\u00e4iv\u00e4. Lukijan kuva \/ Jussi Makkonen<\/p>\n<p>\t\t<a class=\"diks-gallery__link\" href=\"https:\/\/i.media.fi\/incoming\/be2aqe\/11201604.jpg\/alternates\/FREE_1440\/11201604.jpg\" data-thumbnail=\"\" data-sub-html=\"Lucian p\u00e4iv\u00e4n valoa Saimaalla. Lukijan kuva \/ Anja-Anneli Muuronen\" aria-label=\"Katso isompi kuva\" rel=\"nofollow noopener\" target=\"_blank\"><br \/>\n\t\t\t\t<img class=\"diks-figure__image\" src=\"https:\/\/www.europesays.com\/fi\/wp-content\/uploads\/2025\/12\/11201604.jpg\" loading=\"lazy\" decoding=\"sync\" alt=\"\"\/><\/p>\n<p>\t\t\t<\/a><br \/>\n\t\t\t\t\tLucian p\u00e4iv\u00e4n valoa Saimaalla. Lukijan kuva \/ Anja-Anneli Muuronen<\/p>\n<p>\t\t<a class=\"diks-gallery__link\" href=\"https:\/\/i.media.fi\/incoming\/ph47kt\/11201678.jpg\/alternates\/FREE_1440\/11201678.jpg\" data-thumbnail=\"\" data-sub-html=\"Luonnon j\u00e4\u00e4taidetta. Lukijan kuva \/ Marja Appelroth\u00a0\" aria-label=\"Katso isompi kuva\" rel=\"nofollow noopener\" target=\"_blank\"><br \/>\n\t\t\t\t<img class=\"diks-figure__image\" src=\"https:\/\/www.europesays.com\/fi\/wp-content\/uploads\/2025\/12\/11201678.jpg\" loading=\"lazy\" decoding=\"sync\" alt=\"\"\/><\/p>\n<p>\t\t\t<\/a><br \/>\n\t\t\t\t\tLuonnon j\u00e4\u00e4taidetta. Lukijan kuva \/ Marja Appelroth\u00a0<\/p>\n<p>\t\t<a class=\"diks-gallery__link\" href=\"https:\/\/i.media.fi\/incoming\/hqrwvf\/11201679.jpg\/alternates\/FREE_1440\/11201679.jpg\" data-thumbnail=\"\" data-sub-html=\"Lukijan kuva \/ Marja Appelroth\u00a0\" aria-label=\"Katso isompi kuva\" rel=\"nofollow noopener\" target=\"_blank\"><br \/>\n\t\t\t\t<img class=\"diks-figure__image\" src=\"https:\/\/www.europesays.com\/fi\/wp-content\/uploads\/2025\/12\/11201679.jpg\" loading=\"lazy\" decoding=\"sync\" alt=\"\"\/><\/p>\n<p>\t\t\t<\/a><br \/>\n\t\t\t\t\tLukijan kuva \/ Marja Appelroth\u00a0<\/p>\n<p>\t\t<a class=\"diks-gallery__link\" href=\"https:\/\/i.media.fi\/incoming\/d3y18s\/11201680.jpg\/alternates\/FREE_1440\/11201680.jpg\" data-thumbnail=\"\" data-sub-html=\"Lukijan kuva \/ Marja Appelroth\u00a0\" aria-label=\"Katso isompi kuva\" rel=\"nofollow noopener\" target=\"_blank\"><br \/>\n\t\t\t\t<img class=\"diks-figure__image\" src=\"https:\/\/www.europesays.com\/fi\/wp-content\/uploads\/2025\/12\/11201680.jpg\" loading=\"lazy\" decoding=\"sync\" alt=\"\"\/><\/p>\n<p>\t\t\t<\/a><br \/>\n\t\t\t\t\tLukijan kuva \/ Marja Appelroth\u00a0<\/p>\n<p>\t\t<a class=\"diks-gallery__link\" href=\"https:\/\/i.media.fi\/incoming\/rwjr36\/11201684.jpg\/alternates\/FREE_1440\/11201684.jpg\" data-thumbnail=\"\" data-sub-html=\"Saimaa yritt\u00e4\u00e4 j\u00e4\u00e4ty\u00e4 14.12. Lukijan kuva \/  Jorma Paavilainen\" aria-label=\"Katso isompi kuva\" rel=\"nofollow noopener\" target=\"_blank\"><br \/>\n\t\t\t\t<img class=\"diks-figure__image\" src=\"https:\/\/www.europesays.com\/fi\/wp-content\/uploads\/2025\/12\/11201684.jpg\" loading=\"lazy\" decoding=\"sync\" alt=\"\"\/><\/p>\n<p>\t\t\t<\/a><br \/>\n\t\t\t\t\tSaimaa yritt\u00e4\u00e4 j\u00e4\u00e4ty\u00e4 14.12. Lukijan kuva \/  Jorma Paavilainen<\/p>\n<p>\t\t<a class=\"diks-gallery__link\" href=\"https:\/\/i.media.fi\/incoming\/2b2mi7\/11201688.jpg\/alternates\/FREE_1440\/11201688.jpg\" data-thumbnail=\"\" data-sub-html=\"Haapavesi oli saanut ohuen j\u00e4\u00e4kannen pakkas\u00f6itten j\u00e4lkeen. Kuvattu sunnuntaina aamup\u00e4iv\u00e4ll\u00e4 14.12. Lukijan kuva \/ Aune Viik\" aria-label=\"Katso isompi kuva\" rel=\"nofollow noopener\" target=\"_blank\"><br \/>\n\t\t\t\t<img class=\"diks-figure__image\" src=\"https:\/\/www.europesays.com\/fi\/wp-content\/uploads\/2025\/12\/11201688.jpg\" loading=\"lazy\" decoding=\"sync\" alt=\"\"\/><\/p>\n<p>\t\t\t<\/a><br \/>\n\t\t\t\t\tHaapavesi oli saanut ohuen j\u00e4\u00e4kannen pakkas\u00f6itten j\u00e4lkeen. Kuvattu sunnuntaina aamup\u00e4iv\u00e4ll\u00e4 14.12. Lukijan kuva \/ Aune Viik<\/p>\n<p>\t\t<a class=\"diks-gallery__link\" href=\"https:\/\/i.media.fi\/incoming\/dguo1j\/11201689.jpg\/alternates\/FREE_1440\/11201689.jpg\" data-thumbnail=\"\" data-sub-html=\"Aamuauringon taiteilema hempe\u00e4 v\u00e4ritys. Lukijan kuva \/ Marja Appelroth\" aria-label=\"Katso isompi kuva\" rel=\"nofollow noopener\" target=\"_blank\"><br \/>\n\t\t\t\t<img class=\"diks-figure__image\" src=\"https:\/\/www.europesays.com\/fi\/wp-content\/uploads\/2025\/12\/11201689.jpg\" loading=\"lazy\" decoding=\"sync\" alt=\"\"\/><\/p>\n<p>\t\t\t<\/a><br \/>\n\t\t\t\t\tAamuauringon taiteilema hempe\u00e4 v\u00e4ritys. Lukijan kuva \/ Marja Appelroth<\/p>\n<p>\t\t<a class=\"diks-gallery__link\" href=\"https:\/\/i.media.fi\/incoming\/ojodix\/11201690.jpg\/alternates\/FREE_1440\/11201690.jpg\" data-thumbnail=\"\" data-sub-html=\"Joulukuinen auringonpaiste Haislahdessa. Lukijan kuva \/ Kaija Kokkonen\" aria-label=\"Katso isompi kuva\" rel=\"nofollow noopener\" target=\"_blank\"><br \/>\n\t\t\t\t<img class=\"diks-figure__image\" src=\"https:\/\/www.europesays.com\/fi\/wp-content\/uploads\/2025\/12\/11201690.jpg\" loading=\"lazy\" decoding=\"sync\" alt=\"\"\/><\/p>\n<p>\t\t\t<\/a><br \/>\n\t\t\t\t\tJoulukuinen auringonpaiste Haislahdessa. Lukijan kuva \/ Kaija Kokkonen<\/p>\n<p>\t\t<a class=\"diks-gallery__link\" href=\"https:\/\/i.media.fi\/incoming\/bv37xz\/11208782.jpg\/alternates\/FREE_1440\/11208782.jpg\" data-thumbnail=\"\" data-sub-html=\"Savonrannalla. Lukijan kuva \/ Darlin Hirvonen\" aria-label=\"Katso isompi kuva\" rel=\"nofollow noopener\" target=\"_blank\"><br \/>\n\t\t\t\t<img class=\"diks-figure__image\" src=\"https:\/\/www.europesays.com\/fi\/wp-content\/uploads\/2025\/12\/11208782.jpg\" loading=\"lazy\" decoding=\"sync\" alt=\"\"\/><\/p>\n<p>\t\t\t<\/a><br \/>\n\t\t\t\t\tSavonrannalla. Lukijan kuva \/ Darlin Hirvonen<\/p>\n<p>\t\t<a class=\"diks-gallery__link\" href=\"https:\/\/i.media.fi\/incoming\/kt4e3i\/11209394.jpg\/alternates\/FREE_1440\/11209394.jpg\" data-thumbnail=\"\" data-sub-html=\"Talvinen m\u00f6kkimaisema Savonlinnassa Pullinlahdella. Lukijan kuva \/ Tapani Villanen\" aria-label=\"Katso isompi kuva\" rel=\"nofollow noopener\" target=\"_blank\"><br \/>\n\t\t\t\t<img class=\"diks-figure__image\" src=\"https:\/\/www.europesays.com\/fi\/wp-content\/uploads\/2025\/12\/11209394.jpg\" loading=\"lazy\" decoding=\"sync\" alt=\"\"\/><\/p>\n<p>\t\t\t<\/a><br \/>\n\t\t\t\t\tTalvinen m\u00f6kkimaisema Savonlinnassa Pullinlahdella. Lukijan kuva \/ Tapani Villanen<\/p>\n<p>\t\t<a class=\"diks-gallery__link\" href=\"https:\/\/i.media.fi\/incoming\/9eg3pb\/11209540.jpg\/alternates\/FREE_1440\/11209540.jpg\" data-thumbnail=\"\" data-sub-html=\"Enonvesi, V\u00f6rstinsaari. Lukijan kuva \/ Anja Huittinen\" aria-label=\"Katso isompi kuva\" rel=\"nofollow noopener\" target=\"_blank\"><br \/>\n\t\t\t\t<img class=\"diks-figure__image\" src=\"https:\/\/www.europesays.com\/fi\/wp-content\/uploads\/2025\/12\/11209540.jpg\" loading=\"lazy\" decoding=\"sync\" alt=\"\"\/><\/p>\n<p>\t\t\t<\/a><br \/>\n\t\t\t\t\tEnonvesi, V\u00f6rstinsaari. Lukijan kuva \/ Anja Huittinen<\/p>\n<p>\t\t<a class=\"diks-gallery__link\" href=\"https:\/\/i.media.fi\/incoming\/9ss4lz\/11209551.jpg\/alternates\/FREE_1440\/11209551.jpg\" data-thumbnail=\"\" data-sub-html=\"Timo Mustakallion puistotie Savonlinnassa 14.12. 2025. Lukijan kuva \/ Vesa Takaoja\u00a0\" aria-label=\"Katso isompi kuva\" rel=\"nofollow noopener\" target=\"_blank\"><br \/>\n\t\t\t\t<img class=\"diks-figure__image\" src=\"https:\/\/www.europesays.com\/fi\/wp-content\/uploads\/2025\/12\/11209551.jpg\" loading=\"lazy\" decoding=\"sync\" alt=\"\"\/><\/p>\n<p>\t\t\t<\/a><br \/>\n\t\t\t\t\tTimo Mustakallion puistotie Savonlinnassa 14.12. 2025. Lukijan kuva \/ Vesa Takaoja\u00a0<\/p>\n<p>Maisemaa Pihlajaveden rannalta:<\/p>\n<p>\t\t<a class=\"diks-gallery__link\" href=\"https:\/\/i.media.fi\/incoming\/5pudag\/11209576.jpg\/alternates\/FREE_1440\/11209576.jpg\" data-thumbnail=\"\" data-sub-html=\"Lukijan kuva \/ Jussi Makkonen\" aria-label=\"Katso isompi kuva\" rel=\"nofollow noopener\" target=\"_blank\"><br \/>\n\t\t\t\t<img class=\"diks-figure__image\" src=\"https:\/\/www.europesays.com\/fi\/wp-content\/uploads\/2025\/12\/11209576.jpg\" loading=\"lazy\" decoding=\"sync\" alt=\"\"\/><\/p>\n<p>\t\t\t<\/a><br \/>\n\t\t\t\t\tLukijan kuva \/ Jussi Makkonen<\/p>\n<p>\t\t<a class=\"diks-gallery__link\" href=\"https:\/\/i.media.fi\/incoming\/75kue8\/11209575.jpg\/alternates\/FREE_1440\/11209575.jpg\" data-thumbnail=\"\" data-sub-html=\"Lukijan kuva \/ Jussi Makkonen\" aria-label=\"Katso isompi kuva\" rel=\"nofollow noopener\" target=\"_blank\"><br \/>\n\t\t\t\t<img class=\"diks-figure__image\" src=\"https:\/\/www.europesays.com\/fi\/wp-content\/uploads\/2025\/12\/11209575.jpg\" loading=\"lazy\" decoding=\"sync\" alt=\"\"\/><\/p>\n<p>\t\t\t<\/a><br \/>\n\t\t\t\t\tLukijan kuva \/ Jussi Makkonen<\/p>\n<p>\t\t<a class=\"diks-gallery__link\" href=\"https:\/\/i.media.fi\/incoming\/nb1j1n\/11209574.jpg\/alternates\/FREE_1440\/11209574.jpg\" data-thumbnail=\"\" data-sub-html=\"Lukijan kuva \/ Jussi Makkonen\" aria-label=\"Katso isompi kuva\" rel=\"nofollow noopener\" target=\"_blank\"><br \/>\n\t\t\t\t<img class=\"diks-figure__image\" src=\"https:\/\/www.europesays.com\/fi\/wp-content\/uploads\/2025\/12\/11209574.jpg\" loading=\"lazy\" decoding=\"sync\" alt=\"\"\/><\/p>\n<p>\t\t\t<\/a><br \/>\n\t\t\t\t\tLukijan kuva \/ Jussi Makkonen<\/p>\n","protected":false},"excerpt":{"rendered":"L\u00e4het\u00e4 sin\u00e4kin ottamasi luontokuva tai Saimaa-aiheinen kuva julkaistavaksi It\u00e4-Savon julkaisukanavissa. Osoite on luontohavainnot@ita-savo.fi. Muista kertoa v\u00e4hint\u00e4\u00e4n kuvaajan nimi&hellip;\n","protected":false},"author":2,"featured_media":122097,"comment_status":"","ping_status":"","sticky":false,"template":"","format":"standard","meta":{"footnotes":""},"categories":[135],"tags":[389,387,388,390,137,33,31,30,4095,72,406,2375,1000,2374,32,394,393,391,392,109,534],"class_list":{"0":"post-122096","1":"post","2":"type-post","3":"status-publish","4":"format-standard","5":"has-post-thumbnail","7":"category-taiteet-ja-suunnittelu","8":"tag-arts","9":"tag-arts-and-design","10":"tag-artsanddesign","11":"tag-design","12":"tag-entertainment","13":"tag-fi","14":"tag-finland","15":"tag-finnish","16":"tag-lukijan-saimaa","17":"tag-luonto","18":"tag-luontovalokuvaus","19":"tag-saimaa-jarvi","20":"tag-savonlinna","21":"tag-savonlinnan-seutukunta","22":"tag-suomi","23":"tag-suunnittelu","24":"tag-taiteet","25":"tag-taiteet-ja-suunnittelu","26":"tag-taiteetsuunnittelu","27":"tag-viihde","28":"tag-ymparisto-ja-luonto"},"share_on_mastodon":{"url":"https:\/\/pubeurope.com\/@fi\/115756409069149951","error":""},"_links":{"self":[{"href":"https:\/\/www.europesays.com\/fi\/wp-json\/wp\/v2\/posts\/122096","targetHints":{"allow":["GET"]}}],"collection":[{"href":"https:\/\/www.europesays.com\/fi\/wp-json\/wp\/v2\/posts"}],"about":[{"href":"https:\/\/www.europesays.com\/fi\/wp-json\/wp\/v2\/types\/post"}],"author":[{"embeddable":true,"href":"https:\/\/www.europesays.com\/fi\/wp-json\/wp\/v2\/users\/2"}],"replies":[{"embeddable":true,"href":"https:\/\/www.europesays.com\/fi\/wp-json\/wp\/v2\/comments?post=122096"}],"version-history":[{"count":0,"href":"https:\/\/www.europesays.com\/fi\/wp-json\/wp\/v2\/posts\/122096\/revisions"}],"wp:featuredmedia":[{"embeddable":true,"href":"https:\/\/www.europesays.com\/fi\/wp-json\/wp\/v2\/media\/122097"}],"wp:attachment":[{"href":"https:\/\/www.europesays.com\/fi\/wp-json\/wp\/v2\/media?parent=122096"}],"wp:term":[{"taxonomy":"category","embeddable":true,"href":"https:\/\/www.europesays.com\/fi\/wp-json\/wp\/v2\/categories?post=122096"},{"taxonomy":"post_tag","embeddable":true,"href":"https:\/\/www.europesays.com\/fi\/wp-json\/wp\/v2\/tags?post=122096"}],"curies":[{"name":"wp","href":"https:\/\/api.w.org\/{rel}","templated":true}]}}