{"id":122098,"date":"2025-12-21T07:37:09","date_gmt":"2025-12-21T07:37:09","guid":{"rendered":"https:\/\/www.europesays.com\/fi\/122098\/"},"modified":"2025-12-21T07:37:09","modified_gmt":"2025-12-21T07:37:09","slug":"nelosen-petolliset-sarjassa-raivostuttanut-tuure-boelius-vaihtaa-jouluksi-maisemaa","status":"publish","type":"post","link":"https:\/\/www.europesays.com\/fi\/122098\/","title":{"rendered":"Nelosen Petolliset-sarjassa raivostuttanut Tuure Boelius vaihtaa jouluksi maisemaa"},"content":{"rendered":"<p>            Atte Kajova\n        <\/p>\n<p class=\"subtitle \">Petollisissa raivostuttanut tubet\u00e4hti karistaa pian p\u00e4\u00e4kaupunkiseudun p\u00f6lyt kannoiltaan.<\/p>\n<p class=\"article-content article-content-width !bg-background\">Tube-t\u00e4hti, tv-persoona ja laulaja , 24, nostatti syksyll\u00e4 kulmakarvoja monissa kotitalouksissa.<\/p>\n<p class=\"font-weight-bold m-font-weight-bold article-content article-content-width !bg-background\">Videolla Tuure Boelius &amp; Petolliset:<\/p>\n<p class=\"article-content article-content-width !bg-background\">Syyn\u00e4 oli Nelosen realitysarja Petolliset, jossa moni koki Tuuren k\u00e4yt\u00f6ksen rasittavaksi kiukutteluksi.<\/p>\n<p>        <a itemprop=\"url\" href=\"https:\/\/www.seiska.fi\/katso\/tuure-boeliuksen-kaytos-petollisissa-raivostuttaa-pilasi-koko-kauden\/1970759\" rel=\"nofollow noopener\" target=\"_blank\"><\/p>\n<p>\nTuure Boelius Petollisissa\n<\/p>\n<p class=\"section-date\">\n        <strong class=\"article-section\" data-section=\"katso\"><br \/>\n            katso<br \/>\n        <\/strong><br \/>\n        23.10. 12:15\n    <\/p>\n<p>Tuure Boeliuksen k\u00e4yt\u00f6s Petollisissa raivostuttaa: &#8221;Pilasi koko kauden&#8221;\n    <\/p>\n<p itemprop=\"description\" class=\"subtitle \">\n    Tuuren kiukuttelu on liikaa Petollisten katsojille.\n<\/p>\n<p>        <\/a><\/p>\n<p class=\"article-content article-content-width !bg-background\">Etenkin lokakuun lopulla n\u00e4hdyn kohujakson tiimoilta kotisohvilla nousi suorastaan savua korvista.<\/p>\n<p class=\"article-content article-content-width !bg-background\">Tuolloin Tuure her\u00e4tti suoranaista raivoa tv-katsojien keskuudessa.<\/p>\n<p>                <img decoding=\"async\" src=\"https:\/\/www.europesays.com\/fi\/wp-content\/uploads\/2025\/12\/2024817.webp\" width=\"576\" height=\"322\" alt=\"Tuure Boeliuksen k\u00e4yt\u00f6s sapetti Petollisissa.\" loading=\"lazy\" \/>            <\/p>\n<p>\n            Tuure Boeliuksen k\u00e4yt\u00f6s sapetti Petollisissa.<br \/>\n            Saku Tiainen\n        <\/p>\n<p>Rikkoo hiljaisuuden<\/p>\n<p class=\"article-content article-content-width !bg-background\">Pahin p\u00f6ly on sittemmin laskeutunut. Tv-h\u00e4rdelli j\u00e4tti kuitenkin j\u00e4lkens\u00e4 Tuureen, jonka Seiska tapasi hiljattain TTK-finaalissa.<\/p>\n<p class=\"article-content article-content-width !bg-background\">\u2013 T\u00e4\u00e4 on ollut v\u00e4h\u00e4n kohujen t\u00e4yteinen syksy mun TV-juttujen osalta, Tuure my\u00f6nt\u00e4\u00e4 Seiskan reportterille.<\/p>\n<p>        <a itemprop=\"url\" href=\"https:\/\/www.seiska.fi\/katso\/petolliset-tuure-boelius-kiukkuaa-kuin-uhmaikainen\/1970628\" rel=\"nofollow noopener\" target=\"_blank\"><\/p>\n<p>\nPetolliset\n<\/p>\n<p class=\"section-date\">\n        <strong class=\"article-section\" data-section=\"katso\"><br \/>\n            katso<br \/>\n        <\/strong><br \/>\n        23.10. 10:19\n    <\/p>\n<p>Petolliset: Tuure Boelius kiukkuaa kuin uhmaik\u00e4inen\n    <\/p>\n<p itemprop=\"description\" class=\"subtitle \">\n    Annimari Korte ja Viki Konssi saavat tuntea nahoissaan artistin raivon.\n<\/p>\n<p>        <\/a><\/p>\n<p class=\"article-content article-content-width !bg-background\">\u2013 Onneksi se on nyt takanap\u00e4in. Oon kaikessa hiljaisuudessa keskittynyt uuden musiikin kirjoittamiseen, ja ensi vuosi n\u00e4ytt\u00e4\u00e4 oikein kivalta.<\/p>\n<p>                <img decoding=\"async\" src=\"https:\/\/www.europesays.com\/fi\/wp-content\/uploads\/2025\/12\/2024826.webp\" width=\"576\" height=\"639\" alt=\"Tuure antoi Seiskalle haastattelun TTK-finaalissa.\" loading=\"lazy\" \/>            <\/p>\n<p>\n            Tuure antoi Seiskalle haastattelun TTK-finaalissa.<br \/>\n            Eetu Ampuja\n        <\/p>\n<p>Vaihtaa maisemaa<\/p>\n<p class=\"article-content article-content-width !bg-background\">Ennen ensi vuotta edess\u00e4 on joulunvietto, jolloin Tuure karistaa p\u00e4\u00e4kaupunkiseudun p\u00f6lyt kannoiltaan.<\/p>\n<p class=\"article-content article-content-width !bg-background\">Porilaisl\u00e4ht\u00f6inen Tuure paljastaa suuntaavansa Satakuntaan klassiseen kuusijuhlan viettoon.<\/p>\n<p>\n            Ja sitten p\u00e4\u00e4seekin jo bailaamaan.\n            <\/p>\n<p class=\"article-content article-content-width !bg-background\">\u2013 L\u00e4hden joka vuosi aatonaattona isovanhempien hell\u00e4\u00e4n huomaan. Siell\u00e4 on aina hyv\u00e4t jouluruoat.<\/p>\n<p class=\"article-content article-content-width !bg-background\">\u2013 Eli kyll\u00e4, joulua vietet\u00e4\u00e4n perheen kesken Porissa. Ja sitten p\u00e4\u00e4seekin jo bailaamaan, h\u00e4n virnist\u00e4\u00e4.<\/p>\n<p>                <img decoding=\"async\" src=\"https:\/\/www.europesays.com\/fi\/wp-content\/uploads\/2025\/12\/2024824.webp\" width=\"576\" height=\"322\" alt=\"Tuure aikoo bailata jouluna Porissa.\" loading=\"lazy\" \/>            <\/p>\n<p>\n            Tuure aikoo bailata jouluna Porissa.<br \/>\n            Atte Kajova\n        <\/p>\n<p>Jouluna jytisee disco<\/p>\n<p class=\"article-content article-content-width !bg-background\">Monella paikkakunnalla sulatellaan kinkkua tapanintanssien voimin. N\u00e4in ei kuulemma ole Porissa.<\/p>\n<p class=\"article-content article-content-width !bg-background\">\u2013 Siell\u00e4 tapaninp\u00e4iv\u00e4 ei ole se juttu, vaan kavereiden kanssa l\u00e4hdet\u00e4\u00e4n ulos jo joulup\u00e4iv\u00e4n\u00e4, Tuure valistaa.<\/p>\n<p>\n            Olisi my\u00f6s kiva saada k\u00e4yt\u00e4nn\u00f6n juttuja, kuten lakanoita ja boksereita.\n            <\/p>\n<p class=\"font-weight-bold m-font-weight-bold article-content article-content-width !bg-background\">Miss\u00e4s teid\u00e4n kaveriporukkanne pist\u00e4\u00e4 jalalla koreasti?<\/p>\n<p class=\"article-content article-content-width !bg-background\">\u2013 Punaisessa Kukossa! Se on hauska baari siit\u00e4, ett\u00e4 sinne ei p\u00e4\u00e4se sis\u00e4\u00e4n ihan miss\u00e4 tahansa vaatteissa. PK on hieno mesta.<\/p>\n<p>Pukilta boksereita?<\/p>\n<p class=\"article-content article-content-width !bg-background\">Tuure ei ole toivonut joululahjoja, muttei voi my\u00f6sk\u00e4\u00e4n v\u00e4ltty\u00e4 pakettirallilta.<\/p>\n<p class=\"article-content article-content-width !bg-background\">\u2013 Saan yleens\u00e4 hajuveden, mik\u00e4 on tosi hyv\u00e4 lahja.<\/p>\n<p>        <a itemprop=\"url\" href=\"https:\/\/www.seiska.fi\/kotimaa\/tuure-boeliuksen-kodissa-piilee-erikoinen-salaisuus-tasta-on-kyse\/2016142\" rel=\"nofollow noopener\" target=\"_blank\"><\/p>\n<p>\nTuure Boelius esittelee kotinsa\n<\/p>\n<p class=\"section-date\">\n        <strong class=\"article-section\" data-section=\"kotimaa\"><br \/>\n            kotimaa<br \/>\n        <\/strong><br \/>\n        9.12. 13:04\n    <\/p>\n<p>Tuure Boeliuksen kodissa piilee erikoinen salaisuus \u2013 t\u00e4st\u00e4 on kyse\n    <\/p>\n<p itemprop=\"description\" class=\"subtitle \">\n    Tuuren luonteenpiirre paljastuu kiilt\u00e4v\u00e4n kulissin takaa.\n<\/p>\n<p>        <\/a><\/p>\n<p class=\"article-content article-content-width !bg-background\">\u2013 Olisi my\u00f6s kiva saada k\u00e4yt\u00e4nn\u00f6n juttuja, kuten lakanoita ja boksereita, Tuure vihjaa tontuille.<\/p>\n<p class=\"article-content article-content-width !bg-background\">Hiljattain h\u00e4n esitteli hulppean kotinsa uontamassa K\u00e4mpp\u00e4rit-tubesarjassa.<\/p>\n","protected":false},"excerpt":{"rendered":"Atte Kajova Petollisissa raivostuttanut tubet\u00e4hti karistaa pian p\u00e4\u00e4kaupunkiseudun p\u00f6lyt kannoiltaan. Tube-t\u00e4hti, tv-persoona ja laulaja , 24, nostatti syksyll\u00e4&hellip;\n","protected":false},"author":2,"featured_media":122099,"comment_status":"","ping_status":"","sticky":false,"template":"","format":"standard","meta":{"footnotes":""},"categories":[133],"tags":[6704,137,33,31,30,11526,1750,1758,3395,9356,2787,21952,7820,968,32,206,3099,6344,19837,5313,21951,156,109,17921],"class_list":{"0":"post-122098","1":"post","2":"type-post","3":"status-publish","4":"format-standard","5":"has-post-thumbnail","7":"category-televisiot","8":"tag-baari","9":"tag-entertainment","10":"tag-fi","11":"tag-finland","12":"tag-finnish","13":"tag-isovanhemmat","14":"tag-kohu","15":"tag-nelonen","16":"tag-petolliset","17":"tag-petolliset-2025","18":"tag-pori","19":"tag-punainen-kukko","20":"tag-raivo","21":"tag-satakunta","22":"tag-suomi","23":"tag-televisiot","24":"tag-ttk","25":"tag-ttk-2025","26":"tag-ttk-finaali","27":"tag-tuure-boelius","28":"tag-tv-katsojat","29":"tag-tv","30":"tag-viihde","31":"tag-yokerho"},"share_on_mastodon":{"url":"https:\/\/pubeurope.com\/@fi\/115756416831327142","error":""},"_links":{"self":[{"href":"https:\/\/www.europesays.com\/fi\/wp-json\/wp\/v2\/posts\/122098","targetHints":{"allow":["GET"]}}],"collection":[{"href":"https:\/\/www.europesays.com\/fi\/wp-json\/wp\/v2\/posts"}],"about":[{"href":"https:\/\/www.europesays.com\/fi\/wp-json\/wp\/v2\/types\/post"}],"author":[{"embeddable":true,"href":"https:\/\/www.europesays.com\/fi\/wp-json\/wp\/v2\/users\/2"}],"replies":[{"embeddable":true,"href":"https:\/\/www.europesays.com\/fi\/wp-json\/wp\/v2\/comments?post=122098"}],"version-history":[{"count":0,"href":"https:\/\/www.europesays.com\/fi\/wp-json\/wp\/v2\/posts\/122098\/revisions"}],"wp:featuredmedia":[{"embeddable":true,"href":"https:\/\/www.europesays.com\/fi\/wp-json\/wp\/v2\/media\/122099"}],"wp:attachment":[{"href":"https:\/\/www.europesays.com\/fi\/wp-json\/wp\/v2\/media?parent=122098"}],"wp:term":[{"taxonomy":"category","embeddable":true,"href":"https:\/\/www.europesays.com\/fi\/wp-json\/wp\/v2\/categories?post=122098"},{"taxonomy":"post_tag","embeddable":true,"href":"https:\/\/www.europesays.com\/fi\/wp-json\/wp\/v2\/tags?post=122098"}],"curies":[{"name":"wp","href":"https:\/\/api.w.org\/{rel}","templated":true}]}}