{"id":122100,"date":"2025-12-21T07:39:09","date_gmt":"2025-12-21T07:39:09","guid":{"rendered":"https:\/\/www.europesays.com\/fi\/122100\/"},"modified":"2025-12-21T07:39:09","modified_gmt":"2025-12-21T07:39:09","slug":"paivalla-tvssa-jumanji-elokuvan-tahtia-yhdistaa-erikoinen-sattuma-sama-toistunut-jo-viidesti","status":"publish","type":"post","link":"https:\/\/www.europesays.com\/fi\/122100\/","title":{"rendered":"P\u00e4iv\u00e4ll\u00e4 tv:ss\u00e4: Jumanji-elokuvan t\u00e4hti\u00e4 yhdist\u00e4\u00e4 erikoinen sattuma \u2013 sama toistunut jo viidesti"},"content":{"rendered":"<p>T\u00e4n\u00e4\u00e4n n\u00e4hd\u00e4\u00e4n televisiosta elokuva Jumanji: The Next Level (2019).<\/p>\n<p>Joululoman kynnyksell\u00e4 Spencer huomaa kaipaavansa jotain, mit\u00e4 tavallinen arki ei voi tarjota: Jumanji-pelin suomaa voimaa ja horjumatonta itsevarmuutta. Ep\u00e4toivon hetkell\u00e4 h\u00e4n p\u00e4\u00e4tt\u00e4\u00e4 palata vaaralliseen pelimaailmaan etsim\u00e4\u00e4n kadonnutta rohkeuttaan, mutta huomaa pian s\u00e4\u00e4nt\u00f6jen muuttuneen. Samalla kun Spencer taistelee tiens\u00e4 l\u00e4pi uusien tasojen, h\u00e4nen on kohdattava suurin haasteensa \u2013 itsens\u00e4 hyv\u00e4ksyminen omana itsen\u00e4\u00e4n.<\/p>\n<p>Episodin <a href=\"https:\/\/www.episodi.fi\/elokuvat\/jumanji-the-next-level\/\" rel=\"nofollow noopener\" target=\"_blank\">arvostelussa<\/a> elokuva sai kolme t\u00e4hte\u00e4:<\/p>\n<p>\u201dViime elokuvassa vitsailtiin nupit kaakossa. Nyt tuntuu silt\u00e4, ett\u00e4 vitsailun sijaan yritet\u00e4\u00e4n rakentaa tarinaa, joka j\u00e4\u00e4 valitettavan ontoksi. \u201dTosiel\u00e4m\u00e4n\u201d hahmot ovat kiinnostavia ja ns. todellisuuteen ollaan panostettu elokuvassa enemm\u00e4n kuin viimeksi. Rusinat eiv\u00e4t kuitenkaan mene tasan, sill\u00e4 nyt videopelimaailma tuntuu hieman tylsemm\u00e4lt\u00e4.\u201d<\/p>\n<p>P\u00e4\u00e4osissa: <strong>Dwayne Johnson, Jack Black, Kevin Hart, Karen Gillan<\/strong>,<strong> Colin Hanks <\/strong>sek\u00e4<strong> Alex Wolff<\/strong>. Ohjaus <strong>Jake Kasdan<\/strong>.<\/p>\n<p><img loading=\"lazy\" height=\"365\" width=\"648\" class=\"wp-image-172894 sp-no-webp perfmatters-lazy\" alt=\"\" decoding=\"async\" src=\"https:\/\/www.europesays.com\/fi\/wp-content\/uploads\/2025\/12\/jumanji-the-next-level-61-648x365.jpg\"  data-\/> <\/p>\n<p>Lue my\u00f6s: <a href=\"https:\/\/www.episodi.fi\/uutiset\/vin-diesel-vaittaa-saaneensa-elokuvaansa-maailman-suurimman-urheilutahden-kirjoitin-hanelle-roolin\/\" title=\"Vin Diesel v\u00e4itt\u00e4\u00e4 saaneensa elokuvaansa maailman suurimman urheilut\u00e4hden \u2013 \u201dKirjoitin h\u00e4nelle roolin\u201d\" class=\"underline-custom !font-montserrat !font-bold !underline-offset-4 !decoration-4 !decoration-episodi-blue !text-md\" rel=\"nofollow noopener\" target=\"_blank\">Vin Diesel v\u00e4itt\u00e4\u00e4 saaneensa elokuvaansa maailman suurimman urheilut\u00e4hden \u2013 \u201dKirjoitin h\u00e4nelle roolin\u201d<\/a><\/p>\n<p>Jack Blackilla ja Colin Hanksilla on erikoinen historia kesken\u00e4\u00e4n, sill\u00e4 he ovat olleet samassa elokuvassa jo viisi kertaa. Ne ovat t\u00e4m\u00e4 elokuva,\u00a0Orange County (2002), King Kong (2005), Tenacious D: Maailman paras rokkib\u00e4ndi (2006) ja Jumanji: Welcome to the Jungle.<\/p>\n<p>Elokuva sai kriitikoilta enimm\u00e4kseen hyvi\u00e4 arvioita, ja se tuotti maailmanlaajuisesti per\u00e4ti 801,7 miljoonaa dollaria 125-132 miljoonan dollarin budjetilla. Se oli vuoden 2019 kymmenenneksi tuottoisin elokuva. Jatko-osa on tarkoitus julkaista vuonna 2026.<\/p>\n<p>Elokuva on my\u00f6s Viaplayssa. Alla traileri.<\/p>\n<p>Tulevat l\u00e4hetykset:<\/p>\n<ul class=\"wp-block-list\">\n<li>Su 21.12.2025 klo 14.35 \u00b7 Nelonen<\/li>\n<li>To 25.12.2025 klo 13.30 \u00b7 Nelonen<\/li>\n<\/ul>\n<p>Lue my\u00f6s: <a href=\"https:\/\/www.episodi.fi\/uutiset\/golden-globes-2026-ehdokkuudet-ovat-taalla-paul-thomas-andersonin-rankka-poliittinen-draama-rohmusi-isoimman-potin\/\" title=\"Golden Globes 2026 -ehdokkuudet ovat t\u00e4\u00e4ll\u00e4! Paul Thomas Andersonin rankka poliittinen draama rohmusi isoimman potin\" class=\"underline-custom !font-montserrat !font-bold !underline-offset-4 !decoration-4 !decoration-episodi-blue !text-md\" rel=\"nofollow noopener\" target=\"_blank\">Golden Globes 2026 -ehdokkuudet ovat t\u00e4\u00e4ll\u00e4! Paul Thomas Andersonin rankka poliittinen draama rohmusi isoimman potin<\/a><\/p>\n<p>Lue my\u00f6s: <a href=\"https:\/\/www.episodi.fi\/uutiset\/nyt-suoratoistona-isa-kaynnistaa-peiteoperaation-pelastaakseen-vangitun-poikansa-perustuu-tositapahtumiin\/\" title=\"Nyt suoratoistona: Is\u00e4 k\u00e4ynnist\u00e4\u00e4 peiteoperaation pelastaakseen vangitun poikansa \u2013 perustuu tositapahtumiin\" class=\"underline-custom !font-montserrat !font-bold !underline-offset-4 !decoration-4 !decoration-episodi-blue !text-md\" rel=\"nofollow noopener\" target=\"_blank\">Nyt suoratoistona: Is\u00e4 k\u00e4ynnist\u00e4\u00e4 peiteoperaation pelastaakseen vangitun poikansa \u2013 perustuu tositapahtumiin<\/a><\/p>\n<p>Lue my\u00f6s: <a href=\"https:\/\/www.episodi.fi\/uutiset\/the-rockin-ja-emily-bluntin-seikkailuleffan-jatko-osa-on-hyllytetty\/\" title=\"The Rockin ja Emily Bluntin seikkailuleffan jatko-osa on hyllytetty\" class=\"underline-custom !font-montserrat !font-bold !underline-offset-4 !decoration-4 !decoration-episodi-blue !text-md\" rel=\"nofollow noopener\" target=\"_blank\">The Rockin ja Emily Bluntin seikkailuleffan jatko-osa on hyllytetty<\/a><\/p>\n<p><img loading=\"lazy\" decoding=\"async\" alt=\"YouTube video\" width=\"480\" height=\"360\" data-pin-nopin=\"true\" nopin=\"nopin\" class=\"perfmatters-lazy\" src=\"https:\/\/www.europesays.com\/fi\/wp-content\/uploads\/2025\/12\/1766302749_78_hqdefault.jpg\"\/><\/p>\n<p>L\u00e4hde: <a href=\"https:\/\/www.imdb.com\/title\/tt7975244\/trivia\/?ref_=tt_ql_trv\" target=\"_blank\" rel=\"noreferrer noopener nofollow\">IMDb<\/a>, <a href=\"https:\/\/en.wikipedia.org\/wiki\/Jumanji:_The_Next_Level\" target=\"_blank\" rel=\"noreferrer noopener nofollow\">Wikipedia<\/a><\/p>\n<p>Lue my\u00f6s: <a href=\"https:\/\/www.episodi.fi\/uutiskirje\/?uutiskirjemainos=tekstilinkkimainos\" title=\"Tilaa Episodin uutiskirje ja voit voittaa leffalippuja! Nappaa tv-vinkit suoraan s\u00e4hk\u00f6postiin t\u00e4st\u00e4.\" class=\"underline-custom !font-montserrat !font-bold !underline-offset-4 !decoration-4 !decoration-episodi-blue !text-md\" rel=\"nofollow noopener\" target=\"_blank\">Tilaa Episodin uutiskirje ja voit voittaa leffalippuja! Nappaa katseluvinkit suoraan s\u00e4hk\u00f6postiin t\u00e4st\u00e4.<\/a><\/p>\n","protected":false},"excerpt":{"rendered":"T\u00e4n\u00e4\u00e4n n\u00e4hd\u00e4\u00e4n televisiosta elokuva Jumanji: The Next Level (2019). Joululoman kynnyksell\u00e4 Spencer huomaa kaipaavansa jotain, mit\u00e4 tavallinen arki&hellip;\n","protected":false},"author":2,"featured_media":122101,"comment_status":"","ping_status":"","sticky":false,"template":"","format":"standard","meta":{"footnotes":""},"categories":[131],"tags":[155,137,33,173,31,30,172,32,139,109],"class_list":{"0":"post-122100","1":"post","2":"type-post","3":"status-publish","4":"format-standard","5":"has-post-thumbnail","7":"category-elokuvat","8":"tag-elokuvat","9":"tag-entertainment","10":"tag-fi","11":"tag-film","12":"tag-finland","13":"tag-finnish","14":"tag-movies","15":"tag-suomi","16":"tag-tv-ohjelmat","17":"tag-viihde"},"share_on_mastodon":{"url":"https:\/\/pubeurope.com\/@fi\/115756424683681548","error":""},"_links":{"self":[{"href":"https:\/\/www.europesays.com\/fi\/wp-json\/wp\/v2\/posts\/122100","targetHints":{"allow":["GET"]}}],"collection":[{"href":"https:\/\/www.europesays.com\/fi\/wp-json\/wp\/v2\/posts"}],"about":[{"href":"https:\/\/www.europesays.com\/fi\/wp-json\/wp\/v2\/types\/post"}],"author":[{"embeddable":true,"href":"https:\/\/www.europesays.com\/fi\/wp-json\/wp\/v2\/users\/2"}],"replies":[{"embeddable":true,"href":"https:\/\/www.europesays.com\/fi\/wp-json\/wp\/v2\/comments?post=122100"}],"version-history":[{"count":0,"href":"https:\/\/www.europesays.com\/fi\/wp-json\/wp\/v2\/posts\/122100\/revisions"}],"wp:featuredmedia":[{"embeddable":true,"href":"https:\/\/www.europesays.com\/fi\/wp-json\/wp\/v2\/media\/122101"}],"wp:attachment":[{"href":"https:\/\/www.europesays.com\/fi\/wp-json\/wp\/v2\/media?parent=122100"}],"wp:term":[{"taxonomy":"category","embeddable":true,"href":"https:\/\/www.europesays.com\/fi\/wp-json\/wp\/v2\/categories?post=122100"},{"taxonomy":"post_tag","embeddable":true,"href":"https:\/\/www.europesays.com\/fi\/wp-json\/wp\/v2\/tags?post=122100"}],"curies":[{"name":"wp","href":"https:\/\/api.w.org\/{rel}","templated":true}]}}