{"id":122106,"date":"2025-12-21T07:45:11","date_gmt":"2025-12-21T07:45:11","guid":{"rendered":"https:\/\/www.europesays.com\/fi\/122106\/"},"modified":"2025-12-21T07:45:11","modified_gmt":"2025-12-21T07:45:11","slug":"bundesliiga-tanskan-maajoukkuepakki-liikkumattomana-kentan-pinnassa","status":"publish","type":"post","link":"https:\/\/www.europesays.com\/fi\/122106\/","title":{"rendered":"Bundesliiga: Tanskan maajoukkuepakki liikkumattomana kent\u00e4n pinnassa"},"content":{"rendered":"<p>Frankfurtin ja HSV:n v\u00e4lisess\u00e4 jalkapallon Bundesliigan kamppailussa n\u00e4htiin pelottava tilanne, kun Tanskan maajoukkuepuolustaja Rasmus Kristensen j\u00e4i yhteent\u00f6rm\u00e4yksen seurauksena makaamaan liikkumattomana kent\u00e4n pintaan. T\u00e4m\u00e4n j\u00e4lkeen 18-vuotiaan vastustajan Luka Vuskovicin teko ker\u00e4si ylistyst\u00e4.<\/p>\n<p>Kristensen ja HSV:n <strong class=\"typography-bold\">Miro Muheim<\/strong> t\u00f6rm\u00e4siv\u00e4t rajusti, kun he olivat tavoittelemassa p\u00e4\u00e4palloa. Kristensen j\u00e4i aluksi makaamaan liikkumattomana kent\u00e4n pintaan. Tottenhamista lainalla oleva HSV:n Vuskovic riensi nopeasti paikalle ja piti huolen, ett\u00e4 tanskalaisen kieli ei tukkinut hengitysteit\u00e4.<\/p>\n<p>Tilanteesta selvittiin kuitenkin s\u00e4ik\u00e4hdyksell\u00e4, sill\u00e4 hoitotoimenpiteiden j\u00e4lkeen Kristensen p\u00e4\u00e4si yl\u00f6s ja pelasi hetken ennen pelaajavaihtoa. \u00a0Frankfurtin p\u00e4\u00e4valmentaja <strong class=\"typography-bold\">Dino Toppm\u00f6ller<\/strong> kertoi ottelun j\u00e4lkeen, ett\u00e4 Kristensen voi hyvin.<\/p>\n<p>\u2013 Se oli j\u00e4rkytt\u00e4v\u00e4 hetki, mutta Vuskovic ansaitsee kiitosta siit\u00e4, ett\u00e4 h\u00e4n havaitsi tilanteen nopeasti ja toimi oikein, Toppm\u00f6ller sanoi Ekstrabladetin mukaan.\u00a0<\/p>\n<p>Itse ottelu p\u00e4\u00e4ttyi 1-1-tasatulokseen.<\/p>\n","protected":false},"excerpt":{"rendered":"Frankfurtin ja HSV:n v\u00e4lisess\u00e4 jalkapallon Bundesliigan kamppailussa n\u00e4htiin pelottava tilanne, kun Tanskan maajoukkuepuolustaja Rasmus Kristensen j\u00e4i yhteent\u00f6rm\u00e4yksen seurauksena&hellip;\n","protected":false},"author":2,"featured_media":122107,"comment_status":"","ping_status":"","sticky":false,"template":"","format":"standard","meta":{"footnotes":""},"categories":[76],"tags":[79,77,33,31,30,32,78],"class_list":{"0":"post-122106","1":"post","2":"type-post","3":"status-publish","4":"format-standard","5":"has-post-thumbnail","7":"category-talous","8":"tag-business","9":"tag-economy","10":"tag-fi","11":"tag-finland","12":"tag-finnish","13":"tag-suomi","14":"tag-talous"},"share_on_mastodon":{"url":"https:\/\/pubeurope.com\/@fi\/115756448060192057","error":""},"_links":{"self":[{"href":"https:\/\/www.europesays.com\/fi\/wp-json\/wp\/v2\/posts\/122106","targetHints":{"allow":["GET"]}}],"collection":[{"href":"https:\/\/www.europesays.com\/fi\/wp-json\/wp\/v2\/posts"}],"about":[{"href":"https:\/\/www.europesays.com\/fi\/wp-json\/wp\/v2\/types\/post"}],"author":[{"embeddable":true,"href":"https:\/\/www.europesays.com\/fi\/wp-json\/wp\/v2\/users\/2"}],"replies":[{"embeddable":true,"href":"https:\/\/www.europesays.com\/fi\/wp-json\/wp\/v2\/comments?post=122106"}],"version-history":[{"count":0,"href":"https:\/\/www.europesays.com\/fi\/wp-json\/wp\/v2\/posts\/122106\/revisions"}],"wp:featuredmedia":[{"embeddable":true,"href":"https:\/\/www.europesays.com\/fi\/wp-json\/wp\/v2\/media\/122107"}],"wp:attachment":[{"href":"https:\/\/www.europesays.com\/fi\/wp-json\/wp\/v2\/media?parent=122106"}],"wp:term":[{"taxonomy":"category","embeddable":true,"href":"https:\/\/www.europesays.com\/fi\/wp-json\/wp\/v2\/categories?post=122106"},{"taxonomy":"post_tag","embeddable":true,"href":"https:\/\/www.europesays.com\/fi\/wp-json\/wp\/v2\/tags?post=122106"}],"curies":[{"name":"wp","href":"https:\/\/api.w.org\/{rel}","templated":true}]}}