{"id":122108,"date":"2025-12-21T07:46:09","date_gmt":"2025-12-21T07:46:09","guid":{"rendered":"https:\/\/www.europesays.com\/fi\/122108\/"},"modified":"2025-12-21T07:46:09","modified_gmt":"2025-12-21T07:46:09","slug":"aseistautuneet-miehet-tappoivat-9-ihmista-johannesburgin-lahella","status":"publish","type":"post","link":"https:\/\/www.europesays.com\/fi\/122108\/","title":{"rendered":"Aseistautuneet miehet tappoivat 9 ihmist\u00e4 Johannesburgin l\u00e4hell\u00e4"},"content":{"rendered":"<p>Etel\u00e4-Afrikka|Poliisi ei ole saanut selville, mik\u00e4 oli ampujien motiivi.<\/p>\n<p class=\"article-body mb-nof-24 px-nof-16\">Aseistautuneet miehet tappoivat ainakin 9 ihmist\u00e4 ja haavoittivat kymment\u00e4 muuta hy\u00f6kk\u00e4yksess\u00e4 Johannesburgin ulkopuolella Etel\u00e4-Afrikassa.<\/p>\n<p class=\"article-body mb-nof-24 px-nof-16\">Hy\u00f6kk\u00e4ys tapahtui varhain sunnuntaina Bekkersdalin k\u00f6yh\u00e4ss\u00e4 asuinalueella 40 kilometrin p\u00e4\u00e4ss\u00e4 Johannesburgista, kertoo uutistoimisto AFP.<\/p>\n<p class=\"article-body mb-nof-24 px-nof-16\">Noin kymmenen ampujaa saapui paikalle kahdella autolla. He avasivat tulen baarin asiakkaita kohti ja jatkoivat ampumista sattumanvaraisesti ihmisten paetessa paikalta.<\/p>\n<p class=\"article-body mb-nof-24 px-nof-16\">Bekkarsdal on niin sanottu township, jonka asukkaista monet ty\u00f6skentelev\u00e4t Etel\u00e4-Afrikan suurimmissa kultakaivoksissa.<\/p>\n<p class=\"article-body mb-nof-24 px-nof-16\">Kyseess\u00e4 on toinen joukkoampuminen Etel\u00e4-Afrikassa t\u00e4ss\u00e4 kuussa. Joulukuun alussa aseistautuneet miehet hy\u00f6kk\u00e4siv\u00e4t pieneen hotelliin p\u00e4\u00e4kaupunki Pretorian l\u00e4hell\u00e4. Hy\u00f6kk\u00e4yksess\u00e4 kuoli yli 10 ihmist\u00e4.<\/p>\n<p class=\"article-body mb-nof-24 px-nof-16\">Etel\u00e4-Afrikassa tapahtuu paljon v\u00e4kivaltaisia hy\u00f6kk\u00e4yksi\u00e4. Niiden taustalla on usein jengien v\u00e4liset valtataistelut tai ep\u00e4virallisten baarien tai muiden yritysten v\u00e4linen kilpailu.<\/p>\n","protected":false},"excerpt":{"rendered":"Etel\u00e4-Afrikka|Poliisi ei ole saanut selville, mik\u00e4 oli ampujien motiivi. Aseistautuneet miehet tappoivat ainakin 9 ihmist\u00e4 ja haavoittivat kymment\u00e4&hellip;\n","protected":false},"author":2,"featured_media":96697,"comment_status":"","ping_status":"","sticky":false,"template":"","format":"standard","meta":{"footnotes":""},"categories":[14],"tags":[22,23,26,27,33,31,30,17,46,24,25,28,29,15,18,21,32,19,20,56,16,59,60,61],"class_list":{"0":"post-122108","1":"post","2":"type-post","3":"status-publish","4":"format-standard","5":"has-post-thumbnail","7":"category-ulkomaat","8":"tag-breaking-news","9":"tag-breakingnews","10":"tag-featured-news","11":"tag-featurednews","12":"tag-fi","13":"tag-finland","14":"tag-finnish","15":"tag-headlines","16":"tag-helsingin-sanomat","17":"tag-latest-news","18":"tag-latestnews","19":"tag-main-news","20":"tag-mainnews","21":"tag-news","22":"tag-otsikot","23":"tag-paauutiset","24":"tag-suomi","25":"tag-top-stories","26":"tag-topstories","27":"tag-ulkomaat","28":"tag-uutiset","29":"tag-world","30":"tag-world-news","31":"tag-worldnews"},"share_on_mastodon":{"url":"https:\/\/pubeurope.com\/@fi\/115756452072322523","error":""},"_links":{"self":[{"href":"https:\/\/www.europesays.com\/fi\/wp-json\/wp\/v2\/posts\/122108","targetHints":{"allow":["GET"]}}],"collection":[{"href":"https:\/\/www.europesays.com\/fi\/wp-json\/wp\/v2\/posts"}],"about":[{"href":"https:\/\/www.europesays.com\/fi\/wp-json\/wp\/v2\/types\/post"}],"author":[{"embeddable":true,"href":"https:\/\/www.europesays.com\/fi\/wp-json\/wp\/v2\/users\/2"}],"replies":[{"embeddable":true,"href":"https:\/\/www.europesays.com\/fi\/wp-json\/wp\/v2\/comments?post=122108"}],"version-history":[{"count":0,"href":"https:\/\/www.europesays.com\/fi\/wp-json\/wp\/v2\/posts\/122108\/revisions"}],"wp:featuredmedia":[{"embeddable":true,"href":"https:\/\/www.europesays.com\/fi\/wp-json\/wp\/v2\/media\/96697"}],"wp:attachment":[{"href":"https:\/\/www.europesays.com\/fi\/wp-json\/wp\/v2\/media?parent=122108"}],"wp:term":[{"taxonomy":"category","embeddable":true,"href":"https:\/\/www.europesays.com\/fi\/wp-json\/wp\/v2\/categories?post=122108"},{"taxonomy":"post_tag","embeddable":true,"href":"https:\/\/www.europesays.com\/fi\/wp-json\/wp\/v2\/tags?post=122108"}],"curies":[{"name":"wp","href":"https:\/\/api.w.org\/{rel}","templated":true}]}}