{"id":122109,"date":"2025-12-21T07:47:07","date_gmt":"2025-12-21T07:47:07","guid":{"rendered":"https:\/\/www.europesays.com\/fi\/122109\/"},"modified":"2025-12-21T07:47:07","modified_gmt":"2025-12-21T07:47:07","slug":"hs-suomessa-on-yllattava-paikka-johon-kaikki-haluavat-jouluna","status":"publish","type":"post","link":"https:\/\/www.europesays.com\/fi\/122109\/","title":{"rendered":"HS: Suomessa on yll\u00e4tt\u00e4v\u00e4 paikka, johon kaikki haluavat jouluna"},"content":{"rendered":"<p>Valkoinen joulu houkuttanee monia kohti pohjoista.<\/p>\n<p class=\"article-body mb-nof-24 px-nof-16\">Lapissa sijaitsevalla Pelkosenniemell\u00e4 on jouluna jopa 2,58 kertaa enemm\u00e4n ihmisi\u00e4 kuin tavallisesti, kertoo <a class=\"article-genericlink\" href=\"https:\/\/www.hs.fi\/suomi\/art-2000011669862.html\" rel=\"nofollow noopener\" target=\"_blank\">Helsingin Sanomat<\/a>. Se tekee Pelkosenniemest\u00e4 kunnan, jonka v\u00e4kim\u00e4\u00e4r\u00e4 kasvaa suhteellisesti eniten jouluna.<\/p>\n<p class=\"article-body mb-nof-24 px-nof-16\">HS:n tiedot perustuvat Tilastokeskuksen suomalaisten mobiilipaikannusdatan avulla laskemiin \u201djoulukertoimiin\u201d. Ne kertovat, kuinka paljon ihmisten m\u00e4\u00e4r\u00e4 eri kunnissa kasvaa tai v\u00e4henee jouluna.<\/p>\n<p class=\"article-body mb-nof-24 px-nof-16\">Pelkosenniemen j\u00e4lkeen eniten v\u00e4kim\u00e4\u00e4r\u00e4 kasvaa HS:n mukaan Kolarissa, Kittil\u00e4ss\u00e4 ja Inarissa. V\u00e4ki v\u00e4henee joulun tullessa erityisesti etel\u00e4isemm\u00e4n Suomen kaupungeissa ja niist\u00e4 kaikista eniten Kauniaisissa, Lahdessa, Pirkkalassa ja Vaasassa.<\/p>\n<p class=\"article-body mb-nof-24 px-nof-16\">Kuten joulukertoimista n\u00e4kee, on Lappi edelleen suomalaisten kotimaanmatkaajien suosiossa.<\/p>\n<p class=\"article-body mb-nof-24 px-nof-16\">IS kertoi <a class=\"article-genericlink\" href=\"https:\/\/www.is.fi\/kotimaa\/art-2000011685169.html\" rel=\"nofollow noopener\" target=\"_blank\">aiemmin<\/a> joulukuussa, ett\u00e4 Lapin-matkailu on eritt\u00e4in suosittua. Visitory-sivuston mukaan Lapissa rekister\u00f6itiin marraskuusta 2024 maaliskuuhun 2025 enn\u00e4tyksellisesti 3,4 miljoonaa y\u00f6pymist\u00e4.<\/p>\n<p class=\"article-body mb-nof-24 px-nof-16\">Osa y\u00f6pymisist\u00e4 on rekister\u00f6ityj\u00e4, eli esimerkiksi hotelleissa vietettyj\u00e4 \u00f6it\u00e4. Osa taas on rekister\u00f6im\u00e4tt\u00f6mi\u00e4 y\u00f6pymisi\u00e4, mik\u00e4 tarkoittaa esimerkiksi Airbnb-majoitusta.<\/p>\n<p class=\"article-body mb-nof-24 px-nof-16\">Rekister\u00f6idyist\u00e4 y\u00f6pymisist\u00e4 (2,2 miljoonaa) valtaosa oli ulkomaisten turistien tekemi\u00e4, mutta suomalaisiakin Lappiin matkaa runsain m\u00e4\u00e4rin.<\/p>\n<p class=\"article-body mb-nof-24 px-nof-16\">Matkailun kasvusta on aiheutunut my\u00f6s lieveilmi\u00f6it\u00e4. Esimerkiksi Rovaniemell\u00e4 asuntoja on ostettu sijoitusk\u00e4ytt\u00f6\u00f6n, ja niit\u00e4 lyhytvuokrataan tyyriill\u00e4 hinnoilla turisteille.<\/p>\n<p class=\"article-body mb-nof-24 px-nof-16\">Se on aiheuttanut esimerkiksi opiskelijoille hankaluuksia l\u00f6yt\u00e4\u00e4 asuntoa.<\/p>\n","protected":false},"excerpt":{"rendered":"Valkoinen joulu houkuttanee monia kohti pohjoista. Lapissa sijaitsevalla Pelkosenniemell\u00e4 on jouluna jopa 2,58 kertaa enemm\u00e4n ihmisi\u00e4 kuin tavallisesti,&hellip;\n","protected":false},"author":2,"featured_media":122110,"comment_status":"","ping_status":"","sticky":false,"template":"","format":"standard","meta":{"footnotes":""},"categories":[12],"tags":[22,23,26,27,33,31,30,17,34,24,25,28,29,15,18,21,32,19,20,16],"class_list":{"0":"post-122109","1":"post","2":"type-post","3":"status-publish","4":"format-standard","5":"has-post-thumbnail","7":"category-suomi","8":"tag-breaking-news","9":"tag-breakingnews","10":"tag-featured-news","11":"tag-featurednews","12":"tag-fi","13":"tag-finland","14":"tag-finnish","15":"tag-headlines","16":"tag-ilta-sanomat","17":"tag-latest-news","18":"tag-latestnews","19":"tag-main-news","20":"tag-mainnews","21":"tag-news","22":"tag-otsikot","23":"tag-paauutiset","24":"tag-suomi","25":"tag-top-stories","26":"tag-topstories","27":"tag-uutiset"},"share_on_mastodon":{"url":"https:\/\/pubeurope.com\/@fi\/115756456601221367","error":""},"_links":{"self":[{"href":"https:\/\/www.europesays.com\/fi\/wp-json\/wp\/v2\/posts\/122109","targetHints":{"allow":["GET"]}}],"collection":[{"href":"https:\/\/www.europesays.com\/fi\/wp-json\/wp\/v2\/posts"}],"about":[{"href":"https:\/\/www.europesays.com\/fi\/wp-json\/wp\/v2\/types\/post"}],"author":[{"embeddable":true,"href":"https:\/\/www.europesays.com\/fi\/wp-json\/wp\/v2\/users\/2"}],"replies":[{"embeddable":true,"href":"https:\/\/www.europesays.com\/fi\/wp-json\/wp\/v2\/comments?post=122109"}],"version-history":[{"count":0,"href":"https:\/\/www.europesays.com\/fi\/wp-json\/wp\/v2\/posts\/122109\/revisions"}],"wp:featuredmedia":[{"embeddable":true,"href":"https:\/\/www.europesays.com\/fi\/wp-json\/wp\/v2\/media\/122110"}],"wp:attachment":[{"href":"https:\/\/www.europesays.com\/fi\/wp-json\/wp\/v2\/media?parent=122109"}],"wp:term":[{"taxonomy":"category","embeddable":true,"href":"https:\/\/www.europesays.com\/fi\/wp-json\/wp\/v2\/categories?post=122109"},{"taxonomy":"post_tag","embeddable":true,"href":"https:\/\/www.europesays.com\/fi\/wp-json\/wp\/v2\/tags?post=122109"}],"curies":[{"name":"wp","href":"https:\/\/api.w.org\/{rel}","templated":true}]}}