{"id":122111,"date":"2025-12-21T07:48:18","date_gmt":"2025-12-21T07:48:18","guid":{"rendered":"https:\/\/www.europesays.com\/fi\/122111\/"},"modified":"2025-12-21T07:48:18","modified_gmt":"2025-12-21T07:48:18","slug":"kalpa-sai-kookoolta-takkiin-toistamiseen-katso-ottelun-kaanteet-tasta-urheilu","status":"publish","type":"post","link":"https:\/\/www.europesays.com\/fi\/122111\/","title":{"rendered":"KalPa sai KooKoolta takkiin toistamiseen \u2013 Katso ottelun k\u00e4\u00e4nteet t\u00e4st\u00e4 | Urheilu"},"content":{"rendered":"<p>\t\t<a class=\"diks-gallery__link\" href=\"https:\/\/www.savonsanomat.fi\/incoming\/ox7h87\/_AKL8134_Savon-Sanomat_20251019.jpg\/alternates\/FREE_1440\/_AKL8134_Savon%20Sanomat_20251019.jpg\" data-thumbnail=\"https:\/\/www.savonsanomat.fi\/incoming\/ox7h87\/_AKL8134_Savon-Sanomat_20251019.jpg\/alternates\/SQUARE_240\/_AKL8134_Savon%20Sanomat_20251019.jpg\" data-sub-html=\"\" aria-label=\"Katso isompi kuva\" rel=\"nofollow noopener\" target=\"_blank\"><br \/>\n\t\t\t\t<img class=\"diks-figure__image\" src=\"https:\/\/www.europesays.com\/fi\/wp-content\/uploads\/2025\/12\/_AKL8134_Savon Sanomat_20251019.jpg\" loading=\"lazy\" decoding=\"sync\" alt=\"\"\/><\/p>\n<p>\t\t\t<\/a><\/p>\n<p class=\"diks-article__lead\">Savon Sanomat seurasi t\u00e4ss\u00e4 jutussa KooKoo-KalPa-ottelun tapahtumia.<\/p>\n<p class=\"diks-byline__author\">Jussi Murtasaari<\/p>\n<p>\n\t\tEilen 16:45<\/p>\n<p>\t\t\t\t\t\t\t\t\t| P\u00e4ivitetty eilen 19:59\n\t\t\t\t\t\t<\/p>\n<p>\t\t\tLataa sovelluksemme<\/p>\n<p>Helpoin tapa lukea tuoreimmat uutiset.<\/p>\n<p class=\"diks-title diks-title--size-s\">Mainos: Seksilelukauppa Huippukiva.fi<\/p>\n<p>\t\t\t\t<img src=\"https:\/\/www.europesays.com\/fi\/wp-content\/uploads\/2025\/12\/meks_huippukiva_otsikko_kuva_1.png\" class=\"diks-native-ad__image\"   loading=\"lazy\" decoding=\"sync\" alt=\"\"\/><\/p>\n<p class=\"diks-title diks-title--size-s\">Mainos: Seksilelukauppa Huippukiva.fi<\/p>\n<p>\n\t\t15.12.2025 0:00<\/p>\n<p class=\"diks-title diks-title--size-s\">Mainos: Mikaeli<\/p>\n<p>\t\t\t\t<img src=\"https:\/\/www.europesays.com\/fi\/wp-content\/uploads\/2025\/12\/Mikaeli_Elina Koponen ja Henrik Rajam\u00e4ki.jpg\" class=\"diks-native-ad__image\"   loading=\"lazy\" decoding=\"sync\" alt=\"\"\/><\/p>\n<p class=\"diks-title diks-title--size-s\">Mainos: Mikaeli<\/p>\n<p>\n\t\t15.12.2025 0:00<\/p>\n","protected":false},"excerpt":{"rendered":"Savon Sanomat seurasi t\u00e4ss\u00e4 jutussa KooKoo-KalPa-ottelun tapahtumia. Jussi Murtasaari Eilen 16:45 | P\u00e4ivitetty eilen 19:59 Lataa sovelluksemme Helpoin&hellip;\n","protected":false},"author":2,"featured_media":122112,"comment_status":"","ping_status":"","sticky":false,"template":"","format":"standard","meta":{"footnotes":""},"categories":[5],"tags":[22,23,26,27,33,31,30,17,1143,2935,1132,24,25,28,29,1146,15,18,21,32,19,20,161,16],"class_list":{"0":"post-122111","1":"post","2":"type-post","3":"status-publish","4":"format-standard","5":"has-post-thumbnail","7":"category-otsikot","8":"tag-breaking-news","9":"tag-breakingnews","10":"tag-featured-news","11":"tag-featurednews","12":"tag-fi","13":"tag-finland","14":"tag-finnish","15":"tag-headlines","16":"tag-jaakiekko","17":"tag-kalpa","18":"tag-kuopio","19":"tag-latest-news","20":"tag-latestnews","21":"tag-main-news","22":"tag-mainnews","23":"tag-miesten-jaakiekko","24":"tag-news","25":"tag-otsikot","26":"tag-paauutiset","27":"tag-suomi","28":"tag-top-stories","29":"tag-topstories","30":"tag-urheilutapahtumat","31":"tag-uutiset"},"share_on_mastodon":{"url":"https:\/\/pubeurope.com\/@fi\/115756460075371204","error":""},"_links":{"self":[{"href":"https:\/\/www.europesays.com\/fi\/wp-json\/wp\/v2\/posts\/122111","targetHints":{"allow":["GET"]}}],"collection":[{"href":"https:\/\/www.europesays.com\/fi\/wp-json\/wp\/v2\/posts"}],"about":[{"href":"https:\/\/www.europesays.com\/fi\/wp-json\/wp\/v2\/types\/post"}],"author":[{"embeddable":true,"href":"https:\/\/www.europesays.com\/fi\/wp-json\/wp\/v2\/users\/2"}],"replies":[{"embeddable":true,"href":"https:\/\/www.europesays.com\/fi\/wp-json\/wp\/v2\/comments?post=122111"}],"version-history":[{"count":0,"href":"https:\/\/www.europesays.com\/fi\/wp-json\/wp\/v2\/posts\/122111\/revisions"}],"wp:featuredmedia":[{"embeddable":true,"href":"https:\/\/www.europesays.com\/fi\/wp-json\/wp\/v2\/media\/122112"}],"wp:attachment":[{"href":"https:\/\/www.europesays.com\/fi\/wp-json\/wp\/v2\/media?parent=122111"}],"wp:term":[{"taxonomy":"category","embeddable":true,"href":"https:\/\/www.europesays.com\/fi\/wp-json\/wp\/v2\/categories?post=122111"},{"taxonomy":"post_tag","embeddable":true,"href":"https:\/\/www.europesays.com\/fi\/wp-json\/wp\/v2\/tags?post=122111"}],"curies":[{"name":"wp","href":"https:\/\/api.w.org\/{rel}","templated":true}]}}