{"id":122114,"date":"2025-12-21T08:00:17","date_gmt":"2025-12-21T08:00:17","guid":{"rendered":"https:\/\/www.europesays.com\/fi\/122114\/"},"modified":"2025-12-21T08:00:17","modified_gmt":"2025-12-21T08:00:17","slug":"sara-chafakin-paalle-hyokattiin-como-fi","status":"publish","type":"post","link":"https:\/\/www.europesays.com\/fi\/122114\/","title":{"rendered":"Sara Chafakin p\u00e4\u00e4lle hy\u00f6k\u00e4ttiin &#8211; Como.fi"},"content":{"rendered":"<p>Kruunustaan luopumaan joutunut Miss Suomi Sarah Dzafce ja vuoden 2012 Miss Suomi Sara Chafak on \u201dlahjakkaasti\u201d sotkettu kesken\u00e4\u00e4n.<\/p>\n<p>Rasismikohun kiemuroihin sotkettu Dzafce on saanut paljon arvostelua osakseen, mutta viime p\u00e4ivin\u00e4 hy\u00f6kk\u00e4yksen kohteeksi on joutunut my\u00f6s Chafak.<\/p>\n<p>H\u00e4n kertoo saaneensa paljon hy\u00f6kk\u00e4\u00e4vi\u00e4 haukkuviestej\u00e4 sosiaaliseen mediaansa.<\/p>\n<p>Ilmeisesti niit\u00e4 on tullut ulkomailta, sill\u00e4 suomalaisten luulisi erottavan n\u00e4m\u00e4 Miss Suomet kesken\u00e4\u00e4n.<\/p>\n<p>\u2013 En ole 23-vuotias Miss Suomi 2025 vaan 35-vuotias Sara Chafak, Miss Suomi 2012. Olemme kaksi erilaista ihmist\u00e4 ja kahta sukuolvea, kaksi eri el\u00e4m\u00e4\u00e4, Sara avautuu kirjoituksessaan, joka on englanniksi.<\/p>\n<p>Pitk\u00e4ss\u00e4 viestiss\u00e4\u00e4n Sara kehottaa, ett\u00e4 ihmiset ottaisivat asioista selv\u00e4\u00e4 ja tarkastaisivat faktoja ennen l\u00e4hestymist\u00e4\u00e4n.<\/p>\n<p>Lue my\u00f6s: <a href=\"https:\/\/www.como.fi\/uutiset\/apua-mita-sara-chafakin-kauniille-kasvoille-tapahtui-kuva\/\" title=\"Apua, mit\u00e4 Sara Chafakin kauniille kasvoille tapahtui \u2013 kuva!\" class=\"underline-custom !font-montserrat !font-bold !underline-offset-4 !decoration-4 !decoration-red-600 !text-md\" rel=\"nofollow noopener\" target=\"_blank\">Apua, mit\u00e4 Sara Chafakin kauniille kasvoille tapahtui \u2013 kuva!<\/a><\/p>\n<p>-Kouluttakaa itse\u00e4nne ja suhtautukaa kriittisesti omiin syytt\u00e4viin tai jopa hy\u00f6kk\u00e4\u00e4viin ulostuloihinne, nainen per\u00e4\u00e4nkuuluttaa.<\/p>\n<p>Lue my\u00f6s: <a href=\"https:\/\/www.como.fi\/uutiset\/hetkinen-hetkinen-laulaako-tassa-sara-chafak\/\" title=\"Hetkinen, hetkinen, laulaako t\u00e4ss\u00e4 Sara Chafak!\" class=\"underline-custom !font-montserrat !font-bold !underline-offset-4 !decoration-4 !decoration-red-600 !text-md\" rel=\"nofollow noopener\" target=\"_blank\">Hetkinen, hetkinen, laulaako t\u00e4ss\u00e4 Sara Chafak!<\/a><\/p>\n<p>Lue my\u00f6s: <a href=\"https:\/\/www.como.fi\/tilaa-comon-uutiskirje\/\" title=\"Tilaa Comon uutiskirje ja tied\u00e4t mist\u00e4 kahvitauolla puhutaan! Nappaa kotimaan tv-vinkit ja puheenaiheet suoraan s\u00e4hk\u00f6postiin t\u00e4st\u00e4.\" class=\"underline-custom !font-montserrat !font-bold !underline-offset-4 !decoration-4 !decoration-red-600 !text-md\" rel=\"nofollow noopener\" target=\"_blank\">Tilaa Comon uutiskirje ja tied\u00e4t mist\u00e4 kahvitauolla puhutaan! Nappaa kotimaan tv-vinkit ja puheenaiheet suoraan s\u00e4hk\u00f6postiin t\u00e4st\u00e4.<\/a><\/p>\n","protected":false},"excerpt":{"rendered":"Kruunustaan luopumaan joutunut Miss Suomi Sarah Dzafce ja vuoden 2012 Miss Suomi Sara Chafak on \u201dlahjakkaasti\u201d sotkettu kesken\u00e4\u00e4n.&hellip;\n","protected":false},"author":2,"featured_media":122115,"comment_status":"","ping_status":"","sticky":false,"template":"","format":"standard","meta":{"footnotes":""},"categories":[136],"tags":[407,137,33,31,30,408,2961,11698,32,109],"class_list":{"0":"post-122114","1":"post","2":"type-post","3":"status-publish","4":"format-standard","5":"has-post-thumbnail","7":"category-julkkikset","8":"tag-celebrities","9":"tag-entertainment","10":"tag-fi","11":"tag-finland","12":"tag-finnish","13":"tag-julkkikset","14":"tag-sara-chafak","15":"tag-sarah-dzafce","16":"tag-suomi","17":"tag-viihde"},"share_on_mastodon":{"url":"https:\/\/pubeurope.com\/@fi\/115756507023814516","error":""},"_links":{"self":[{"href":"https:\/\/www.europesays.com\/fi\/wp-json\/wp\/v2\/posts\/122114","targetHints":{"allow":["GET"]}}],"collection":[{"href":"https:\/\/www.europesays.com\/fi\/wp-json\/wp\/v2\/posts"}],"about":[{"href":"https:\/\/www.europesays.com\/fi\/wp-json\/wp\/v2\/types\/post"}],"author":[{"embeddable":true,"href":"https:\/\/www.europesays.com\/fi\/wp-json\/wp\/v2\/users\/2"}],"replies":[{"embeddable":true,"href":"https:\/\/www.europesays.com\/fi\/wp-json\/wp\/v2\/comments?post=122114"}],"version-history":[{"count":0,"href":"https:\/\/www.europesays.com\/fi\/wp-json\/wp\/v2\/posts\/122114\/revisions"}],"wp:featuredmedia":[{"embeddable":true,"href":"https:\/\/www.europesays.com\/fi\/wp-json\/wp\/v2\/media\/122115"}],"wp:attachment":[{"href":"https:\/\/www.europesays.com\/fi\/wp-json\/wp\/v2\/media?parent=122114"}],"wp:term":[{"taxonomy":"category","embeddable":true,"href":"https:\/\/www.europesays.com\/fi\/wp-json\/wp\/v2\/categories?post=122114"},{"taxonomy":"post_tag","embeddable":true,"href":"https:\/\/www.europesays.com\/fi\/wp-json\/wp\/v2\/tags?post=122114"}],"curies":[{"name":"wp","href":"https:\/\/api.w.org\/{rel}","templated":true}]}}