{"id":122116,"date":"2025-12-21T08:05:07","date_gmt":"2025-12-21T08:05:07","guid":{"rendered":"https:\/\/www.europesays.com\/fi\/122116\/"},"modified":"2025-12-21T08:05:07","modified_gmt":"2025-12-21T08:05:07","slug":"james-cameron-paljasti-kaksi-tarkeaa-yksityiskohtaa-uudesta-terminator-elokuvasta","status":"publish","type":"post","link":"https:\/\/www.europesays.com\/fi\/122116\/","title":{"rendered":"James Cameron paljasti kaksi t\u00e4rke\u00e4\u00e4 yksityiskohtaa uudesta Terminator-elokuvasta"},"content":{"rendered":"<p><strong>James Cameron<\/strong> suunnittelee seitsem\u00e4tt\u00e4 Terminator-elokuvaa ja aikoo pit\u00e4\u00e4 t\u00e4t\u00e4 varten tauon Avatar-elokuvasarja.<\/p>\n<p>Ohjaajavelho paljasti tulevasta projektista kaksi olennaista pointtia: Arnold ei ole mukana ja kyseess\u00e4 on aivan uusi tarina.<\/p>\n<p>\u201dVoin turvallisin mielin sanoa, ettei Schwarzeneggeri\u00e4 ei n\u00e4hd\u00e4 leffassa. On uuden sukupolven aika\u201d.<\/p>\n<p>Lue my\u00f6s: <a href=\"https:\/\/www.episodi.fi\/uutiset\/terminator-ohjaajan-tekemasta-billie-eilish-konserttitallenteesta-julkaistiin-traileri-tallaista-tekniikkaa-ei-ole-ennen-kaytetty\/\" title=\"Terminator-ohjaajan tekem\u00e4st\u00e4 Billie Eilish -konserttitallenteesta julkaistiin traileri \u2013 \u201dT\u00e4llaista tekniikkaa ei ole ennen k\u00e4ytetty\u201d\" class=\"underline-custom !font-montserrat !font-bold !underline-offset-4 !decoration-4 !decoration-episodi-blue !text-md\" rel=\"nofollow noopener\" target=\"_blank\">Terminator-ohjaajan tekem\u00e4st\u00e4 Billie Eilish -konserttitallenteesta julkaistiin traileri \u2013 \u201dT\u00e4llaista tekniikkaa ei ole ennen k\u00e4ytetty\u201d<\/a><\/p>\n<p>Lue my\u00f6s: <a href=\"https:\/\/www.episodi.fi\/uutiset\/viitataanko-uudessa-avatar-elokuvassa-terminatorin-skynettiin-ohjaaja-selitti-miten-homma-menee\/\" title=\"Viitataanko uudessa Avatar-elokuvassa Terminatorin Skynettiin? \u2013 Ohjaaja selitti miten homma menee\" class=\"underline-custom !font-montserrat !font-bold !underline-offset-4 !decoration-4 !decoration-episodi-blue !text-md\" rel=\"nofollow noopener\" target=\"_blank\">Viitataanko uudessa Avatar-elokuvassa Terminatorin Skynettiin? \u2013 Ohjaaja selitti miten homma menee<\/a><\/p>\n<p>\u201dTerminator: Dark Fate oli loistava p\u00e4\u00e4t\u00f6s\u00a0T-800-roolille. Haluan luoda uudenlaisen ja laajemman tulkinnan Terminatorista, aikamatkustamisesta ja super\u00e4lyst\u00e4. Jotain sellaista, mit\u00e4 ihmiset eiv\u00e4t osaa edes kuvitella\u201d<\/p>\n<p>Vaikka Terminator (1984) ja Terminator 2 (1991) ovat kenties Cameronin uran keskeisimm\u00e4t teokset, h\u00e4n tyrm\u00e4\u00e4 nostalgian hy\u00f6dynt\u00e4misen t\u00e4ysin.<\/p>\n<p>\u201dNostalgia-l\u00e4hestymistapa ei ole lainkaan sit\u00e4, mit\u00e4 haluan tehd\u00e4 Terminatorin kanssa. Asiat, jotka pelottavat eniten, ovat juuri niit\u00e4, joita sinun pit\u00e4isi tehd\u00e4. Kenenk\u00e4\u00e4n ei pit\u00e4isi tyyty\u00e4 toimimaan mukavuusalueellaan\u201d, ohjaaja lausui.<\/p>\n<p>Cameron toimii Terminator 7 -elokuvassa ensisijaisesti k\u00e4sikirjoittajana\/tarinan kehitt\u00e4j\u00e4n\u00e4. Toistaiseksi ei ei ole tietoa, ohjaako h\u00e4n elokuvan.<\/p>\n<p>L\u00e4hde: <a href=\"https:\/\/www.slashfilm.com\/2055097\/james-cameron-confirmed-details-next-terminator-movie\/\" rel=\"nofollow noopener\" target=\"_blank\">Slashfilm<\/a><\/p>\n<p>Lue my\u00f6s: <a href=\"https:\/\/www.episodi.fi\/uutiskirje\/?uutiskirjemainos=tekstilinkkimainos\" title=\"Tilaa Episodin uutiskirje ja voit voittaa leffalippuja! Nappaa tv-vinkit suoraan s\u00e4hk\u00f6postiin t\u00e4st\u00e4.\" class=\"underline-custom !font-montserrat !font-bold !underline-offset-4 !decoration-4 !decoration-episodi-blue !text-md\" rel=\"nofollow noopener\" target=\"_blank\">Tilaa Episodin uutiskirje ja voit voittaa leffalippuja! Nappaa katseluvinkit suoraan s\u00e4hk\u00f6postiin t\u00e4st\u00e4.<\/a><\/p>\n","protected":false},"excerpt":{"rendered":"James Cameron suunnittelee seitsem\u00e4tt\u00e4 Terminator-elokuvaa ja aikoo pit\u00e4\u00e4 t\u00e4t\u00e4 varten tauon Avatar-elokuvasarja. Ohjaajavelho paljasti tulevasta projektista kaksi olennaista&hellip;\n","protected":false},"author":2,"featured_media":122117,"comment_status":"","ping_status":"","sticky":false,"template":"","format":"standard","meta":{"footnotes":""},"categories":[131],"tags":[155,137,33,173,31,30,434,172,32,435,109],"class_list":{"0":"post-122116","1":"post","2":"type-post","3":"status-publish","4":"format-standard","5":"has-post-thumbnail","7":"category-elokuvat","8":"tag-elokuvat","9":"tag-entertainment","10":"tag-fi","11":"tag-film","12":"tag-finland","13":"tag-finnish","14":"tag-james-cameron","15":"tag-movies","16":"tag-suomi","17":"tag-terminator","18":"tag-viihde"},"share_on_mastodon":{"url":"https:\/\/pubeurope.com\/@fi\/115756527004921899","error":""},"_links":{"self":[{"href":"https:\/\/www.europesays.com\/fi\/wp-json\/wp\/v2\/posts\/122116","targetHints":{"allow":["GET"]}}],"collection":[{"href":"https:\/\/www.europesays.com\/fi\/wp-json\/wp\/v2\/posts"}],"about":[{"href":"https:\/\/www.europesays.com\/fi\/wp-json\/wp\/v2\/types\/post"}],"author":[{"embeddable":true,"href":"https:\/\/www.europesays.com\/fi\/wp-json\/wp\/v2\/users\/2"}],"replies":[{"embeddable":true,"href":"https:\/\/www.europesays.com\/fi\/wp-json\/wp\/v2\/comments?post=122116"}],"version-history":[{"count":0,"href":"https:\/\/www.europesays.com\/fi\/wp-json\/wp\/v2\/posts\/122116\/revisions"}],"wp:featuredmedia":[{"embeddable":true,"href":"https:\/\/www.europesays.com\/fi\/wp-json\/wp\/v2\/media\/122117"}],"wp:attachment":[{"href":"https:\/\/www.europesays.com\/fi\/wp-json\/wp\/v2\/media?parent=122116"}],"wp:term":[{"taxonomy":"category","embeddable":true,"href":"https:\/\/www.europesays.com\/fi\/wp-json\/wp\/v2\/categories?post=122116"},{"taxonomy":"post_tag","embeddable":true,"href":"https:\/\/www.europesays.com\/fi\/wp-json\/wp\/v2\/tags?post=122116"}],"curies":[{"name":"wp","href":"https:\/\/api.w.org\/{rel}","templated":true}]}}