{"id":122126,"date":"2025-12-21T08:12:13","date_gmt":"2025-12-21T08:12:13","guid":{"rendered":"https:\/\/www.europesays.com\/fi\/122126\/"},"modified":"2025-12-21T08:12:13","modified_gmt":"2025-12-21T08:12:13","slug":"san-franciscossa-laaja-sahkokatko-130-000-ihmista-jai-ilman-sahkoa-uutisia-lyhyesti","status":"publish","type":"post","link":"https:\/\/www.europesays.com\/fi\/122126\/","title":{"rendered":"San Franciscossa laaja s\u00e4hk\u00f6katko \u2013 130 000 ihmist\u00e4 j\u00e4i ilman s\u00e4hk\u00f6\u00e4 | Uutisia lyhyesti"},"content":{"rendered":"<p class=\"aw-1gybjub aw-5vja16 kEtdKx kmuxyA yle__article__paragraph\">Katu- ja jouluvalot pimeniv\u00e4t lauantaina Yhdysvaltain l\u00e4nsirannikon teknologiakeskuksena tunnetussa kaupungissa.<\/p>\n<p><img decoding=\"async\" alt=\"Ilmakuva s\u00e4hk\u00f6katkon piment\u00e4m\u00e4st\u00e4 San Franciscosta.\" src=\"https:\/\/www.europesays.com\/fi\/wp-content\/uploads\/2025\/12\/39-157311069478e4c58f85.jpeg\" class=\"aw-1l9m598 hKVVvP\"\/><\/p>\n<p>Avaa kuvien katselu<\/p>\n<p>L\u00e4hes nelj\u00e4sosa San Franciscosta j\u00e4i lauantaina ilman s\u00e4hk\u00f6\u00e4 s\u00e4hk\u00f6katkon vuoksi. Kuva: Tayfun Coskun \/ Getty Images<\/p>\n<p class=\"aw-1gybjub aw-1p7kakr kEtdKx cEmitX yle__article__paragraph\">Yhdysvalloissa San Franciscon kaupungissa 130 000 ihmist\u00e4 ja l\u00e4hes nelj\u00e4sosa kaupungista j\u00e4i lauantaina ilman s\u00e4hk\u00f6\u00e4 laajamittaisen s\u00e4hk\u00f6katkon vuoksi.<\/p>\n<p class=\"aw-1gybjub aw-1p7kakr kEtdKx cEmitX yle__article__paragraph\">H\u00e4iri\u00f6n vuoksi pormestari <strong class=\"aw-ak79eh KyCXm yle__article__strong\">Daniel Lurie<\/strong> kehotti kaupungin asukkaita pysym\u00e4\u00e4n kotona ja poissa teilt\u00e4, kun Yhdysvaltain l\u00e4nsirannikon teknologiakeskuksena tunnettu kaupunki vajosi hetkellsiesti pimeyteen.<\/p>\n<p class=\"aw-1gybjub aw-1p7kakr kEtdKx cEmitX yle__article__paragraph\">Sosiaalisessa mediassa ja paikallisissa uutisissa kerrottiin s\u00e4hk\u00f6katkon aiheuttamista ravintoloiden ja kauppojen laajoista sulkemisista sek\u00e4 pimentyneist\u00e4 katu- ja jouluvaloista.<\/p>\n<p class=\"aw-1gybjub aw-1p7kakr kEtdKx cEmitX yle__article__paragraph\">Lurien mukaan ainakin osa s\u00e4hk\u00f6katkosta oli aiheutunut s\u00e4hk\u00f6asemalla sattuneesta tulipalosta.<\/p>\n<p class=\"aw-1gybjub aw-1p7kakr kEtdKx cEmitX yle__article__paragraph\">Lauantai-iltana paikallista aikaa suuri osa s\u00e4hk\u00f6njakelusta oli jo palautunut.<\/p>\n<p class=\"aw-1gybjub aw-1p7kakr kEtdKx cEmitX yle__article__paragraph\">Alueella toimiva Pacific Gas &amp; Electric Company -kertoo <a class=\"aw-iao6s4 iHOxEa yle__article__link\" href=\"https:\/\/x.com\/PGE4Me\/status\/2002597756448198853?s=20\" role=\"link\" rel=\"nofollow\">viestipalvelu X:ss\u00e4<\/a>, ett\u00e4 loppujen s\u00e4hk\u00f6jen odotetaan palautuvan tulevien tuntien aikana.<\/p>\n<p class=\"aw-1gybjub aw-1p7kakr kEtdKx cEmitX yle__article__paragraph\">L\u00e4hde: AFP<\/p>\n","protected":false},"excerpt":{"rendered":"Katu- ja jouluvalot pimeniv\u00e4t lauantaina Yhdysvaltain l\u00e4nsirannikon teknologiakeskuksena tunnetussa kaupungissa. Avaa kuvien katselu L\u00e4hes nelj\u00e4sosa San Franciscosta j\u00e4i&hellip;\n","protected":false},"author":2,"featured_media":122127,"comment_status":"","ping_status":"","sticky":false,"template":"","format":"standard","meta":{"footnotes":""},"categories":[14],"tags":[22,23,26,27,33,31,30,17,5790,24,25,28,29,15,18,21,2007,4059,9211,932,9428,5336,32,19,20,56,16,12221,2012,59,60,61,619],"class_list":{"0":"post-122126","1":"post","2":"type-post","3":"status-publish","4":"format-standard","5":"has-post-thumbnail","7":"category-ulkomaat","8":"tag-breaking-news","9":"tag-breakingnews","10":"tag-featured-news","11":"tag-featurednews","12":"tag-fi","13":"tag-finland","14":"tag-finnish","15":"tag-headlines","16":"tag-kaupungit","17":"tag-latest-news","18":"tag-latestnews","19":"tag-main-news","20":"tag-mainnews","21":"tag-news","22":"tag-otsikot","23":"tag-paauutiset","24":"tag-sahko","25":"tag-sahkokatkot","26":"tag-sahkonjakelu","27":"tag-sahkontuotanto-ja-jakelu","28":"tag-sahkoverkot","29":"tag-san-francisco","30":"tag-suomi","31":"tag-top-stories","32":"tag-topstories","33":"tag-ulkomaat","34":"tag-uutiset","35":"tag-verkkovika-sahko","36":"tag-viat-ja-ongelmat","37":"tag-world","38":"tag-world-news","39":"tag-worldnews","40":"tag-yhdysvallat"},"share_on_mastodon":{"url":"https:\/\/pubeurope.com\/@fi\/115756554552814717","error":""},"_links":{"self":[{"href":"https:\/\/www.europesays.com\/fi\/wp-json\/wp\/v2\/posts\/122126","targetHints":{"allow":["GET"]}}],"collection":[{"href":"https:\/\/www.europesays.com\/fi\/wp-json\/wp\/v2\/posts"}],"about":[{"href":"https:\/\/www.europesays.com\/fi\/wp-json\/wp\/v2\/types\/post"}],"author":[{"embeddable":true,"href":"https:\/\/www.europesays.com\/fi\/wp-json\/wp\/v2\/users\/2"}],"replies":[{"embeddable":true,"href":"https:\/\/www.europesays.com\/fi\/wp-json\/wp\/v2\/comments?post=122126"}],"version-history":[{"count":0,"href":"https:\/\/www.europesays.com\/fi\/wp-json\/wp\/v2\/posts\/122126\/revisions"}],"wp:featuredmedia":[{"embeddable":true,"href":"https:\/\/www.europesays.com\/fi\/wp-json\/wp\/v2\/media\/122127"}],"wp:attachment":[{"href":"https:\/\/www.europesays.com\/fi\/wp-json\/wp\/v2\/media?parent=122126"}],"wp:term":[{"taxonomy":"category","embeddable":true,"href":"https:\/\/www.europesays.com\/fi\/wp-json\/wp\/v2\/categories?post=122126"},{"taxonomy":"post_tag","embeddable":true,"href":"https:\/\/www.europesays.com\/fi\/wp-json\/wp\/v2\/tags?post=122126"}],"curies":[{"name":"wp","href":"https:\/\/api.w.org\/{rel}","templated":true}]}}