{"id":122128,"date":"2025-12-21T08:13:08","date_gmt":"2025-12-21T08:13:08","guid":{"rendered":"https:\/\/www.europesays.com\/fi\/122128\/"},"modified":"2025-12-21T08:13:08","modified_gmt":"2025-12-21T08:13:08","slug":"korkeasta-mastosta-pudonnut-kuoli-tampereella-poliisi-onnettomuus-mutta-ei-tyotapaturma-kotimaa","status":"publish","type":"post","link":"https:\/\/www.europesays.com\/fi\/122128\/","title":{"rendered":"Korkeasta mastosta pudonnut kuoli Tampereella \u2013 poliisi: Onnettomuus, mutta ei ty\u00f6tapaturma | Kotimaa"},"content":{"rendered":"<p class=\"aw-1gybjub aw-5vja16 kEtdKx kmuxyA yle__article__paragraph\">Lauantaina Tampereen Teiskossa Digitan radio- ja televisioasemalla sattuneessa onnettomuudessa ei ep\u00e4ill\u00e4 rikosta. <\/p>\n<p><img decoding=\"async\" alt=\"Teiskon TV- ja radiomasto kartalla.\" src=\"https:\/\/www.europesays.com\/fi\/wp-content\/uploads\/2025\/12\/39-15731146947a7ae48d3d.jpeg\" class=\"aw-1l9m598 hKVVvP\"\/><\/p>\n<p>Avaa kuvien katselu<\/p>\n<p>Viranomaiset saivat h\u00e4lytyksen onnettomuudesta lauantaina noin kello 13.45. Kuva: Petteri B\u00fclow \/ Yle, Mapcreator, OpenStreetMap<\/p>\n<p class=\"aw-1gybjub aw-1p7kakr kEtdKx cEmitX yle__article__paragraph\">Ihminen on kuollut pudottuaan Tampereen Teiskon radio- ja televisiomastosta lauantaina iltap\u00e4iv\u00e4ll\u00e4.<\/p>\n<p class=\"aw-1gybjub aw-1p7kakr kEtdKx cEmitX yle__article__paragraph\">Viranomaiset saivat h\u00e4lytyksen onnettomuudesta lauantaina noin kello 13.45. Paikalle ehtineet yksik\u00f6t totesivat henkil\u00f6n menehtyneen v\u00e4litt\u00f6m\u00e4sti putoamisesta saamiinsa vammoihinsa.<\/p>\n<p class=\"aw-1gybjub aw-1p7kakr kEtdKx cEmitX yle__article__paragraph\">P\u00e4ivyst\u00e4v\u00e4 tutkinnanjohtaja, rikoskomisario <strong class=\"aw-ak79eh KyCXm yle__article__strong\">Ona Autere<\/strong> Sis\u00e4-Suomen poliisista kertoo, ett\u00e4 tapauksessa ei ep\u00e4ill\u00e4 rikosta, vaan tutkinta jatkuu kuolemansyyn selvityksen\u00e4.<\/p>\n<p class=\"aw-1gybjub aw-1p7kakr kEtdKx cEmitX yle__article__paragraph\">Autereen mukaan kyseess\u00e4 on onnettomuus, mutta ei ty\u00f6tapaturma.<\/p>\n<p class=\"aw-1gybjub aw-1p7kakr kEtdKx cEmitX yle__article__paragraph\">Poliisi ei voi kommentoida tapauksen yksityiskohtia, esimerkiksi menehtyneen sukupuolta tai ik\u00e4\u00e4.<\/p>\n<p class=\"aw-1gybjub aw-1p7kakr kEtdKx cEmitX yle__article__paragraph\">Digitan radio- ja televisioaseman torni Teiskossa on 325 metri\u00e4 korkea. Se on Tampereen korkein rakennus.<\/p>\n<p class=\"aw-1gybjub aw-1p7kakr kEtdKx cEmitX yle__article__paragraph\">Asemalla on muitakin vaaratekij\u00f6it\u00e4 kuin maston korkeus. Siell\u00e4 sijaitsee suurtehoisia l\u00e4hettimi\u00e4.<\/p>\n<p class=\"aw-1gybjub aw-1p7kakr kEtdKx cEmitX yle__article__paragraph\">Kun Digitan ty\u00f6ntekij\u00e4t tekev\u00e4t Teiskon mastolla t\u00f6it\u00e4, l\u00e4hetykset katkaistaan ty\u00f6turvallisuuden takaamiseksi.<\/p>\n","protected":false},"excerpt":{"rendered":"Lauantaina Tampereen Teiskossa Digitan radio- ja televisioasemalla sattuneessa onnettomuudessa ei ep\u00e4ill\u00e4 rikosta. Avaa kuvien katselu Viranomaiset saivat h\u00e4lytyksen&hellip;\n","protected":false},"author":2,"featured_media":122129,"comment_status":"","ping_status":"","sticky":false,"template":"","format":"standard","meta":{"footnotes":""},"categories":[12],"tags":[22,23,7723,26,27,33,31,30,17,71,24,25,28,29,15,837,18,21,553,21960,32,551,21959,19,20,16],"class_list":{"0":"post-122128","1":"post","2":"type-post","3":"status-publish","4":"format-standard","5":"has-post-thumbnail","7":"category-suomi","8":"tag-breaking-news","9":"tag-breakingnews","10":"tag-digita","11":"tag-featured-news","12":"tag-featurednews","13":"tag-fi","14":"tag-finland","15":"tag-finnish","16":"tag-headlines","17":"tag-kotimaa","18":"tag-latest-news","19":"tag-latestnews","20":"tag-main-news","21":"tag-mainnews","22":"tag-news","23":"tag-onnettomuudet","24":"tag-otsikot","25":"tag-paauutiset","26":"tag-pirkanmaa","27":"tag-radio-ja-tv-mastot","28":"tag-suomi","29":"tag-tampere","30":"tag-teisko","31":"tag-top-stories","32":"tag-topstories","33":"tag-uutiset"},"share_on_mastodon":{"url":"https:\/\/pubeurope.com\/@fi\/115756558597873936","error":""},"_links":{"self":[{"href":"https:\/\/www.europesays.com\/fi\/wp-json\/wp\/v2\/posts\/122128","targetHints":{"allow":["GET"]}}],"collection":[{"href":"https:\/\/www.europesays.com\/fi\/wp-json\/wp\/v2\/posts"}],"about":[{"href":"https:\/\/www.europesays.com\/fi\/wp-json\/wp\/v2\/types\/post"}],"author":[{"embeddable":true,"href":"https:\/\/www.europesays.com\/fi\/wp-json\/wp\/v2\/users\/2"}],"replies":[{"embeddable":true,"href":"https:\/\/www.europesays.com\/fi\/wp-json\/wp\/v2\/comments?post=122128"}],"version-history":[{"count":0,"href":"https:\/\/www.europesays.com\/fi\/wp-json\/wp\/v2\/posts\/122128\/revisions"}],"wp:featuredmedia":[{"embeddable":true,"href":"https:\/\/www.europesays.com\/fi\/wp-json\/wp\/v2\/media\/122129"}],"wp:attachment":[{"href":"https:\/\/www.europesays.com\/fi\/wp-json\/wp\/v2\/media?parent=122128"}],"wp:term":[{"taxonomy":"category","embeddable":true,"href":"https:\/\/www.europesays.com\/fi\/wp-json\/wp\/v2\/categories?post=122128"},{"taxonomy":"post_tag","embeddable":true,"href":"https:\/\/www.europesays.com\/fi\/wp-json\/wp\/v2\/tags?post=122128"}],"curies":[{"name":"wp","href":"https:\/\/api.w.org\/{rel}","templated":true}]}}