{"id":122130,"date":"2025-12-21T08:14:10","date_gmt":"2025-12-21T08:14:10","guid":{"rendered":"https:\/\/www.europesays.com\/fi\/122130\/"},"modified":"2025-12-21T08:14:10","modified_gmt":"2025-12-21T08:14:10","slug":"joukot-valtasivat-venezuelasta-tulleen-sailiolaivan","status":"publish","type":"post","link":"https:\/\/www.europesays.com\/fi\/122130\/","title":{"rendered":"Joukot valtasivat Venezuelasta tulleen s\u00e4ili\u00f6laivan"},"content":{"rendered":"<p>Yhdysvallat|Venezuela syytt\u00e4\u00e4 Yhdysvaltoja merirosvoudesta.<\/p>\n<p class=\"article-body mb-nof-24 px-nof-16\">Yhdysvaltojen joukot ovat vallanneet s\u00e4ili\u00f6laivan, joka on viimeksi ollut satamassa Venezuelassa, kertoo Yhdysvaltojen kotimaan turvallisuudesta vastaava ministeri <a class=\"article-personlink\" href=\"https:\/\/www.hs.fi\/haku\/?query=Kristi%20Noem\" rel=\"nofollow noopener\" target=\"_blank\">Kristi Noem<\/a> <a class=\"article-genericlink\" href=\"https:\/\/x.com\/Sec_Noem\/status\/2002481990755627050\" rel=\"nofollow\">X:ss\u00e4<\/a>.<\/p>\n<p class=\"article-body mb-nof-24 px-nof-16\">Alus vallattiin lauantaina ennen auringonnousua, Noem kertoo. Viestin yhteydess\u00e4 julkaistun videon perusteella alus vallattiin merell\u00e4.<\/p>\n<p class=\"article-body mb-nof-24 px-nof-16\">Videolla helikopterit l\u00e4hestyv\u00e4t kulussa olevaa s\u00e4ili\u00f6laivaa ja helikoptereista laskeudutaan aluksen kannelle.<\/p>\n<p class=\"article-body mb-nof-24 px-nof-16\">\u201dYhdysvallat jatkaa alueen huumeterrorismin rahoittamiseen k\u00e4ytett\u00e4v\u00e4n, pakotteiden alaisen \u00f6ljyn laittomien liikkeiden jahtaamista. Me l\u00f6yd\u00e4mme teid\u00e4t ja me pys\u00e4yt\u00e4mme teid\u00e4t\u201d, Noem ilmoittaa X:ss\u00e4.<\/p>\n<p class=\"article-body mb-nof-24 px-nof-16\">Venezuela tuomitsi alueen valtauksen ja nimitti sit\u00e4 \u201dvakavaksi kansainv\u00e4liseksi merirosvoudeksi\u201d, kertoo uutistoimisto Reuters.<\/p>\n<p class=\"article-body mb-nof-24 px-nof-16\">\u201dVenezuela tuomitsee ja torjuu uuden \u00f6ljy\u00e4 kuljettavan yksityisen aluksen varastamisen ja kaappaamisen, samoin kuin sen miehist\u00f6n pakkosiirron, jonka Yhdysvaltojen sotilaat ovat tehneet kansainv\u00e4lisill\u00e4 vesill\u00e4\u201d, lukee Venezuelan hallinnon lausunnossa Reutersin mukaan.<\/p>\n<p class=\"article-body mb-nof-24 px-nof-16\">Aiemmin my\u00f6s <a class=\"article-genericlink\" href=\"https:\/\/www.nytimes.com\/2025\/12\/20\/us\/politics\/us-coast-guard-venezuela-oil-tanker.html\" rel=\"nofollow noopener\" target=\"_blank\">The New York Times<\/a> kertoi aluksen valtauksesta omien l\u00e4hteidens\u00e4 perusteella. Sen mukaan alus on rekister\u00f6ity Panamaan.<\/p>\n<p class=\"article-body mb-nof-24 px-nof-16\">Reutersin tietojen mukaan yhdysvaltalaiset nousivat alukseen Karibianmerell\u00e4 Barbadoksen it\u00e4puolella. My\u00f6s Reutersin mukaan kyseess\u00e4 on Panamalainen alus.<\/p>\n<p class=\"article-body mb-nof-24 px-nof-16\">Kyseess\u00e4 on jo toinen Venezuelasta tullut s\u00e4ili\u00f6laiva, jonka Yhdysvallat on ottanut haltuunsa merell\u00e4 parin viikon sis\u00e4ll\u00e4. Ensimm\u00e4isen laivan Yhdysvallat sieppasi 10. joulukuuta.<\/p>\n<p class=\"article-body mb-nof-24 px-nof-16\">Yhdysvaltojen presidentti <a class=\"article-personlink\" href=\"https:\/\/www.hs.fi\/haku\/?query=Donald%20Trump\" rel=\"nofollow noopener\" target=\"_blank\">Donald Trump<\/a> ilmoitti viime tiistaina, ett\u00e4 h\u00e4n m\u00e4\u00e4r\u00e4\u00e4 \u201dt\u00e4ydellisen saarron kaikille pakotteiden alaisille \u00f6ljylaivoille, jotka menev\u00e4t Venezuelaan tai tulevat sielt\u00e4\u201d.<\/p>\n<p class=\"article-body mb-nof-24 px-nof-16\">Lauantaina vallattu laiva nimelt\u00e4 Centuries ei kuitenkaan ole Yhdysvaltojen valtiovarainministeri\u00f6n yll\u00e4pit\u00e4m\u00e4ll\u00e4 pakotteiden alaisten laivojen listalla, kertoo The New York Times.<\/p>\n<p class=\"article-body mb-nof-24 px-nof-16\">Lehden mukaan sen virkamiesl\u00e4hde my\u00f6s kertoi, ettei Yhdysvaltojen viranomaisilla ole takavarikointim\u00e4\u00e4r\u00e4yst\u00e4 Centuriesin tai sen lastin haltuunottoa varten.<\/p>\n<p class=\"article-body mb-nof-24 px-nof-16\">Toissa viikolla vallatusta laivasta oli takavarikointim\u00e4\u00e4r\u00e4ys, <a class=\"article-genericlink\" href=\"https:\/\/www.justice.gov\/usao-dc\/pr\/us-unseals-warrant-tanker-seized-coast-guard-coast-venezuela\" rel=\"nofollow noopener\" target=\"_blank\">tiedotti<\/a> Yhdysvaltojen oikeusministeri\u00f6 laivan haltuunoton j\u00e4lkeen.<\/p>\n<p class=\"article-body mb-nof-24 px-nof-16\">Yhdysvallat on syytt\u00e4nyt Venezuelaa huumausaineiden toimittamisesta Yhdysvaltoihin ja ilmoittanut painostavansa Venezuelaa t\u00e4st\u00e4 syyst\u00e4. \u00d6ljy on Venezuelan t\u00e4rkein tulonl\u00e4hde. Sill\u00e4 on maailman suurimmat tiedossa olevat \u00f6ljyvarat.<\/p>\n<p class=\"article-body mb-nof-24 px-nof-16\">Venezuela puolestaan on v\u00e4itt\u00e4nyt, ett\u00e4 Yhdysvallat pyrkii syrj\u00e4ytt\u00e4m\u00e4\u00e4n presidentti <a class=\"article-personlink\" href=\"https:\/\/www.hs.fi\/haku\/?query=Nicol%C3%A1s%20Maduron\" rel=\"nofollow noopener\" target=\"_blank\">Nicol\u00e1s Maduron<\/a> hallinnon.<\/p>\n<p class=\"article-body mb-nof-24 px-nof-16\">Maduro m\u00e4\u00e4r\u00e4si aiemmin t\u00e4ll\u00e4 viikolla Venezuelan merivoimat saattamaan \u00f6ljy\u00e4 kuljettavia s\u00e4ili\u00f6laivoja, mik\u00e4 saattaa lis\u00e4t\u00e4 yhteenottojen riski\u00e4. Lauantain laivanvaltauksen yhteydess\u00e4 ei mainittu, ett\u00e4 aluksella olisi ollut saattajia.<\/p>\n","protected":false},"excerpt":{"rendered":"Yhdysvallat|Venezuela syytt\u00e4\u00e4 Yhdysvaltoja merirosvoudesta. Yhdysvaltojen joukot ovat vallanneet s\u00e4ili\u00f6laivan, joka on viimeksi ollut satamassa Venezuelassa, kertoo Yhdysvaltojen kotimaan&hellip;\n","protected":false},"author":2,"featured_media":122131,"comment_status":"","ping_status":"","sticky":false,"template":"","format":"standard","meta":{"footnotes":""},"categories":[5],"tags":[22,23,26,27,33,31,30,17,46,24,25,28,29,15,18,21,32,19,20,16],"class_list":{"0":"post-122130","1":"post","2":"type-post","3":"status-publish","4":"format-standard","5":"has-post-thumbnail","7":"category-otsikot","8":"tag-breaking-news","9":"tag-breakingnews","10":"tag-featured-news","11":"tag-featurednews","12":"tag-fi","13":"tag-finland","14":"tag-finnish","15":"tag-headlines","16":"tag-helsingin-sanomat","17":"tag-latest-news","18":"tag-latestnews","19":"tag-main-news","20":"tag-mainnews","21":"tag-news","22":"tag-otsikot","23":"tag-paauutiset","24":"tag-suomi","25":"tag-top-stories","26":"tag-topstories","27":"tag-uutiset"},"share_on_mastodon":{"url":"https:\/\/pubeurope.com\/@fi\/115756562074990958","error":""},"_links":{"self":[{"href":"https:\/\/www.europesays.com\/fi\/wp-json\/wp\/v2\/posts\/122130","targetHints":{"allow":["GET"]}}],"collection":[{"href":"https:\/\/www.europesays.com\/fi\/wp-json\/wp\/v2\/posts"}],"about":[{"href":"https:\/\/www.europesays.com\/fi\/wp-json\/wp\/v2\/types\/post"}],"author":[{"embeddable":true,"href":"https:\/\/www.europesays.com\/fi\/wp-json\/wp\/v2\/users\/2"}],"replies":[{"embeddable":true,"href":"https:\/\/www.europesays.com\/fi\/wp-json\/wp\/v2\/comments?post=122130"}],"version-history":[{"count":0,"href":"https:\/\/www.europesays.com\/fi\/wp-json\/wp\/v2\/posts\/122130\/revisions"}],"wp:featuredmedia":[{"embeddable":true,"href":"https:\/\/www.europesays.com\/fi\/wp-json\/wp\/v2\/media\/122131"}],"wp:attachment":[{"href":"https:\/\/www.europesays.com\/fi\/wp-json\/wp\/v2\/media?parent=122130"}],"wp:term":[{"taxonomy":"category","embeddable":true,"href":"https:\/\/www.europesays.com\/fi\/wp-json\/wp\/v2\/categories?post=122130"},{"taxonomy":"post_tag","embeddable":true,"href":"https:\/\/www.europesays.com\/fi\/wp-json\/wp\/v2\/tags?post=122130"}],"curies":[{"name":"wp","href":"https:\/\/api.w.org\/{rel}","templated":true}]}}