{"id":122133,"date":"2025-12-21T08:31:08","date_gmt":"2025-12-21T08:31:08","guid":{"rendered":"https:\/\/www.europesays.com\/fi\/122133\/"},"modified":"2025-12-21T08:31:08","modified_gmt":"2025-12-21T08:31:08","slug":"spider-man-brand-new-day-on-kuvattu-ohjaaja-julkaisi-koskettavan-viestin","status":"publish","type":"post","link":"https:\/\/www.europesays.com\/fi\/122133\/","title":{"rendered":"Spider-Man: Brand New Day on kuvattu &#8211; ohjaaja julkaisi koskettavan viestin"},"content":{"rendered":"<p>Spider-Man: No Way Home julkaistiin teattereissa nelj\u00e4 vuotta sitten ja kes\u00e4ll\u00e4 2026<strong> Tom Hollandin<\/strong> Peter Parker tekee vihdoin paluun. <\/p>\n<p>Ohjaaja <strong>Destin Daniel Cretton <\/strong>(Shang-Chi) ilmoitti Instagramissa kuvausten p\u00e4\u00e4ttymisest\u00e4. H\u00e4n kiitti vaimoaan Nikki\u00e4, lapsiaan, n\u00e4yttelij\u00f6it\u00e4 ja kuvausryhm\u00e4\u00e4.<\/p>\n<p>\u201dOlen syv\u00e4sti kiitollinen kanssaihmisille, jotka kulkivat l\u00e4pi el\u00e4m\u00e4ni suurimman ja palkitsevimman elokuvan. Rakastan teit\u00e4 kaikkia niin paljon enk\u00e4 malta odottaa, ett\u00e4 maailma n\u00e4kee upean ty\u00f6mme valkokankaalla\u201d, Cretton kirjoitti.<\/p>\n<p>Lue my\u00f6s: <a href=\"https:\/\/www.episodi.fi\/uutiset\/huhu-marvel-ja-sony-ottivat-rajusti-yhteen-spider-manin-takia-kevin-feige-jyrahti\/\" title=\"Huhu: Marvel ja Sony ottivat rajusti yhteen Spider-Manin takia \u2013 Kevin Feige jyr\u00e4hti\" class=\"underline-custom !font-montserrat !font-bold !underline-offset-4 !decoration-4 !decoration-episodi-blue !text-md\" rel=\"nofollow noopener\" target=\"_blank\">Huhu: Marvel ja Sony ottivat rajusti yhteen Spider-Manin takia \u2013 Kevin Feige jyr\u00e4hti<\/a><\/p>\n<p>Lue my\u00f6s: <a href=\"https:\/\/www.episodi.fi\/uutiset\/spider-man-4-traileri-vuodettiin-nettiin-sony-ryhtyi-valittomiin-toimenpiteisiin\/\" title=\"Spider-Man 4 -traileri vuodettiin nettiin \u2013 Sony ryhtyi v\u00e4litt\u00f6miin toimenpiteisiin\" class=\"underline-custom !font-montserrat !font-bold !underline-offset-4 !decoration-4 !decoration-episodi-blue !text-md\" rel=\"nofollow noopener\" target=\"_blank\">Spider-Man 4 -traileri vuodettiin nettiin \u2013 Sony ryhtyi v\u00e4litt\u00f6miin toimenpiteisiin<\/a><\/p>\n<p>Lue my\u00f6s: <a href=\"https:\/\/www.episodi.fi\/uutiset\/seuraava-marvel-leffa-on-purkissa-odotetaan-miljardihittia\/\" title=\"Seuraava Marvel-leffa on purkissa \u2013 odotetaan miljardihitti\u00e4\" class=\"underline-custom !font-montserrat !font-bold !underline-offset-4 !decoration-4 !decoration-episodi-blue !text-md\" rel=\"nofollow noopener\" target=\"_blank\">Seuraava Marvel-leffa on purkissa \u2013 odotetaan miljardihitti\u00e4<\/a><\/p>\n<p>Erityiskiitokset sai itse h\u00e4m\u00e4m\u00e4kkimies.<\/p>\n<p>\u201dTom Holland, kiitos yst\u00e4vyydest\u00e4si, ty\u00f6etiikastasi ja rohkeudestasi. Spider-Man: Brand New Day on purkissa!\u201d.<\/p>\n<p>Katso Crettonin p\u00e4ivitys <a href=\"https:\/\/www.instagram.com\/p\/DSdmkohiFck\/?utm_source=ig_web_copy_link&amp;igsh=NTc4MTIwNjQ2YQ==\" rel=\"nofollow noopener\" target=\"_blank\">t\u00e4\u00e4lt\u00e4<\/a>.<\/p>\n<p>L\u00e4hde: <a href=\"https:\/\/www.cinemablend.com\/superheroes\/spider-man\/spider-man-brand-new-day-finished-filming-director-touching-message-wrapping-tom-holland-movie\" rel=\"nofollow noopener\" target=\"_blank\">Cinemablend<\/a><\/p>\n<p>Lue my\u00f6s: <a href=\"https:\/\/www.episodi.fi\/uutiskirje\/?uutiskirjemainos=tekstilinkkimainos\" title=\"Tilaa Episodin uutiskirje ja voit voittaa leffalippuja! Nappaa tv-vinkit suoraan s\u00e4hk\u00f6postiin t\u00e4st\u00e4.\" class=\"underline-custom !font-montserrat !font-bold !underline-offset-4 !decoration-4 !decoration-episodi-blue !text-md\" rel=\"nofollow noopener\" target=\"_blank\">Tilaa Episodin uutiskirje ja voit voittaa leffalippuja! Nappaa katseluvinkit suoraan s\u00e4hk\u00f6postiin t\u00e4st\u00e4.<\/a><\/p>\n<p>\t\t\t<a href=\"https:\/\/www.facebook.com\/sharer\/sharer.php?u=https:\/\/www.episodi.fi\/uutiset\/spider-man-brand-new-day-on-kuvattu-ohjaaja-julkaisi-koskettavan-viestin\/\" target=\"_blank\" class=\"block px-4 py-2 text-sm text-gray-800 border-b hover:bg-gray-200\" rel=\"nofollow noopener\"><\/p>\n<p>\t\t\t\tFacebook<br \/>\n\t\t\t<\/a><br \/>\n\t\t\t<a href=\"https:\/\/twitter.com\/intent\/tweet?text=https:\/\/www.episodi.fi\/uutiset\/spider-man-brand-new-day-on-kuvattu-ohjaaja-julkaisi-koskettavan-viestin\/\" target=\"_blank\" class=\"block px-4 py-2 text-sm text-gray-800 border-b hover:bg-gray-200\" rel=\"nofollow noopener\"><\/p>\n<p>\t\t\t\tTwitter<br \/>\n\t\t\t<\/a><br \/>\n\t\t\t<a href=\"mailto:?subject=Spider-Man: Brand New Day on kuvattu \u2013 ohjaaja julkaisi koskettavan viestin&amp;body=https:\/\/www.episodi.fi\/uutiset\/spider-man-brand-new-day-on-kuvattu-ohjaaja-julkaisi-koskettavan-viestin\/\" target=\"_blank\" class=\"block px-4 py-2 text-sm text-gray-800 border-b hover:bg-gray-200\"><\/p>\n<p>\t\t\t\tS\u00e4hk\u00f6posti<\/a><\/p>\n<p>\t\t\t\t<script async src=\"https:\/\/platform.twitter.com\/widgets.js\" charset=\"utf-8\"><\/script><script async src=\"\/\/www.instagram.com\/embed.js\"><\/script><\/p>\n","protected":false},"excerpt":{"rendered":"Spider-Man: No Way Home julkaistiin teattereissa nelj\u00e4 vuotta sitten ja kes\u00e4ll\u00e4 2026 Tom Hollandin Peter Parker tekee vihdoin&hellip;\n","protected":false},"author":2,"featured_media":122134,"comment_status":"","ping_status":"","sticky":false,"template":"","format":"standard","meta":{"footnotes":""},"categories":[131],"tags":[155,137,33,173,31,30,172,6775,32,109],"class_list":{"0":"post-122133","1":"post","2":"type-post","3":"status-publish","4":"format-standard","5":"has-post-thumbnail","7":"category-elokuvat","8":"tag-elokuvat","9":"tag-entertainment","10":"tag-fi","11":"tag-film","12":"tag-finland","13":"tag-finnish","14":"tag-movies","15":"tag-spider-man-brand-new-day","16":"tag-suomi","17":"tag-viihde"},"share_on_mastodon":{"url":"https:\/\/pubeurope.com\/@fi\/115756628918001949","error":""},"_links":{"self":[{"href":"https:\/\/www.europesays.com\/fi\/wp-json\/wp\/v2\/posts\/122133","targetHints":{"allow":["GET"]}}],"collection":[{"href":"https:\/\/www.europesays.com\/fi\/wp-json\/wp\/v2\/posts"}],"about":[{"href":"https:\/\/www.europesays.com\/fi\/wp-json\/wp\/v2\/types\/post"}],"author":[{"embeddable":true,"href":"https:\/\/www.europesays.com\/fi\/wp-json\/wp\/v2\/users\/2"}],"replies":[{"embeddable":true,"href":"https:\/\/www.europesays.com\/fi\/wp-json\/wp\/v2\/comments?post=122133"}],"version-history":[{"count":0,"href":"https:\/\/www.europesays.com\/fi\/wp-json\/wp\/v2\/posts\/122133\/revisions"}],"wp:featuredmedia":[{"embeddable":true,"href":"https:\/\/www.europesays.com\/fi\/wp-json\/wp\/v2\/media\/122134"}],"wp:attachment":[{"href":"https:\/\/www.europesays.com\/fi\/wp-json\/wp\/v2\/media?parent=122133"}],"wp:term":[{"taxonomy":"category","embeddable":true,"href":"https:\/\/www.europesays.com\/fi\/wp-json\/wp\/v2\/categories?post=122133"},{"taxonomy":"post_tag","embeddable":true,"href":"https:\/\/www.europesays.com\/fi\/wp-json\/wp\/v2\/tags?post=122133"}],"curies":[{"name":"wp","href":"https:\/\/api.w.org\/{rel}","templated":true}]}}