{"id":122137,"date":"2025-12-21T08:34:12","date_gmt":"2025-12-21T08:34:12","guid":{"rendered":"https:\/\/www.europesays.com\/fi\/122137\/"},"modified":"2025-12-21T08:34:12","modified_gmt":"2025-12-21T08:34:12","slug":"helsinkilainen-western-henkinen-vaateliike-sai-isommat-tilat-monet-tekevat-rohkeitakin-asuvalintoja-paikalliset","status":"publish","type":"post","link":"https:\/\/www.europesays.com\/fi\/122137\/","title":{"rendered":"Helsinkil\u00e4inen western-henkinen vaateliike sai isommat tilat \u2013 \u201dMonet tekev\u00e4t rohkeitakin asuvalintoja\u201d | Paikalliset"},"content":{"rendered":"<p>Miestenvaateliike Lasso avasi joulukuun alussa ovensa entisen Etolan tiloihin Helsingin Taka-T\u00f6\u00f6l\u00f6\u00f6n. Liikkeen uusi osoite on Mechelininkatu 42.<\/p>\n<p><strong class=\"diks-storyline__impact\">L\u00e4nnentyylist\u00e4 <\/strong>eli western- ja ranch-hengest\u00e4 ammentava liike toimi aiemmin Taka-T\u00f6\u00f6l\u00f6ss\u00e4 pienen kerrostalon kellaritilassa, jossa se ehti olla vain reilun vuoden ennen muuttoa. Muuton ansiosta liike sai lis\u00e4\u00e4 neli\u00f6it\u00e4. Samassa sen valikoima laajeni.<\/p>\n<p>Valikoimaan on tullut erityisesti hattuja ja koruja, kuten sormuksia.<\/p>\n<p>\u2013\u2009Uudistusta on se, ett\u00e4 olemme laajentaneet pelk\u00e4st\u00e4 vintagesta my\u00f6s uusiin vaatteisiin ja tuotteisiin, toteaa yksi omistajista <strong>Juha Paaso <\/strong>Helsingin Uutisille.<\/p>\n<p>Vintagevaatteilla tarkoitetaan v\u00e4hint\u00e4\u00e4n parikymment\u00e4 vuotta vanhoja vaatteita.<\/p>\n<p>\t\t<a class=\"diks-gallery__link\" href=\"https:\/\/i.media.fi\/incoming\/jvbsn4\/11202506.jpg\/alternates\/FREE_1440\/11202506.jpg\" data-thumbnail=\"\" data-sub-html=\"Yritt\u00e4j\u00e4t ovat remontoineet tilan itse. Juha Paaso\" aria-label=\"Katso isompi kuva\" rel=\"nofollow noopener\" target=\"_blank\"><br \/>\n\t\t\t\t<img class=\"diks-figure__image\" src=\"https:\/\/www.europesays.com\/fi\/wp-content\/uploads\/2025\/12\/11202506.jpg\" loading=\"lazy\" decoding=\"sync\" alt=\"\"\/><\/p>\n<p>\t\t\t<\/a><br \/>\n\t\t\t\t\tYritt\u00e4j\u00e4t ovat remontoineet tilan itse. Juha Paaso<\/p>\n<p><strong class=\"diks-storyline__impact\">Kivijalkakauppa<\/strong> on ollut vaikeuksissa kaikkialla, etenkin Helsingiss\u00e4, Paaso sanoo. Lasso haluaa taistella t\u00e4t\u00e4 kehityst\u00e4 vastaan.<\/p>\n<p>\u2013\u2009Helsinki ja kaupunkilaiset ansaitsevat kiinnostavia kivijalkakauppoja ja vireit\u00e4 naapurustoja. Toisaalta olemme kokeneet, ett\u00e4 uudella vaatteella pystymme palvelemaan laajempaa asiakaskuntaa verrattuna pelkk\u00e4\u00e4n vintageen.<\/p>\n<p>\t\t<a class=\"diks-gallery__link\" href=\"https:\/\/i.media.fi\/incoming\/dfyaaz\/11202507.jpg\/alternates\/FREE_1440\/11202507.jpg\" data-thumbnail=\"\" data-sub-html=\"Myynniss\u00e4 on l\u00e4nnenhenkist\u00e4 tavaraa. Juha Paaso\" aria-label=\"Katso isompi kuva\" rel=\"nofollow noopener\" target=\"_blank\"><br \/>\n\t\t\t\t<img class=\"diks-figure__image\" src=\"https:\/\/www.europesays.com\/fi\/wp-content\/uploads\/2025\/12\/11202507.jpg\" loading=\"lazy\" decoding=\"sync\" alt=\"\"\/><\/p>\n<p>\t\t\t<\/a><br \/>\n\t\t\t\t\tMyynniss\u00e4 on l\u00e4nnenhenkist\u00e4 tavaraa. Juha Paaso<\/p>\n<p><strong class=\"diks-storyline__impact\">Viime aikoina <\/strong>miehet ovat Paason mukaan suosineet koruissa muun muassa turkoosikivisi\u00e4 sormuksia ja vaatteissa esimerkiksi vuorellisia farkkutakkeja.<\/p>\n<p>\u2013\u2009Sanoisimme kuitenkin, ett\u00e4 varsinainen trendi ei ole mik\u00e4\u00e4n yksitt\u00e4inen tuote vaan se, ett\u00e4 monet miehet, varsinkin nuoret aikuiset, yhdistelev\u00e4t pukeutumiseensa western-teemaa.<\/p>\n<p>Paaso nostaa esille my\u00f6s street-muodin, jossa voidaan yhdist\u00e4\u00e4 vaikkapa cowboy-buutsit, lierihattu tai kirjailtu western-paita.<\/p>\n<p>\u2013\u2009Monet tekev\u00e4t aika rohkeitakin asuvalintoja, mik\u00e4 on meist\u00e4 tietysti tosi hienoa.<\/p>\n<p>\t\t<a class=\"diks-gallery__link\" href=\"https:\/\/i.media.fi\/incoming\/oka179\/11199069.jpg\/alternates\/FREE_1440\/11199069.jpg\" data-thumbnail=\"\" data-sub-html=\"Juha Paaso\" aria-label=\"Katso isompi kuva\" rel=\"nofollow noopener\" target=\"_blank\"><br \/>\n\t\t\t\t<img class=\"diks-figure__image\" src=\"https:\/\/www.europesays.com\/fi\/wp-content\/uploads\/2025\/12\/11199069.jpg\" loading=\"lazy\" decoding=\"sync\" alt=\"\"\/><\/p>\n<p>\t\t\t<\/a><br \/>\n\t\t\t\t\tJuha Paaso<\/p>\n<p>\t\t<a class=\"diks-gallery__link\" href=\"https:\/\/i.media.fi\/incoming\/mq9nx\/11202505.jpg\/alternates\/FREE_1440\/11202505.jpg\" data-thumbnail=\"\" data-sub-html=\"Sein\u00e4ll\u00e4 on itse kantrimusiikin legenda Dolly Parton. Juha Paaso\" aria-label=\"Katso isompi kuva\" rel=\"nofollow noopener\" target=\"_blank\"><br \/>\n\t\t\t\t<img class=\"diks-figure__image\" src=\"https:\/\/www.europesays.com\/fi\/wp-content\/uploads\/2025\/12\/11202505.jpg\" loading=\"lazy\" decoding=\"sync\" alt=\"\"\/><\/p>\n<p>\t\t\t<\/a><br \/>\n\t\t\t\t\tSein\u00e4ll\u00e4 on itse kantrimusiikin legenda Dolly Parton. Juha Paaso<\/p>\n<p><strong class=\"diks-storyline__impact\">Paaso lupaa<\/strong>, ett\u00e4 Lasso tarjoaa miesten pukeutumiseen jotain sellaista uutta, mit\u00e4 monikaan muu miestenvaateliike ei tarjoa.<\/p>\n<p>\u2013\u2009Lasso ei halua olla pelkk\u00e4 vaatekauppa, vaan osa kaupunkikulttuuria. Uskomme, ett\u00e4 menesty\u00e4kseen kivijalkakaupan pit\u00e4\u00e4 pysty\u00e4 tarjoamaan jotain muutakin kuin pelk\u00e4t myyntituotteensa.<\/p>\n<p><strong class=\"diks-storyline__impact\">Yrityksess\u00e4 ovat mukana<\/strong> my\u00f6s<strong> Mikko Murtomaa<\/strong> ja <strong>Jan Schulte-Tigges<\/strong>. Yritt\u00e4j\u00e4t ovat rakentaneet cowboy-henkisess\u00e4 liiketilassa l\u00e4hes kaiken itse.<\/p>\n<p>Liikkeess\u00e4 on my\u00f6s loungemainen ja esiintymislava tulevia Lasso Live -iltoja varten. Myynniss\u00e4 on my\u00f6s virvokkeita.<\/p>\n<p>\u2013\u2009Tulevaisuudensuunnitelmissa on leffailtoja, brunssia ja pieni kes\u00e4terassi, Paaso visioi.<\/p>\n<p>\t\t<a class=\"diks-gallery__link\" href=\"https:\/\/i.media.fi\/incoming\/v13kt0\/11202509.jpg\/alternates\/FREE_1440\/11202509.jpg\" data-thumbnail=\"\" data-sub-html=\"Liikkeess\u00e4 on loungemainen oleskelutila. Juha Paaso\" aria-label=\"Katso isompi kuva\" rel=\"nofollow noopener\" target=\"_blank\"><br \/>\n\t\t\t\t<img class=\"diks-figure__image\" src=\"https:\/\/www.europesays.com\/fi\/wp-content\/uploads\/2025\/12\/11202509.jpg\" loading=\"lazy\" decoding=\"sync\" alt=\"\"\/><\/p>\n<p>\t\t\t<\/a><br \/>\n\t\t\t\t\tLiikkeess\u00e4 on loungemainen oleskelutila. Juha Paaso<\/p>\n<p><strong class=\"diks-storyline__impact\">Muovitavaroistaan<\/strong> tuttu Etola toimi Mechelininkadun tiloissa l\u00e4hes 60 vuotta ja sulki ovensa vuonna 2019.<\/p>\n<p>Yksi syy myym\u00e4l\u00e4n lopettamiseen oli yli kaksi vuotta kest\u00e4nyt Mechelininkadun tiety\u00f6, jonka aikana asiakkaat kaikkosivat.<\/p>\n<p>\u2013\u2009Remontti kesti niin pitk\u00e4\u00e4n, ett\u00e4 se tuhosi liikkeen t\u00e4ysin. Siit\u00e4 seurasi t\u00e4ydellinen asiakaskato. Asiakaskunta ehti l\u00f6yt\u00e4\u00e4 uudet polut uusiin paikkoihin eiv\u00e4tk\u00e4 en\u00e4\u00e4 palanneet, <strong>Lilli Etola<\/strong> totesi Helsingin Uutisille tuolloin.<\/p>\n<p>Ennen Lassoa tiloissa oli ainakin polkupy\u00f6r\u00e4liike.<\/p>\n","protected":false},"excerpt":{"rendered":"Miestenvaateliike Lasso avasi joulukuun alussa ovensa entisen Etolan tiloihin Helsingin Taka-T\u00f6\u00f6l\u00f6\u00f6n. Liikkeen uusi osoite on Mechelininkatu 42. L\u00e4nnentyylist\u00e4&hellip;\n","protected":false},"author":2,"featured_media":122138,"comment_status":"","ping_status":"","sticky":false,"template":"","format":"standard","meta":{"footnotes":""},"categories":[130],"tags":[137,33,31,30,104,15400,2895,32,107,109],"class_list":{"0":"post-122137","1":"post","2":"type-post","3":"status-publish","4":"format-standard","5":"has-post-thumbnail","7":"category-viihde","8":"tag-entertainment","9":"tag-fi","10":"tag-finland","11":"tag-finnish","12":"tag-helsinki","13":"tag-paakaupunkiseutu","14":"tag-palvelut","15":"tag-suomi","16":"tag-vaatteet","17":"tag-viihde"},"share_on_mastodon":{"url":"https:\/\/pubeurope.com\/@fi\/115756641238960170","error":""},"_links":{"self":[{"href":"https:\/\/www.europesays.com\/fi\/wp-json\/wp\/v2\/posts\/122137","targetHints":{"allow":["GET"]}}],"collection":[{"href":"https:\/\/www.europesays.com\/fi\/wp-json\/wp\/v2\/posts"}],"about":[{"href":"https:\/\/www.europesays.com\/fi\/wp-json\/wp\/v2\/types\/post"}],"author":[{"embeddable":true,"href":"https:\/\/www.europesays.com\/fi\/wp-json\/wp\/v2\/users\/2"}],"replies":[{"embeddable":true,"href":"https:\/\/www.europesays.com\/fi\/wp-json\/wp\/v2\/comments?post=122137"}],"version-history":[{"count":0,"href":"https:\/\/www.europesays.com\/fi\/wp-json\/wp\/v2\/posts\/122137\/revisions"}],"wp:featuredmedia":[{"embeddable":true,"href":"https:\/\/www.europesays.com\/fi\/wp-json\/wp\/v2\/media\/122138"}],"wp:attachment":[{"href":"https:\/\/www.europesays.com\/fi\/wp-json\/wp\/v2\/media?parent=122137"}],"wp:term":[{"taxonomy":"category","embeddable":true,"href":"https:\/\/www.europesays.com\/fi\/wp-json\/wp\/v2\/categories?post=122137"},{"taxonomy":"post_tag","embeddable":true,"href":"https:\/\/www.europesays.com\/fi\/wp-json\/wp\/v2\/tags?post=122137"}],"curies":[{"name":"wp","href":"https:\/\/api.w.org\/{rel}","templated":true}]}}