{"id":122143,"date":"2025-12-21T08:39:08","date_gmt":"2025-12-21T08:39:08","guid":{"rendered":"https:\/\/www.europesays.com\/fi\/122143\/"},"modified":"2025-12-21T08:39:08","modified_gmt":"2025-12-21T08:39:08","slug":"laukkuvaras-iski-junassa-menetin-laheisteni-joululahjat","status":"publish","type":"post","link":"https:\/\/www.europesays.com\/fi\/122143\/","title":{"rendered":"Laukkuvaras iski junassa \u2013 menetin l\u00e4heisteni joululahjat"},"content":{"rendered":"<p>Lukijan mielipide|Voisiko VR asentaa matkatavaroiden s\u00e4ilytystiloihin metallirenkaita tai tankoja, joihin jokainen voisi kytke\u00e4 laukkunsa omalla lukollaan?<\/p>\n<p class=\"article-body nof-ui-body-medium mb-nof-24 px-nof-16\">Kirjoitus on Helsingin Sanomien lukijan mielipide.<\/p>\n<p class=\"article-body mb-nof-24 px-nof-16\">Palasin kahden viikon Kiinan-matkalta lauantaina 13. joulukuuta Helsingin keskustan kautta, ja nousin painavan ruumalaukun kanssa IC-junaan. Jouduin j\u00e4tt\u00e4m\u00e4\u00e4n laukkuni vaunujen v\u00e4likk\u00f6\u00f6n isoille matkatavaroille tarkoitettuun paikkaan, koska se olisi tukkinut k\u00e4yt\u00e4v\u00e4n enk\u00e4 voinut nostaa sit\u00e4 yl\u00e4hyllylle.<\/p>\n<p class=\"article-body mb-nof-24 px-nof-16\">Laukkuni varastettiin joko Pasilan tai Tikkurilan asemalla, ehk\u00e4 jopa jo Helsingiss\u00e4. Sen mukana meniv\u00e4t lasten ja l\u00e4heisten joululahjat, tuliaiset, ostokset, vaatteita ja kenki\u00e4 sek\u00e4 muutama esine, joilla oli suurta tunnearvoa. Tyrmistys oli melkoinen.<\/p>\n<p class=\"article-body mb-nof-24 px-nof-16\">Samana iltana tamperelaisen Juhlaprinsessa-yrityksen esiintyj\u00e4lt\u00e4 varastettiin junasta Pasilan tai Tikkurilan asemalla pinkki matkalaukku, jonka mukana muun muassa katosi kallisarvoisia esiintymisasuja, peruukkeja ja kenki\u00e4.<\/p>\n<p class=\"article-body mb-nof-24 px-nof-16\">Kun varkaat ovat nyt l\u00f6yt\u00e4neet t\u00e4m\u00e4n helpon ansaintatavan itselleen, VR:n pit\u00e4isi keksi\u00e4 ongelmaan nyt nopea ratkaisu. Voisiko VR asentaa matkatavaroiden s\u00e4ilytystiloihin metallirenkaita tai tankoja, joihin jokainen voisi kytke\u00e4 laukkunsa omalla lukollaan? Kaikki matkustajat eiv\u00e4t voi menn\u00e4 vaunujen v\u00e4likk\u00f6\u00f6n joka asemalla varmistamaan, ettei rikollinen varasta laukkua. T\u00e4ll\u00f6in uudet matkustajat eiv\u00e4t mahtuisi junaan sis\u00e4lle eiv\u00e4tk\u00e4 toiset p\u00e4\u00e4sisi pois. Jopa varkaista varoittava lappu s\u00e4ilytystilan yl\u00e4puolella voisi est\u00e4\u00e4 muutaman rikoksen.<\/p>\n<p class=\"article-body mb-nof-24 px-nof-16\">Kuinka monta muuta laukkua varastettiin sin\u00e4 iltana tai muina p\u00e4ivin\u00e4? Matkustajat, pit\u00e4k\u00e4\u00e4 tavaranne tiukasti valvovan silm\u00e4nne alla. Kukaan muu ei tee sit\u00e4 puolestanne.<\/p>\n<p class=\"article-body mb-nof-24 px-nof-16\">P\u00e4ivi Alasalmi<\/p>\n<p class=\"article-body mb-nof-24 px-nof-16\">Akaa<\/p>\n<p class=\"article-body nof-ui-body-medium mb-nof-24 px-nof-16\">HS:n toimitus valitsee ja toimittaa mielipidekirjoitukset. Voit j\u00e4tt\u00e4\u00e4 mielipidekirjoituksen tai tutustua kirjoitusten periaatteisiin osoitteessa <a class=\"article-genericlink article-endnote\" href=\"http:\/\/www.hs.fi\/kirjoitamielipidekirjoitus\/\" rel=\"nofollow noopener\" target=\"_blank\">http:\/\/www.hs.fi\/kirjoitamielipidekirjoitus\/<\/a>.<\/p>\n","protected":false},"excerpt":{"rendered":"Lukijan mielipide|Voisiko VR asentaa matkatavaroiden s\u00e4ilytystiloihin metallirenkaita tai tankoja, joihin jokainen voisi kytke\u00e4 laukkunsa omalla lukollaan? Kirjoitus on&hellip;\n","protected":false},"author":2,"featured_media":96697,"comment_status":"","ping_status":"","sticky":false,"template":"","format":"standard","meta":{"footnotes":""},"categories":[12],"tags":[22,23,26,27,33,31,30,17,46,24,25,28,29,15,18,21,32,19,20,16],"class_list":{"0":"post-122143","1":"post","2":"type-post","3":"status-publish","4":"format-standard","5":"has-post-thumbnail","7":"category-suomi","8":"tag-breaking-news","9":"tag-breakingnews","10":"tag-featured-news","11":"tag-featurednews","12":"tag-fi","13":"tag-finland","14":"tag-finnish","15":"tag-headlines","16":"tag-helsingin-sanomat","17":"tag-latest-news","18":"tag-latestnews","19":"tag-main-news","20":"tag-mainnews","21":"tag-news","22":"tag-otsikot","23":"tag-paauutiset","24":"tag-suomi","25":"tag-top-stories","26":"tag-topstories","27":"tag-uutiset"},"share_on_mastodon":{"url":"https:\/\/pubeurope.com\/@fi\/115756660825337040","error":""},"_links":{"self":[{"href":"https:\/\/www.europesays.com\/fi\/wp-json\/wp\/v2\/posts\/122143","targetHints":{"allow":["GET"]}}],"collection":[{"href":"https:\/\/www.europesays.com\/fi\/wp-json\/wp\/v2\/posts"}],"about":[{"href":"https:\/\/www.europesays.com\/fi\/wp-json\/wp\/v2\/types\/post"}],"author":[{"embeddable":true,"href":"https:\/\/www.europesays.com\/fi\/wp-json\/wp\/v2\/users\/2"}],"replies":[{"embeddable":true,"href":"https:\/\/www.europesays.com\/fi\/wp-json\/wp\/v2\/comments?post=122143"}],"version-history":[{"count":0,"href":"https:\/\/www.europesays.com\/fi\/wp-json\/wp\/v2\/posts\/122143\/revisions"}],"wp:featuredmedia":[{"embeddable":true,"href":"https:\/\/www.europesays.com\/fi\/wp-json\/wp\/v2\/media\/96697"}],"wp:attachment":[{"href":"https:\/\/www.europesays.com\/fi\/wp-json\/wp\/v2\/media?parent=122143"}],"wp:term":[{"taxonomy":"category","embeddable":true,"href":"https:\/\/www.europesays.com\/fi\/wp-json\/wp\/v2\/categories?post=122143"},{"taxonomy":"post_tag","embeddable":true,"href":"https:\/\/www.europesays.com\/fi\/wp-json\/wp\/v2\/tags?post=122143"}],"curies":[{"name":"wp","href":"https:\/\/api.w.org\/{rel}","templated":true}]}}