{"id":122144,"date":"2025-12-21T08:40:11","date_gmt":"2025-12-21T08:40:11","guid":{"rendered":"https:\/\/www.europesays.com\/fi\/122144\/"},"modified":"2025-12-21T08:40:11","modified_gmt":"2025-12-21T08:40:11","slug":"poliisilta-uutta-tietoa-14-vuotiaan-puukotuksesta-helsingissa","status":"publish","type":"post","link":"https:\/\/www.europesays.com\/fi\/122144\/","title":{"rendered":"Poliisilta uutta tietoa 14-vuotiaan puukotuksesta Helsingiss\u00e4"},"content":{"rendered":"<p>Puukotus tapahtui ulkona.<\/p>\n<p>Poliisi tutkii puukotusta Helsingiss\u00e4. Uhriksi joutui 14-vuotias lapsi.Video: Lassi Rinne<\/p>\n<p class=\"article-body mb-nof-24 px-nof-16\">Helsingin poliisilaitoksen p\u00e4ivyst\u00e4v\u00e4n tutkinnanjohtajan, rikoskomisario <a class=\"article-personlink\" href=\"https:\/\/www.is.fi\/haku\/?query=Tapio%20Hyv%C3%B6sen\" rel=\"nofollow noopener\" target=\"_blank\">Tapio Hyv\u00f6sen<\/a> mukaan 14-vuotiaan lapsen puukottajaa ei ole tavoitettu.<\/p>\n<p class=\"article-body mb-nof-24 px-nof-16\">Ep\u00e4illyst\u00e4 henkil\u00f6st\u00e4 ei my\u00f6sk\u00e4\u00e4n ole t\u00e4ytt\u00e4 varmuutta, Hyv\u00f6nen kertoo.<\/p>\n<p class=\"article-body mb-nof-24 px-nof-16\">Poliisi kertoi lauantaina, ett\u00e4 14-vuotiasta lasta on puukotettu Yl\u00e4-Malmilla. Tapahtumapaikka sijaitsee tarkemmin sanoen Pukinm\u00e4en ja Yl\u00e4-Malmin rajalla.<\/p>\n<p class=\"article-body mb-nof-24 px-nof-16\">IS:n valokuvaajan kuvien perusteella poliisit tekiv\u00e4t my\u00f6h\u00e4\u00e4n lauantaina tutkintaa kerrostaloalueella. Puukotus tapahtui ulkona, poliisi tiedotti sunnuntaina noin aamukymmenelt\u00e4.<\/p>\n<p><img decoding=\"async\" src=\"https:\/\/www.europesays.com\/fi\/wp-content\/uploads\/2025\/12\/1766306410_600_468.jpg\" alt=\"Poliisit tekiv\u00e4t tutkintaa kerrostaloalueella.\" class=\"_Img_1rerz_1\" style=\"aspect-ratio:1.5\" loading=\"eager\"\/><\/p>\n<p class=\"article-picture-caption\">Poliisit tekiv\u00e4t tutkintaa kerrostaloalueella. Kuva:\u00a0Lassi Rinne<\/p>\n<p class=\"article-body mb-nof-24 px-nof-16\">Uhri on hoidossa.<\/p>\n<p class=\"article-body mb-nof-24 px-nof-16\">\u2013 H\u00e4n on hoidossa sairaalassa, mutta muuta en voi muuta h\u00e4nen tilanteestaan kertoa, Hyv\u00f6nen sanoo.<\/p>\n<p class=\"article-body mb-nof-24 px-nof-16\">Muuta kerrottavaa Hyv\u00f6sell\u00e4 ei tapaukseen liittyen ole. Poliisi tiedottaa tapauksesta, kun uutta tietoa saadaan.<\/p>\n<p class=\"article-body mb-nof-24 px-nof-16\">Tapahtunutta tutkitaan alustavasti rikosnimikkeell\u00e4 tapon yritys. Rikosnimikkeet voivat muuttua tai t\u00e4ydenty\u00e4 tutkinnan edetess\u00e4.<\/p>\n<p><img decoding=\"async\" src=\"https:\/\/www.europesays.com\/fi\/wp-content\/uploads\/2025\/12\/1766306411_533_468.jpg\" alt=\"Paikalla oli useita partioita sek\u00e4 teknisen tutkinnan auto.\" class=\"_Img_1rerz_1\" style=\"aspect-ratio:1.5\" loading=\"eager\"\/><\/p>\n<p class=\"article-picture-caption\">Paikalla oli useita partioita sek\u00e4 teknisen tutkinnan auto. Kuva:\u00a0Lassi Rinne<\/p>\n<p class=\"article-body mb-nof-24 px-nof-16\">Poliisi kertoi my\u00f6h\u00e4\u00e4n lauantaina, ett\u00e4 puukotus tapahtui iltayhdeks\u00e4n aikaan lauantaina.<\/p>\n<p class=\"article-body mb-nof-24 px-nof-16\">Poliisin mukaan puukotustilanteessa oli osallisena kaksi ihmist\u00e4.<\/p>\n","protected":false},"excerpt":{"rendered":"Puukotus tapahtui ulkona. Poliisi tutkii puukotusta Helsingiss\u00e4. Uhriksi joutui 14-vuotias lapsi.Video: Lassi Rinne Helsingin poliisilaitoksen p\u00e4ivyst\u00e4v\u00e4n tutkinnanjohtajan, rikoskomisario&hellip;\n","protected":false},"author":2,"featured_media":122145,"comment_status":"","ping_status":"","sticky":false,"template":"","format":"standard","meta":{"footnotes":""},"categories":[5],"tags":[22,23,26,27,33,31,30,17,34,24,25,28,29,15,18,21,32,19,20,16],"class_list":{"0":"post-122144","1":"post","2":"type-post","3":"status-publish","4":"format-standard","5":"has-post-thumbnail","7":"category-otsikot","8":"tag-breaking-news","9":"tag-breakingnews","10":"tag-featured-news","11":"tag-featurednews","12":"tag-fi","13":"tag-finland","14":"tag-finnish","15":"tag-headlines","16":"tag-ilta-sanomat","17":"tag-latest-news","18":"tag-latestnews","19":"tag-main-news","20":"tag-mainnews","21":"tag-news","22":"tag-otsikot","23":"tag-paauutiset","24":"tag-suomi","25":"tag-top-stories","26":"tag-topstories","27":"tag-uutiset"},"share_on_mastodon":{"url":"https:\/\/pubeurope.com\/@fi\/115756664502210529","error":""},"_links":{"self":[{"href":"https:\/\/www.europesays.com\/fi\/wp-json\/wp\/v2\/posts\/122144","targetHints":{"allow":["GET"]}}],"collection":[{"href":"https:\/\/www.europesays.com\/fi\/wp-json\/wp\/v2\/posts"}],"about":[{"href":"https:\/\/www.europesays.com\/fi\/wp-json\/wp\/v2\/types\/post"}],"author":[{"embeddable":true,"href":"https:\/\/www.europesays.com\/fi\/wp-json\/wp\/v2\/users\/2"}],"replies":[{"embeddable":true,"href":"https:\/\/www.europesays.com\/fi\/wp-json\/wp\/v2\/comments?post=122144"}],"version-history":[{"count":0,"href":"https:\/\/www.europesays.com\/fi\/wp-json\/wp\/v2\/posts\/122144\/revisions"}],"wp:featuredmedia":[{"embeddable":true,"href":"https:\/\/www.europesays.com\/fi\/wp-json\/wp\/v2\/media\/122145"}],"wp:attachment":[{"href":"https:\/\/www.europesays.com\/fi\/wp-json\/wp\/v2\/media?parent=122144"}],"wp:term":[{"taxonomy":"category","embeddable":true,"href":"https:\/\/www.europesays.com\/fi\/wp-json\/wp\/v2\/categories?post=122144"},{"taxonomy":"post_tag","embeddable":true,"href":"https:\/\/www.europesays.com\/fi\/wp-json\/wp\/v2\/tags?post=122144"}],"curies":[{"name":"wp","href":"https:\/\/api.w.org\/{rel}","templated":true}]}}