{"id":122150,"date":"2025-12-21T08:58:08","date_gmt":"2025-12-21T08:58:08","guid":{"rendered":"https:\/\/www.europesays.com\/fi\/122150\/"},"modified":"2025-12-21T08:58:08","modified_gmt":"2025-12-21T08:58:08","slug":"onko-die-hard-jouluelokuva-nyt-asiaa-kommentoi-itse-joulun-kummiseta","status":"publish","type":"post","link":"https:\/\/www.europesays.com\/fi\/122150\/","title":{"rendered":"Onko Die Hard jouluelokuva? Nyt asiaa kommentoi itse \u201djoulun kummiset\u00e4\u201d"},"content":{"rendered":"<p>Jouluelokuvien klassikoihin kuuluvan Yksin kotona (1990) -elokuvan t\u00e4hti <strong>Macaulay Culkin <\/strong>ottaa kantaa yhteen netin kiistellyimmist\u00e4 kysymyksist\u00e4: \u201donko <strong>Bruce Willisin<\/strong> Die Hard (1988) jouluelokuva?\u201d.<\/p>\n<p>Kanta oli v\u00e4kev\u00e4n kielteinen.<\/p>\n<p>\u201dNo, ei, ei se ole. \u00c4lk\u00e4\u00e4 riidelk\u00f6 kanssani! Elokuva sijoittuu joulun aikaan, mutta jos kyseess\u00e4 olisi Pyh\u00e4n Patrickin p\u00e4iv\u00e4, leffa toimisi silti\u201d.<\/p>\n<p>\u201dKun taas Yksin kotona ei toimisi muulloin kuin jouluna\u201d, h\u00e4n lausui.<\/p>\n<p>Lue my\u00f6s: <a href=\"https:\/\/www.episodi.fi\/uutiset\/die-hard-on-jouluelokuvien-ykkonen-arnold-schwarzenegger-inhosi-yhta-osa-aluetta-elokuvassa\/\" title=\"Die Hard on jouluelokuvien ykk\u00f6nen \u2013 Arnold Schwarzenegger inhosi yht\u00e4 osa-aluetta elokuvassa\" class=\"underline-custom !font-montserrat !font-bold !underline-offset-4 !decoration-4 !decoration-episodi-blue !text-md\" rel=\"nofollow noopener\" target=\"_blank\">Die Hard on jouluelokuvien ykk\u00f6nen \u2013 Arnold Schwarzenegger inhosi yht\u00e4 osa-aluetta elokuvassa<\/a><\/p>\n<p>Lue my\u00f6s: <a href=\"https:\/\/www.episodi.fi\/uutiset\/die-hard-ilmestyskirja-nyt-ja-monia-muita-clint-eastwood-on-kieltaytynyt-melkoisista-rooleista\/\" title=\"Die Hard, Ilmestyskirja. Nyt ja monia muita \u2013 Clint Eastwood on kielt\u00e4ytynyt melkoisista rooleista\" class=\"underline-custom !font-montserrat !font-bold !underline-offset-4 !decoration-4 !decoration-episodi-blue !text-md\" rel=\"nofollow noopener\" target=\"_blank\">Die Hard, Ilmestyskirja. Nyt ja monia muita \u2013 Clint Eastwood on kielt\u00e4ytynyt melkoisista rooleista<\/a><\/p>\n<p>Lue my\u00f6s: <a href=\"https:\/\/www.episodi.fi\/uutiset\/die-hardin-joulujulkaisu-oli-jattimenestys\/\" title=\"Die Hardin joulujulkaisu oli j\u00e4ttimenestys\" class=\"underline-custom !font-montserrat !font-bold !underline-offset-4 !decoration-4 !decoration-episodi-blue !text-md\" rel=\"nofollow noopener\" target=\"_blank\">Die Hardin joulujulkaisu oli j\u00e4ttimenestys<\/a><\/p>\n<p>Culkin vitsaili olevansa nyky\u00e4\u00e4n \u201djoulun kummiset\u00e4\u201d ja siksi h\u00e4nen mielipiteell\u00e4\u00e4n on painoarvoa n\u00e4iss\u00e4 keskusteluissa.<\/p>\n<p>Verkossa v\u00e4ittely jatkuu, sill\u00e4 esimerkiksi Elf-t\u00e4hti <strong>Zooey Deschanel <\/strong>on sanonut Die Hardin olevan h\u00e4nen \u201dlempijouluelokuvansa\u201d.<\/p>\n<p>Samassa haastattelussa Culkin kommentoi my\u00f6s mahdollista paluuta Kevin McCallisteriksi. H\u00e4n kertoi jo aiemmin lausutun ideansa, jossa aikuinen Kevin j\u00e4\u00e4 oman lapsensa viritt\u00e4mien ansojen uhriksi.<\/p>\n<p>L\u00e4hde: <a href=\"https:\/\/variety.com\/2025\/film\/news\/macaulay-culkin-die-hard-christmas-movie-1236611785\/\" rel=\"nofollow noopener\" target=\"_blank\">Variety<\/a><\/p>\n<p>Lue my\u00f6s: <a href=\"https:\/\/www.episodi.fi\/uutiskirje\/?uutiskirjemainos=tekstilinkkimainos\" title=\"Tilaa Episodin uutiskirje ja voit voittaa leffalippuja! Nappaa tv-vinkit suoraan s\u00e4hk\u00f6postiin t\u00e4st\u00e4.\" class=\"underline-custom !font-montserrat !font-bold !underline-offset-4 !decoration-4 !decoration-episodi-blue !text-md\" rel=\"nofollow noopener\" target=\"_blank\">Tilaa Episodin uutiskirje ja voit voittaa leffalippuja! Nappaa katseluvinkit suoraan s\u00e4hk\u00f6postiin t\u00e4st\u00e4.<\/a><\/p>\n<p>\t\t\t<a href=\"https:\/\/www.facebook.com\/sharer\/sharer.php?u=https:\/\/www.episodi.fi\/uutiset\/onko-die-hard-jouluelokuva-nyt-asiaa-kommentoi-itse-joulun-kummiseta\/\" target=\"_blank\" class=\"block px-4 py-2 text-sm text-gray-800 border-b hover:bg-gray-200\" rel=\"nofollow noopener\"><\/p>\n<p>\t\t\t\tFacebook<br \/>\n\t\t\t<\/a><br \/>\n\t\t\t<a href=\"https:\/\/twitter.com\/intent\/tweet?text=https:\/\/www.episodi.fi\/uutiset\/onko-die-hard-jouluelokuva-nyt-asiaa-kommentoi-itse-joulun-kummiseta\/\" target=\"_blank\" class=\"block px-4 py-2 text-sm text-gray-800 border-b hover:bg-gray-200\" rel=\"nofollow noopener\"><\/p>\n<p>\t\t\t\tTwitter<br \/>\n\t\t\t<\/a><br \/>\n\t\t\t<a href=\"mailto:?subject=Onko Die Hard jouluelokuva? Nyt asiaa kommentoi itse \u201djoulun kummiset\u00e4\u201d&amp;body=https:\/\/www.episodi.fi\/uutiset\/onko-die-hard-jouluelokuva-nyt-asiaa-kommentoi-itse-joulun-kummiseta\/\" target=\"_blank\" class=\"block px-4 py-2 text-sm text-gray-800 border-b hover:bg-gray-200\"><\/p>\n<p>\t\t\t\tS\u00e4hk\u00f6posti<\/a><\/p>\n<p>\t\t\t\t<script async src=\"https:\/\/platform.twitter.com\/widgets.js\" charset=\"utf-8\"><\/script><\/p>\n","protected":false},"excerpt":{"rendered":"Jouluelokuvien klassikoihin kuuluvan Yksin kotona (1990) -elokuvan t\u00e4hti Macaulay Culkin ottaa kantaa yhteen netin kiistellyimmist\u00e4 kysymyksist\u00e4: \u201donko Bruce&hellip;\n","protected":false},"author":2,"featured_media":122151,"comment_status":"","ping_status":"","sticky":false,"template":"","format":"standard","meta":{"footnotes":""},"categories":[131],"tags":[6868,155,137,33,173,31,30,20049,18035,172,32,109],"class_list":{"0":"post-122150","1":"post","2":"type-post","3":"status-publish","4":"format-standard","5":"has-post-thumbnail","7":"category-elokuvat","8":"tag-die-hard","9":"tag-elokuvat","10":"tag-entertainment","11":"tag-fi","12":"tag-film","13":"tag-finland","14":"tag-finnish","15":"tag-jouluelokuvat","16":"tag-macaulay-culkin","17":"tag-movies","18":"tag-suomi","19":"tag-viihde"},"share_on_mastodon":{"url":"https:\/\/pubeurope.com\/@fi\/115756735071745019","error":""},"_links":{"self":[{"href":"https:\/\/www.europesays.com\/fi\/wp-json\/wp\/v2\/posts\/122150","targetHints":{"allow":["GET"]}}],"collection":[{"href":"https:\/\/www.europesays.com\/fi\/wp-json\/wp\/v2\/posts"}],"about":[{"href":"https:\/\/www.europesays.com\/fi\/wp-json\/wp\/v2\/types\/post"}],"author":[{"embeddable":true,"href":"https:\/\/www.europesays.com\/fi\/wp-json\/wp\/v2\/users\/2"}],"replies":[{"embeddable":true,"href":"https:\/\/www.europesays.com\/fi\/wp-json\/wp\/v2\/comments?post=122150"}],"version-history":[{"count":0,"href":"https:\/\/www.europesays.com\/fi\/wp-json\/wp\/v2\/posts\/122150\/revisions"}],"wp:featuredmedia":[{"embeddable":true,"href":"https:\/\/www.europesays.com\/fi\/wp-json\/wp\/v2\/media\/122151"}],"wp:attachment":[{"href":"https:\/\/www.europesays.com\/fi\/wp-json\/wp\/v2\/media?parent=122150"}],"wp:term":[{"taxonomy":"category","embeddable":true,"href":"https:\/\/www.europesays.com\/fi\/wp-json\/wp\/v2\/categories?post=122150"},{"taxonomy":"post_tag","embeddable":true,"href":"https:\/\/www.europesays.com\/fi\/wp-json\/wp\/v2\/tags?post=122150"}],"curies":[{"name":"wp","href":"https:\/\/api.w.org\/{rel}","templated":true}]}}