{"id":122156,"date":"2025-12-21T09:04:20","date_gmt":"2025-12-21T09:04:20","guid":{"rendered":"https:\/\/www.europesays.com\/fi\/122156\/"},"modified":"2025-12-21T09:04:20","modified_gmt":"2025-12-21T09:04:20","slug":"paikallinen-tekee-hyvaa-joulun-jalkeenkin","status":"publish","type":"post","link":"https:\/\/www.europesays.com\/fi\/122156\/","title":{"rendered":"Paikallinen tekee hyv\u00e4\u00e4 joulun j\u00e4lkeenkin"},"content":{"rendered":"<p>Nyt on taas tullut se aika, kun l\u00e4heisille pyrit\u00e4\u00e4n l\u00f6yt\u00e4m\u00e4\u00e4n ilahduttavia yll\u00e4tyksi\u00e4 pukin konttiin tai kuusen alle.<\/p>\n<p>On hienoa, ett\u00e4 Suomessa panostetaan tuotteiden laatuun \u2013 pakettiin voi hyvill\u00e4 mielin k\u00e4\u00e4ri\u00e4 turvallisia ja vastuullisesti tuotettuja, tarpeellisia ja hyv\u00e4\u00e4 mielt\u00e4 tuovia lahjoja.<\/p>\n<p>Hyv\u00e4\u00e4 mielt\u00e4 lis\u00e4\u00e4, kun tiet\u00e4\u00e4 lahjan olevan l\u00e4hell\u00e4 tuotettu ja myyty, aidon yritt\u00e4j\u00e4n valikoimiinsa poimima, tai itse valmistama tuote. Salossa on lahjapotentiaalia vaikka mill\u00e4 mitalla kivijaloista tilapuoteihin ja erikoisliikkeisiin.<\/p>\n<p>Suosittelemme kurkistamaan sis\u00e4\u00e4n itselle uuden liikkeen ovesta ja vierailemaan kylien puodeissa. Osaavan asiakaspalvelun ja huipputuotteiden lis\u00e4ksi saat mukaasi aitoa joulumielt\u00e4 ja tied\u00e4t, ett\u00e4 jokainen k\u00e4ytetty euro paitsi ilahduttaa lahjan saajaa, tukee my\u00f6s yritt\u00e4jyytt\u00e4 \u2013 kotikaupungin selk\u00e4rankaa.<\/p>\n<p><strong>Stina Siikonen<\/strong><br \/>pj, Salon Alueen Yritt\u00e4j\u00e4t<\/p>\n<p><strong>Jari-Pekka Stenroos<\/strong><br \/>pj, Salon Yritt\u00e4j\u00e4t<\/p>\n<p><strong>Anu Areva<\/strong><br \/>pj, Salon Yritt\u00e4j\u00e4naiset<\/p>\n<p>Salon Alueen Yritt\u00e4jien, Salon Yritt\u00e4jien ja Salon Yritt\u00e4j\u00e4naisten hallitukset<\/p>\n","protected":false},"excerpt":{"rendered":"Nyt on taas tullut se aika, kun l\u00e4heisille pyrit\u00e4\u00e4n l\u00f6yt\u00e4m\u00e4\u00e4n ilahduttavia yll\u00e4tyksi\u00e4 pukin konttiin tai kuusen alle. On&hellip;\n","protected":false},"author":2,"featured_media":122157,"comment_status":"","ping_status":"","sticky":false,"template":"","format":"standard","meta":{"footnotes":""},"categories":[76],"tags":[79,77,33,31,30,4405,32,78,1356],"class_list":{"0":"post-122156","1":"post","2":"type-post","3":"status-publish","4":"format-standard","5":"has-post-thumbnail","7":"category-talous","8":"tag-business","9":"tag-economy","10":"tag-fi","11":"tag-finland","12":"tag-finnish","13":"tag-salo","14":"tag-suomi","15":"tag-talous","16":"tag-yritykset"},"share_on_mastodon":{"url":"https:\/\/pubeurope.com\/@fi\/115756758798701231","error":""},"_links":{"self":[{"href":"https:\/\/www.europesays.com\/fi\/wp-json\/wp\/v2\/posts\/122156","targetHints":{"allow":["GET"]}}],"collection":[{"href":"https:\/\/www.europesays.com\/fi\/wp-json\/wp\/v2\/posts"}],"about":[{"href":"https:\/\/www.europesays.com\/fi\/wp-json\/wp\/v2\/types\/post"}],"author":[{"embeddable":true,"href":"https:\/\/www.europesays.com\/fi\/wp-json\/wp\/v2\/users\/2"}],"replies":[{"embeddable":true,"href":"https:\/\/www.europesays.com\/fi\/wp-json\/wp\/v2\/comments?post=122156"}],"version-history":[{"count":0,"href":"https:\/\/www.europesays.com\/fi\/wp-json\/wp\/v2\/posts\/122156\/revisions"}],"wp:featuredmedia":[{"embeddable":true,"href":"https:\/\/www.europesays.com\/fi\/wp-json\/wp\/v2\/media\/122157"}],"wp:attachment":[{"href":"https:\/\/www.europesays.com\/fi\/wp-json\/wp\/v2\/media?parent=122156"}],"wp:term":[{"taxonomy":"category","embeddable":true,"href":"https:\/\/www.europesays.com\/fi\/wp-json\/wp\/v2\/categories?post=122156"},{"taxonomy":"post_tag","embeddable":true,"href":"https:\/\/www.europesays.com\/fi\/wp-json\/wp\/v2\/tags?post=122156"}],"curies":[{"name":"wp","href":"https:\/\/api.w.org\/{rel}","templated":true}]}}