{"id":122158,"date":"2025-12-21T09:05:08","date_gmt":"2025-12-21T09:05:08","guid":{"rendered":"https:\/\/www.europesays.com\/fi\/122158\/"},"modified":"2025-12-21T09:05:08","modified_gmt":"2025-12-21T09:05:08","slug":"ruotsilla-operaatio-venalaislaivalla","status":"publish","type":"post","link":"https:\/\/www.europesays.com\/fi\/122158\/","title":{"rendered":"Ruotsilla operaatio ven\u00e4l\u00e4islaivalla"},"content":{"rendered":"<p>Ven\u00e4l\u00e4isalus havaittiin H\u00f6ganasin edustalla Etel\u00e4-Ruotsissa.<\/p>\n<p class=\"paragraph\">Ruotsin tullilaitos, rannikkovartiosto ja poliisi nousivat pakotelistalla olevalle ven\u00e4l\u00e4isalukselle sunnuntain vastaisena y\u00f6n\u00e4 sen j\u00e4lkeen, kun alus oli laskenut ankkurin Ruotsin aluevesille H\u00f6gan\u00e4sin edustalla, <a href=\"https:\/\/www.expressen.se\/nyheter\/sverige\/tullverket-och-kustbevakningen--har-bordat-ryska-fartyget\/\" target=\"_blank\" rel=\"noopener nofollow\">kertoo<\/a> Expressen.<\/p>\n<p class=\"paragraph\">Viranomaisten mukaan laiva ei ollut tehnyt vaadittua tulliselvityst\u00e4, mink\u00e4 vuoksi tarkastus k\u00e4ynnistettiin. Miehist\u00f6 kertoi viranomaisille, ett\u00e4 aluksen ankkuroinnin syyn\u00e4 oli moottorivika.<\/p>\n<p class=\"paragraph\">Tarkastus oli sunnuntaiaamuna yh\u00e4 kesken, eik\u00e4 viranomaisilla ollut viel\u00e4 kommentoitavaa mahdollisista l\u00f6yd\u00f6ksist\u00e4.<\/p>\n<p class=\"paragraph\">\u2013 Kun alus saapuu Ruotsin aluevesille ilman asianmukaisia ilmoituksia, meill\u00e4 on oikeus tarkastaa sen lasti ja asiakirjat, tullilaitoksen edustaja <strong>Martin H\u00f6glund<\/strong> sanoi Expressenille.<\/p>\n<p class=\"paragraph\">Poliisin mukaan operaatio sujui rauhallisesti eik\u00e4 tilanteesta aiheutunut vaaraa.<\/p>\n<p class=\"paragraph\">\u2013 Teht\u00e4v\u00e4mme on ollut varmistaa, ett\u00e4 tarkastus voidaan suorittaa turvallisesti. Kaikki on sujunut rauhallisesti ja hallitusti, poliisin tiedottaja <strong>Sara Andersson<\/strong> kertoi.<\/p>\n<p class=\"paragraph\">Aluksen omistava varustamo M Leasing LLC on EU:n ja Yhdysvaltojen pakotelistalla. Yhti\u00f6t\u00e4 ep\u00e4ill\u00e4\u00e4n sotilaallisen materiaalin kuljettamisesta Ven\u00e4j\u00e4n k\u00e4ytt\u00f6\u00f6n Ukrainan sodassa.<\/p>\n<p class=\"paragraph\">Ukrainan tiedustelupalvelun mukaan kyseinen alus on aiemmin kuljettanut ven\u00e4l\u00e4isi\u00e4 ohjuksia Kiinaan.<\/p>\n<p class=\"paragraph\">Alus oli l\u00e4htenyt Pietarista 15. joulukuuta, eik\u00e4 sen m\u00e4\u00e4r\u00e4np\u00e4\u00e4 ole viranomaisten tiedossa.<\/p>\n<p class=\"paragraph\">Uutinen p\u00e4ivittyy<\/p>\n","protected":false},"excerpt":{"rendered":"Ven\u00e4l\u00e4isalus havaittiin H\u00f6ganasin edustalla Etel\u00e4-Ruotsissa. Ruotsin tullilaitos, rannikkovartiosto ja poliisi nousivat pakotelistalla olevalle ven\u00e4l\u00e4isalukselle sunnuntain vastaisena y\u00f6n\u00e4 sen&hellip;\n","protected":false},"author":2,"featured_media":4008,"comment_status":"","ping_status":"","sticky":false,"template":"","format":"standard","meta":{"footnotes":""},"categories":[14],"tags":[35,22,23,26,27,33,31,30,17,2187,24,25,121,28,29,15,18,21,637,103,32,19,20,56,16,2568,59,60,61],"class_list":{"0":"post-122158","1":"post","2":"type-post","3":"status-publish","4":"format-standard","5":"has-post-thumbnail","7":"category-ulkomaat","8":"tag-24h","9":"tag-breaking-news","10":"tag-breakingnews","11":"tag-featured-news","12":"tag-featurednews","13":"tag-fi","14":"tag-finland","15":"tag-finnish","16":"tag-headlines","17":"tag-kulkuneuvot","18":"tag-latest-news","19":"tag-latestnews","20":"tag-liikenne-ja-kuljetus","21":"tag-main-news","22":"tag-mainnews","23":"tag-news","24":"tag-otsikot","25":"tag-paauutiset","26":"tag-politiikka","27":"tag-sosiaalikysymykset","28":"tag-suomi","29":"tag-top-stories","30":"tag-topstories","31":"tag-ulkomaat","32":"tag-uutiset","33":"tag-vesiliikenne","34":"tag-world","35":"tag-world-news","36":"tag-worldnews"},"share_on_mastodon":{"url":"https:\/\/pubeurope.com\/@fi\/115756762699211475","error":""},"_links":{"self":[{"href":"https:\/\/www.europesays.com\/fi\/wp-json\/wp\/v2\/posts\/122158","targetHints":{"allow":["GET"]}}],"collection":[{"href":"https:\/\/www.europesays.com\/fi\/wp-json\/wp\/v2\/posts"}],"about":[{"href":"https:\/\/www.europesays.com\/fi\/wp-json\/wp\/v2\/types\/post"}],"author":[{"embeddable":true,"href":"https:\/\/www.europesays.com\/fi\/wp-json\/wp\/v2\/users\/2"}],"replies":[{"embeddable":true,"href":"https:\/\/www.europesays.com\/fi\/wp-json\/wp\/v2\/comments?post=122158"}],"version-history":[{"count":0,"href":"https:\/\/www.europesays.com\/fi\/wp-json\/wp\/v2\/posts\/122158\/revisions"}],"wp:featuredmedia":[{"embeddable":true,"href":"https:\/\/www.europesays.com\/fi\/wp-json\/wp\/v2\/media\/4008"}],"wp:attachment":[{"href":"https:\/\/www.europesays.com\/fi\/wp-json\/wp\/v2\/media?parent=122158"}],"wp:term":[{"taxonomy":"category","embeddable":true,"href":"https:\/\/www.europesays.com\/fi\/wp-json\/wp\/v2\/categories?post=122158"},{"taxonomy":"post_tag","embeddable":true,"href":"https:\/\/www.europesays.com\/fi\/wp-json\/wp\/v2\/tags?post=122158"}],"curies":[{"name":"wp","href":"https:\/\/api.w.org\/{rel}","templated":true}]}}