{"id":122163,"date":"2025-12-21T09:20:12","date_gmt":"2025-12-21T09:20:12","guid":{"rendered":"https:\/\/www.europesays.com\/fi\/122163\/"},"modified":"2025-12-21T09:20:12","modified_gmt":"2025-12-21T09:20:12","slug":"annika-eklund-kertoo-20-vuotisen-suhteen-salaisuuden","status":"publish","type":"post","link":"https:\/\/www.europesays.com\/fi\/122163\/","title":{"rendered":"Annika Eklund kertoo 20-vuotisen suhteen salaisuuden"},"content":{"rendered":"<p>            ATTE KAJOVA\n        <\/p>\n<p class=\"subtitle \">Annika Eklund ja Jussi Turunen ovat muusikoita, jotka kerkesiv\u00e4t perustaa perheen keikkailun lomassa.<\/p>\n<p class=\"article-content article-content-width !bg-background\">Laulaja  teki aikanaan juuri sen, mit\u00e4 ei ollut tarkoitus tehd\u00e4.\u00a0<\/p>\n<p class=\"article-content article-content-width !bg-background\">Kun tulevaa kestohitti\u00e4 Shanghain valot tarjottiin Annikalle euroviisukarsintaan, alkoi b\u00e4ndin kokoaminen.<\/p>\n<p>                <img decoding=\"async\" src=\"https:\/\/www.europesays.com\/fi\/wp-content\/uploads\/2025\/12\/2023585.webp\" width=\"576\" height=\"322\" alt=\"Annika ja Jussi viihtyv\u00e4t edelleen niin hyvin yhdess\u00e4 keikalla, ett\u00e4 ty\u00f6matkat ovat suorastaan suhteen suola.\" loading=\"lazy\" \/>            <\/p>\n<p>\n            Annika ja Jussi viihtyv\u00e4t edelleen niin hyvin yhdess\u00e4 keikalla, ett\u00e4 ty\u00f6matkat ovat suorastaan suhteen suola.<br \/>\n            ATTE KAJOVA\n        <\/p>\n<p class=\"article-content article-content-width !bg-background\">Kuinka ollakaan, kysymykseen b\u00e4ndikaveruudesta vastasi my\u00f6nt\u00e4v\u00e4sti nykyinen avopuoliso ja lasten is\u00e4 . Rakastua ei pit\u00e4nyt, mutta pian muukin b\u00e4ndi huomasi, ett\u00e4 kaksikko oli l\u00f6yt\u00e4nyt toisensa ja lempi leiskui.<\/p>\n<p>                <img decoding=\"async\" src=\"https:\/\/www.europesays.com\/fi\/wp-content\/uploads\/2025\/12\/2023579.webp\" width=\"576\" height=\"274\" alt=\"Tangoprinsessan kruunu loi tiet\u00e4 musiikin kestot\u00e4hdeksi.\" loading=\"lazy\" \/>            <\/p>\n<p>\n            Tangoprinsessan kruunu loi tiet\u00e4 musiikin kestot\u00e4hdeksi.<br \/>\n            Timo Vottonen\n        <\/p>\n<p class=\"article-content article-content-width !bg-background\">Toinen uhka oli euroviisuihin p\u00e4\u00e4seminen, sill\u00e4 vuoden 2001 tangoprinsessa pelk\u00e4si kovasti mahdollista ulkomaankomennusta ja englannin puhumista. Lordi kuitenkin l\u00e4hetettiin Ateenaan voittamaan. Annika sai itselleen kuitenkin\u00a0 kestohitin Ja el\u00e4m\u00e4nkumppanin.<\/p>\n<p>        <a itemprop=\"url\" href=\"https:\/\/www.seiska.fi\/kotimaa\/muistatko-annika-eklundin-talta-shanghain-valot-laulaja-nayttaa-nyt\/1532403\" rel=\"nofollow noopener\" target=\"_blank\"><\/p>\n<p class=\"section-date\">\n        <strong class=\"article-section\" data-section=\"kotimaa\"><br \/>\n            kotimaa<br \/>\n        <\/strong><br \/>\n        7.12.2024 16:00\n    <\/p>\n<p>Muistatko Annika Eklundin? T\u00e4lt\u00e4 Shanghain valot -laulaja n\u00e4ytt\u00e4\u00e4 nyt\n    <\/p>\n<p itemprop=\"description\" class=\"subtitle \">\n    Shanghain valot -hitist\u00e4 tunnetulta laulajalta on tullut aivan hiljattain uutta musiikkia.\n<\/p>\n<p>        <\/a><\/p>\n<p>                <img decoding=\"async\" src=\"https:\/\/www.europesays.com\/fi\/wp-content\/uploads\/2025\/12\/2023581.webp\" width=\"576\" height=\"274\" alt=\"Kes\u00e4 2017 kului Suklaasyd\u00e4n-esityksen parissa Sanin ja Anna Hanskin kanssa.\" loading=\"lazy\" \/>            <\/p>\n<p>\n            Kes\u00e4 2017 kului Suklaasyd\u00e4n-esityksen parissa Sanin ja Anna Hanskin kanssa.<br \/>\n            ATTE KAJOVA\n        <\/p>\n<p>Py\u00f6reit\u00e4 t\u00e4yteen<\/p>\n<p class=\"article-content article-content-width !bg-background\">Vuosi 2026 on monenalaisen juhlan paikka, kun py\u00f6reit\u00e4 tulee niin parisuhteelle kuin Shanghain valoille. Kappale on vedonnut viime aikoina my\u00f6s uuteen yleis\u00f6\u00f6n.<\/p>\n<p class=\"article-content article-content-width !bg-background\">\u2013 Lapset esimerkiksi saattavat leikki\u00e4 UMK-kisoja ja kertoa kuka meist\u00e4 esiintyjist\u00e4 kukin on, Annika kertoo taannoisesta show-spektaakkelista, jossa  s\u00e4esti ja Annikan hitti\u00e4 lauloivat h\u00e4nen lis\u00e4kseen  ja <\/p>\n<p>        <a itemprop=\"url\" href=\"https:\/\/www.seiska.fi\/kotimaa\/iskelmatahti-annika-eklund-kamppailee-monille-tutun-asian-kanssa-ma-olen-pohjimmiltani\/246539\" rel=\"nofollow noopener\" target=\"_blank\"><\/p>\n<p class=\"section-date\">\n        <strong class=\"article-section\" data-section=\"kotimaa\"><br \/>\n            kotimaa<br \/>\n        <\/strong><br \/>\n        22.9.2022 22:00\n    <\/p>\n<p>Iskelm\u00e4t\u00e4hti Annika Eklund kamppailee monille tutun asian kanssa: &#8221;M\u00e4 olen pohjimmiltani&#8230;&#8221;\n    <\/p>\n<p>        <\/a><\/p>\n<p>                <img decoding=\"async\" src=\"https:\/\/www.europesays.com\/fi\/wp-content\/uploads\/2025\/12\/2023595.webp\" width=\"576\" height=\"322\" alt=\"UMK:n huippukokoonpano teki kunniaa Shanghain valot -hitille.\" loading=\"lazy\" \/>            <\/p>\n<p>\n            UMK:n huippukokoonpano teki kunniaa Shanghain valot -hitille.<br \/>\n            Timo Korhonen\n        <\/p>\n<p class=\"article-content article-content-width !bg-background\">Parisuhdepuolella Annika ja Jussi eiv\u00e4t laita ollenkaan pahakseen, ett\u00e4 11- ja 17-vuotiaiden lasten vanhemmat joutuvat v\u00e4lill\u00e4 olemaan kaksin keikkat\u00f6iss\u00e4.<\/p>\n<p class=\"article-content article-content-width !bg-background\">\u2013 T\u00e4m\u00e4 matkustaminen on meid\u00e4n suhteen suola! Ihanaa p\u00e4\u00e4st\u00e4 ty\u00f6matkalle kahdestaan, Annika fiilisteli yksityiskeikalla Helsingiss\u00e4.<\/p>\n<p>Yll\u00e4tys tiedossa<\/p>\n<p class=\"article-content article-content-width !bg-background\">Musikaalisuus on periytynyt perheess\u00e4 nuoremmille polville ja Sibeliuslukiossa opiskeleva poika on osoittautunut monialaiseksi muusikkolupaukseksi.<\/p>\n<p class=\"article-content article-content-width !bg-background\">Annika ty\u00f6st\u00e4\u00e4 parhaillaan uutta musiikkia ja on alkavalle vuodelle muutakin hauskaa tiedossa.<\/p>\n<p>                <img decoding=\"async\" src=\"https:\/\/www.europesays.com\/fi\/wp-content\/uploads\/2025\/12\/2023601.webp\" width=\"576\" height=\"720\" alt=\"2022 Syksyn s\u00e4vel -kappaleena oli Suora l\u00e4hetys.\" loading=\"lazy\" \/>            <\/p>\n<p>\n            2022 Syksyn s\u00e4vel -kappaleena oli Suora l\u00e4hetys.<br \/>\n            TIMO KORHONEN\n        <\/p>\n<p class=\"article-content article-content-width !bg-background\">\u2013 Voi se olla, ett\u00e4 tulen olemaan televisioprojektissakin, mutta n\u00e4ist\u00e4 ei viel\u00e4 etuk\u00e4teen huudella.<\/p>\n<p>        <a itemprop=\"url\" href=\"https:\/\/www.seiska.fi\/kotimaa\/nuoret-loysivat-annika-eklundin-vanhan-hittibiisin-en-tieda-tuleeko-toista\/246518\" rel=\"nofollow noopener\" target=\"_blank\"><\/p>\n<p class=\"section-date\">\n        <strong class=\"article-section\" data-section=\"kotimaa\"><br \/>\n            kotimaa<br \/>\n        <\/strong><br \/>\n        19.9.2022 20:00\n    <\/p>\n<p>Nuoret l\u00f6ysiv\u00e4t Annika Eklundin vanhan hittibiisin: &#8221;En tied\u00e4 tuleeko toista&#8230;&#8221;\n    <\/p>\n<p>        <\/a><\/p>\n","protected":false},"excerpt":{"rendered":"ATTE KAJOVA Annika Eklund ja Jussi Turunen ovat muusikoita, jotka kerkesiv\u00e4t perustaa perheen keikkailun lomassa. Laulaja teki aikanaan&hellip;\n","protected":false},"author":2,"featured_media":122164,"comment_status":"","ping_status":"","sticky":false,"template":"","format":"standard","meta":{"footnotes":""},"categories":[136],"tags":[5379,407,137,33,31,30,625,408,212,1496,32,109],"class_list":{"0":"post-122163","1":"post","2":"type-post","3":"status-publish","4":"format-standard","5":"has-post-thumbnail","7":"category-julkkikset","8":"tag-annika-eklund","9":"tag-celebrities","10":"tag-entertainment","11":"tag-fi","12":"tag-finland","13":"tag-finnish","14":"tag-juhlavuosi","15":"tag-julkkikset","16":"tag-lifestyle","17":"tag-parisuhde","18":"tag-suomi","19":"tag-viihde"},"share_on_mastodon":{"url":"https:\/\/pubeurope.com\/@fi\/115756821920637390","error":""},"_links":{"self":[{"href":"https:\/\/www.europesays.com\/fi\/wp-json\/wp\/v2\/posts\/122163","targetHints":{"allow":["GET"]}}],"collection":[{"href":"https:\/\/www.europesays.com\/fi\/wp-json\/wp\/v2\/posts"}],"about":[{"href":"https:\/\/www.europesays.com\/fi\/wp-json\/wp\/v2\/types\/post"}],"author":[{"embeddable":true,"href":"https:\/\/www.europesays.com\/fi\/wp-json\/wp\/v2\/users\/2"}],"replies":[{"embeddable":true,"href":"https:\/\/www.europesays.com\/fi\/wp-json\/wp\/v2\/comments?post=122163"}],"version-history":[{"count":0,"href":"https:\/\/www.europesays.com\/fi\/wp-json\/wp\/v2\/posts\/122163\/revisions"}],"wp:featuredmedia":[{"embeddable":true,"href":"https:\/\/www.europesays.com\/fi\/wp-json\/wp\/v2\/media\/122164"}],"wp:attachment":[{"href":"https:\/\/www.europesays.com\/fi\/wp-json\/wp\/v2\/media?parent=122163"}],"wp:term":[{"taxonomy":"category","embeddable":true,"href":"https:\/\/www.europesays.com\/fi\/wp-json\/wp\/v2\/categories?post=122163"},{"taxonomy":"post_tag","embeddable":true,"href":"https:\/\/www.europesays.com\/fi\/wp-json\/wp\/v2\/tags?post=122163"}],"curies":[{"name":"wp","href":"https:\/\/api.w.org\/{rel}","templated":true}]}}