{"id":122167,"date":"2025-12-21T09:27:10","date_gmt":"2025-12-21T09:27:10","guid":{"rendered":"https:\/\/www.europesays.com\/fi\/122167\/"},"modified":"2025-12-21T09:27:10","modified_gmt":"2025-12-21T09:27:10","slug":"nhl-tahti-yritti-iskea-jarmo-kekalaisen-vaimon-hurmaava-nainen","status":"publish","type":"post","link":"https:\/\/www.europesays.com\/fi\/122167\/","title":{"rendered":"NHL-t\u00e4hti yritti iske\u00e4 Jarmo Kek\u00e4l\u00e4isen vaimon \u2013 \u201dHurmaava nainen\u201d"},"content":{"rendered":"<p>Jakub Voracekilla meni lujaa juhlissa.<\/p>\n<p><img decoding=\"async\" class=\"image image-show image-preview\" src=\"https:\/\/www.europesays.com\/fi\/wp-content\/uploads\/2025\/12\/da57a285f4b5e68620caced84674435a6f0adb588d6c8b200b4c58693b5ae6a1.jpg\" alt=\"\"\/><img decoding=\"async\" class=\"image image-show\" src=\"https:\/\/www.europesays.com\/fi\/wp-content\/uploads\/2025\/12\/1766309230_370_da57a285f4b5e68620caced84674435a6f0adb588d6c8b200b4c58693b5ae6a1.jpg\" alt=\"\"\/><\/p>\n<p>Jakub Voracek kertoi podcastissa melkoisen tarinan. AOP \/ USA TODAY SPORTS<\/p>\n<p class=\"paragraph\">Entinen NHL-t\u00e4hti <a href=\"https:\/\/www.iltalehti.fi\/henkilot\/Jakub Vor\u00e1\u010dek\" class=\"article-link-person-page\" rel=\"nofollow noopener\" target=\"_blank\">Jakub Voracek<\/a> paljastaa Nasty Knuckles -podcastissa yritt\u00e4neens\u00e4 vikitell\u00e4 <a href=\"https:\/\/www.iltalehti.fi\/henkilot\/Jarmo Kek\u00e4l\u00e4inen\" class=\"article-link-person-page\" rel=\"nofollow noopener\" target=\"_blank\">Jarmo Kek\u00e4l\u00e4isen<\/a> vaimoa.<\/p>\n<p class=\"paragraph\">H\u00e4rski tilanne sattui vuonna 2015, kun Philadelphia Flyersissa pelanneet Voracek ja <a href=\"https:\/\/www.iltalehti.fi\/henkilot\/Claude Giroux\" class=\"article-link-person-page\" rel=\"nofollow noopener\" target=\"_blank\">Claude Giroux<\/a> meniv\u00e4t kuokkimaan Columbus Blue Jacketsin juhliin NHL:n t\u00e4hdist\u00f6ottelun j\u00e4lkeen.<\/p>\n<p class=\"paragraph\">Kek\u00e4l\u00e4inen oli tuolloin Blue Jacketsin GM.<\/p>\n<p class=\"paragraph\">\u2013 Sanoin Jarmolle kerran, ett\u00e4 muistatko, kun ilmestyimme niihin juhliin? Jarmo vastasi, ett\u00e4 kyll\u00e4, yritit iske\u00e4 vaimoani! Voracek naureskelee podcastissa.<\/p>\n<p class=\"paragraph\">Tilanne h\u00e4vetti t\u0161ekkihy\u00f6kk\u00e4\u00e4j\u00e4\u00e4.<\/p>\n<p class=\"paragraph\">\u2013 Ajattelin, ett\u00e4 voi luoja.<\/p>\n<p class=\"paragraph\">Voracek ja Kek\u00e4l\u00e4inen muistelivat tapahtunutta vuonna 2022 <a href=\"https:\/\/www.iltalehti.fi\/henkilot\/Rick Nash\" class=\"article-link-person-page\" rel=\"nofollow noopener\" target=\"_blank\">Rick Nashin<\/a> paidanj\u00e4\u00e4dytysseremoniaa seuranneissa juhlissa.<\/p>\n<p class=\"paragraph\">Tuolloin Voracek pelasi Kek\u00e4l\u00e4isen johtamassa Blue Jacketsin organisaatiossa, johon suomalaispomo oli h\u00e4net hankkinut.<\/p>\n<p class=\"paragraph\">\u2013 Olimme molemmat ottaneet muutaman oluen ja meill\u00e4 oli todella hauskaa. H\u00e4nen vaimonsakin oli siell\u00e4. H\u00e4n on hurmaava nainen, NHL-t\u00e4hti kertaa.<\/p>\n<p class=\"paragraph\">Kek\u00e4l\u00e4inen toimii jatkossa Buffalo Sabresin GM:n\u00e4. H\u00e4n ty\u00f6skenteli seurassa aiemmin neuvonantajan roolissa.<\/p>\n","protected":false},"excerpt":{"rendered":"Jakub Voracekilla meni lujaa juhlissa. Jakub Voracek kertoi podcastissa melkoisen tarinan. AOP \/ USA TODAY SPORTS Entinen NHL-t\u00e4hti&hellip;\n","protected":false},"author":2,"featured_media":122168,"comment_status":"","ping_status":"","sticky":false,"template":"","format":"standard","meta":{"footnotes":""},"categories":[158],"tags":[35,1144,33,31,30,1143,41,1146,159,32,1145,160],"class_list":{"0":"post-122167","1":"post","2":"type-post","3":"status-publish","4":"format-standard","5":"has-post-thumbnail","7":"category-urheilu","8":"tag-24h","9":"tag-ammattilaisjaakiekko","10":"tag-fi","11":"tag-finland","12":"tag-finnish","13":"tag-jaakiekko","14":"tag-liikunta-ja-urheilu","15":"tag-miesten-jaakiekko","16":"tag-sports","17":"tag-suomi","18":"tag-talviurheilu","19":"tag-urheilu"},"share_on_mastodon":{"url":"https:\/\/pubeurope.com\/@fi\/115756849446647231","error":""},"_links":{"self":[{"href":"https:\/\/www.europesays.com\/fi\/wp-json\/wp\/v2\/posts\/122167","targetHints":{"allow":["GET"]}}],"collection":[{"href":"https:\/\/www.europesays.com\/fi\/wp-json\/wp\/v2\/posts"}],"about":[{"href":"https:\/\/www.europesays.com\/fi\/wp-json\/wp\/v2\/types\/post"}],"author":[{"embeddable":true,"href":"https:\/\/www.europesays.com\/fi\/wp-json\/wp\/v2\/users\/2"}],"replies":[{"embeddable":true,"href":"https:\/\/www.europesays.com\/fi\/wp-json\/wp\/v2\/comments?post=122167"}],"version-history":[{"count":0,"href":"https:\/\/www.europesays.com\/fi\/wp-json\/wp\/v2\/posts\/122167\/revisions"}],"wp:featuredmedia":[{"embeddable":true,"href":"https:\/\/www.europesays.com\/fi\/wp-json\/wp\/v2\/media\/122168"}],"wp:attachment":[{"href":"https:\/\/www.europesays.com\/fi\/wp-json\/wp\/v2\/media?parent=122167"}],"wp:term":[{"taxonomy":"category","embeddable":true,"href":"https:\/\/www.europesays.com\/fi\/wp-json\/wp\/v2\/categories?post=122167"},{"taxonomy":"post_tag","embeddable":true,"href":"https:\/\/www.europesays.com\/fi\/wp-json\/wp\/v2\/tags?post=122167"}],"curies":[{"name":"wp","href":"https:\/\/api.w.org\/{rel}","templated":true}]}}