{"id":122176,"date":"2025-12-21T09:34:08","date_gmt":"2025-12-21T09:34:08","guid":{"rendered":"https:\/\/www.europesays.com\/fi\/122176\/"},"modified":"2025-12-21T09:34:08","modified_gmt":"2025-12-21T09:34:08","slug":"uutta-tietoa-tampereella-radiomastosta-pudonneesta-henkilosta","status":"publish","type":"post","link":"https:\/\/www.europesays.com\/fi\/122176\/","title":{"rendered":"Uutta tietoa Tampereella radiomastosta pudonneesta henkil\u00f6st\u00e4"},"content":{"rendered":"<p>Poliisi sai h\u00e4t\u00e4keskuksen kautta ilmoituksen tapahtuneesta lauantaina kello 13.45.<\/p>\n<p class=\"article-body mb-nof-24 px-nof-16\">Yksi henkil\u00f6 kuoli lauantaina pudottuaan radiomastosta Tampereen Teiskossa. Poliisin tutkinnan mukaan kyse oli tapaturmaisesta putoamisesta.<\/p>\n<p class=\"article-body mb-nof-24 px-nof-16\">Poliisi sai h\u00e4t\u00e4keskuksen kautta ilmoituksen tapahtuneesta lauantaina kello 13.45. Poliisin ja ensihoidon saavuttua paikalle henkil\u00f6n todettiin menehtyneen v\u00e4litt\u00f6m\u00e4sti putoamisen seurauksena.<\/p>\n<p class=\"article-body mb-nof-24 px-nof-16\">Putoamisessa ei ollut kyse ty\u00f6tapaturmasta. Tapahtunutta tutkitaan kuoleman\u00adsyyntutkintana.<\/p>\n","protected":false},"excerpt":{"rendered":"Poliisi sai h\u00e4t\u00e4keskuksen kautta ilmoituksen tapahtuneesta lauantaina kello 13.45. Yksi henkil\u00f6 kuoli lauantaina pudottuaan radiomastosta Tampereen Teiskossa. Poliisin&hellip;\n","protected":false},"author":2,"featured_media":122177,"comment_status":"","ping_status":"","sticky":false,"template":"","format":"standard","meta":{"footnotes":""},"categories":[5],"tags":[22,23,26,27,33,31,30,17,34,24,25,28,29,15,18,21,32,19,20,16],"class_list":{"0":"post-122176","1":"post","2":"type-post","3":"status-publish","4":"format-standard","5":"has-post-thumbnail","7":"category-otsikot","8":"tag-breaking-news","9":"tag-breakingnews","10":"tag-featured-news","11":"tag-featurednews","12":"tag-fi","13":"tag-finland","14":"tag-finnish","15":"tag-headlines","16":"tag-ilta-sanomat","17":"tag-latest-news","18":"tag-latestnews","19":"tag-main-news","20":"tag-mainnews","21":"tag-news","22":"tag-otsikot","23":"tag-paauutiset","24":"tag-suomi","25":"tag-top-stories","26":"tag-topstories","27":"tag-uutiset"},"share_on_mastodon":{"url":"https:\/\/pubeurope.com\/@fi\/115756876638884611","error":""},"_links":{"self":[{"href":"https:\/\/www.europesays.com\/fi\/wp-json\/wp\/v2\/posts\/122176","targetHints":{"allow":["GET"]}}],"collection":[{"href":"https:\/\/www.europesays.com\/fi\/wp-json\/wp\/v2\/posts"}],"about":[{"href":"https:\/\/www.europesays.com\/fi\/wp-json\/wp\/v2\/types\/post"}],"author":[{"embeddable":true,"href":"https:\/\/www.europesays.com\/fi\/wp-json\/wp\/v2\/users\/2"}],"replies":[{"embeddable":true,"href":"https:\/\/www.europesays.com\/fi\/wp-json\/wp\/v2\/comments?post=122176"}],"version-history":[{"count":0,"href":"https:\/\/www.europesays.com\/fi\/wp-json\/wp\/v2\/posts\/122176\/revisions"}],"wp:featuredmedia":[{"embeddable":true,"href":"https:\/\/www.europesays.com\/fi\/wp-json\/wp\/v2\/media\/122177"}],"wp:attachment":[{"href":"https:\/\/www.europesays.com\/fi\/wp-json\/wp\/v2\/media?parent=122176"}],"wp:term":[{"taxonomy":"category","embeddable":true,"href":"https:\/\/www.europesays.com\/fi\/wp-json\/wp\/v2\/categories?post=122176"},{"taxonomy":"post_tag","embeddable":true,"href":"https:\/\/www.europesays.com\/fi\/wp-json\/wp\/v2\/tags?post=122176"}],"curies":[{"name":"wp","href":"https:\/\/api.w.org\/{rel}","templated":true}]}}