{"id":122182,"date":"2025-12-21T09:53:07","date_gmt":"2025-12-21T09:53:07","guid":{"rendered":"https:\/\/www.europesays.com\/fi\/122182\/"},"modified":"2025-12-21T09:53:07","modified_gmt":"2025-12-21T09:53:07","slug":"thiago-silva-palaa-euroopan-kentille","status":"publish","type":"post","link":"https:\/\/www.europesays.com\/fi\/122182\/","title":{"rendered":"Thiago Silva palaa Euroopan kentille"},"content":{"rendered":"<p>Brasilialaistoppari <strong>Thiago Silva<\/strong> liittyy FC Porton riveihin loppukauden mittaisella sopimuksella.<\/p>\n<p>Silva, 41, siirtyy Portugaliin kasvattajaseurastaan Fluminensesta, jossa h\u00e4nen sopimuksensa on p\u00e4\u00e4ttym\u00e4isill\u00e4\u00e4n. H\u00e4n on vapaa edustamaan Portoa tammikuusta l\u00e4htien.<\/p>\n<p>Brassipuolustajaa pidet\u00e4\u00e4n yhten\u00e4 sukupolvensa parhaista toppareista koko maailmassa. Silva on pelannut ammattilaisurallaan 986 ottelua ja voittanut 31 pokaalia, edustaen muun muassa AC Milania, Paris Saint-Germainia ja Chelseaa.<\/p>\n<p>Porto on Silvalle tuttu ymp\u00e4rist\u00f6, sill\u00e4 h\u00e4n pelasi portugalilaisseuran kakkosjoukkueessa vuonna 2005.<\/p>\n<p>Brasilian A-maajoukkueessa Silva on esiintynyt 113 kertaa, joista viimeisin oli MM-puoliv\u00e4lier\u00e4ss\u00e4 vuonna 2022. Lehtitietojen mukaan h\u00e4n haluaisi edustaa Brasiliaa <a href=\"https:\/\/www.suomifutis.com\/jalkapallon-mm-kisat-2026\/\" rel=\"nofollow noopener\" target=\"_blank\">ensi kes\u00e4n MM-kisoissa<\/a>, mik\u00e4 toimi motivaattorina h\u00e4nen paluulleen Eurooppaan.<\/p>\n<p>Porto on kirjoitushetkell\u00e4 Portugalin liigassa piikkipaikalla viiden pisteen erolla.<\/p>\n<p>                        <img decoding=\"async\" class=\"tweet-author-image\" src=\"https:\/\/www.europesays.com\/fi\/wp-content\/uploads\/2025\/12\/zGmnfFuO_normal.jpg\" loading=\"lazy\"\/><\/p>\n<p>                    <a href=\"https:\/\/twitter.com\/FCPorto\/status\/2002398680859501038\" target=\"_blank\" rel=\"nofollow noopener\"><\/a><\/p>\n<p><a href=\"https:\/\/x.com\/FCPorto\/status\/2002398680859501038\" rel=\"nofollow\">Linkki twiittiin.<\/a><\/p>\n<p>\t\t\t\t\t\tLUE MY\u00d6S\t\t\t\t<\/p>\n<p>\u00a0<\/p>\n<p>\t\t\t\t\t<script async src=\"https:\/\/platform.twitter.com\/widgets.js\" charset=\"utf-8\"><\/script><\/p>\n","protected":false},"excerpt":{"rendered":"Brasilialaistoppari Thiago Silva liittyy FC Porton riveihin loppukauden mittaisella sopimuksella. Silva, 41, siirtyy Portugaliin kasvattajaseurastaan Fluminensesta, jossa h\u00e4nen&hellip;\n","protected":false},"author":2,"featured_media":122183,"comment_status":"","ping_status":"","sticky":false,"template":"","format":"standard","meta":{"footnotes":""},"categories":[158],"tags":[33,31,30,159,32,160],"class_list":{"0":"post-122182","1":"post","2":"type-post","3":"status-publish","4":"format-standard","5":"has-post-thumbnail","7":"category-urheilu","8":"tag-fi","9":"tag-finland","10":"tag-finnish","11":"tag-sports","12":"tag-suomi","13":"tag-urheilu"},"share_on_mastodon":{"url":"https:\/\/pubeurope.com\/@fi\/115756951548736054","error":""},"_links":{"self":[{"href":"https:\/\/www.europesays.com\/fi\/wp-json\/wp\/v2\/posts\/122182","targetHints":{"allow":["GET"]}}],"collection":[{"href":"https:\/\/www.europesays.com\/fi\/wp-json\/wp\/v2\/posts"}],"about":[{"href":"https:\/\/www.europesays.com\/fi\/wp-json\/wp\/v2\/types\/post"}],"author":[{"embeddable":true,"href":"https:\/\/www.europesays.com\/fi\/wp-json\/wp\/v2\/users\/2"}],"replies":[{"embeddable":true,"href":"https:\/\/www.europesays.com\/fi\/wp-json\/wp\/v2\/comments?post=122182"}],"version-history":[{"count":0,"href":"https:\/\/www.europesays.com\/fi\/wp-json\/wp\/v2\/posts\/122182\/revisions"}],"wp:featuredmedia":[{"embeddable":true,"href":"https:\/\/www.europesays.com\/fi\/wp-json\/wp\/v2\/media\/122183"}],"wp:attachment":[{"href":"https:\/\/www.europesays.com\/fi\/wp-json\/wp\/v2\/media?parent=122182"}],"wp:term":[{"taxonomy":"category","embeddable":true,"href":"https:\/\/www.europesays.com\/fi\/wp-json\/wp\/v2\/categories?post=122182"},{"taxonomy":"post_tag","embeddable":true,"href":"https:\/\/www.europesays.com\/fi\/wp-json\/wp\/v2\/tags?post=122182"}],"curies":[{"name":"wp","href":"https:\/\/api.w.org\/{rel}","templated":true}]}}