{"id":122184,"date":"2025-12-21T09:54:10","date_gmt":"2025-12-21T09:54:10","guid":{"rendered":"https:\/\/www.europesays.com\/fi\/122184\/"},"modified":"2025-12-21T09:54:10","modified_gmt":"2025-12-21T09:54:10","slug":"savelten-mestarikierrattaja-bach-loihti-joulutunnelman-tampere-filharmonian-joulukonsertista","status":"publish","type":"post","link":"https:\/\/www.europesays.com\/fi\/122184\/","title":{"rendered":"S\u00e4velten mestarikierr\u00e4tt\u00e4j\u00e4 Bach loihti joulutunnelman \u2013 Tampere Filharmonian Joulukonsertista"},"content":{"rendered":"<p class=\"p1\"><b>Tampere Filharmonian Joulukonsertti Tampere-talossa 19.12.2025. Tampereen Filharmoninen Kuoro ja solistit, kapellimestari Matthew Halls. Johann Sebastian Bach: Jouluoratorio BWV 248, osat I\u2013III ja VI.<\/b><\/p>\n<p class=\"p1\">\u201dNyt alkaa joulu\u201d, kuului yl\u00e4parvella yleis\u00f6n joukosta, ennen kuin <b>Bachin<\/b> Jouluoratorio starttasi Tampere-talossa. Ja toden totta: kun ulkona puskee vesisadetta ja maailma huonoja uutisia, mik\u00e4 voisi hoitaa mielt\u00e4 ja sielua hellemmin kuin t\u00e4m\u00e4 jouluajan barokkimusiikin ihme?<\/p>\n<p class=\"p1\">Omalla kohdallani joulustressi hellitti hetkeksi t\u00e4ysin. Kyynel kihosi silm\u00e4kulmaan, kun altto <b>Jess Dandy<\/b> tuuditti Mariana vastasyntynytt\u00e4 Jeesus-lasta uneen Schlafe, mein Liebster -aariassa. Siit\u00e4 lis\u00e4\u00e4 kohta.<\/p>\n<p class=\"p1\">Esitys oli ehj\u00e4, koskettava ja kunnioitti jouluperinteit\u00e4 kauniilla tavalla. Sek\u00e4 orkesteri, sen yksitt\u00e4iset solistit ja kuoro olivat oivassa vedossa. Kapellimestari <b>Matthew Hallsiin<\/b> on selv\u00e4sti tarttunut paljon hyv\u00e4\u00e4 brittil\u00e4isest\u00e4 vanhan musiikin esitystraditiosta. <\/p>\n<p>Suvereeni kuoro lavalla<\/p>\n<p class=\"p1\">Kun ensi kerran n\u00e4in kuorokorokkeet Tampere-talon ison salin lavalla, huolestuin. Paikkoja oli melkein 90 laulajalle. Orkesterin vahvuus oli 40 soittajaa. Jyr\u00e4t\u00e4\u00e4nk\u00f6 Bachin herkimm\u00e4t soinnut ison kamariorkesterin ja t\u00e4ysmittaisen sinfoniakuoron voimalla pian v\u00e4kisin nykyaikaan?<\/p>\n<p class=\"p1\">Bach itse ei olisi voinut edes uneksia moisesta esityskoneistosta. H\u00e4nell\u00e4 lienee ollut Leipzigissa k\u00e4yt\u00f6ss\u00e4\u00e4n ehk\u00e4 toistakymment\u00e4 eri tason muusikkoa, joukko keskikertaisia solisteja ja Tuomaskirkon kirkkokuoro. Kirkkokansa yhtyi esitykseen mukaan, kun kantaatit sis\u00e4lsiv\u00e4t kaikille tuttuja virsis\u00e4velmi\u00e4.<\/p>\n<p class=\"p1\">Huoleni oli turha. Kuoro-osat ja virsikoraalit kaikuivat Isossa salissa vakuuttavasti kuin katedraalin kaarien alla. Tampereen Filharmoninen Kuoro tavoitti taidolla niin majesteettisen julistavuuden kuin hiljaisen rukouksenkin tunnelmat. <\/p>\n<p class=\"p1\">J\u00e4lkimm\u00e4isi\u00e4 mitattiin esimerkiksi koraalissa Ich steh\u2019an deiner Krippen hier (Nyt seisahdun seimellesi). Kuinka 90 laulu\u00e4\u00e4nt\u00e4 voikin n\u00e4in taipua yhteiseen huokaukseen ja hiipua siit\u00e4 yhdess\u00e4 kohti t\u00e4ytt\u00e4 hiljaisuutta!<\/p>\n<p>S\u00e4velet kiertoon, sanat uusiksi<\/p>\n<p class=\"p1\">Jouluoratorion alkua ja loppua kehyst\u00e4v\u00e4t juhlalliset trumpetit ja patarumpu. Teos koostuu kuudesta kirkkokantaatista, jotka kertovat jouluevankeliumin tapahtumat joulup\u00e4iv\u00e4st\u00e4 loppiaiseen. Kantaatit sis\u00e4lt\u00e4v\u00e4t my\u00f6s perusluterilaisen uskontunnustuksen aikansa pietistisess\u00e4 hengess\u00e4. <\/p>\n<p class=\"p1\">Bach ei luonut teosta tyhj\u00e4st\u00e4. Mestarin s\u00e4velt\u00e4misess\u00e4 oli aina kova kiire, ja siit\u00e4 maksettiin kehnosti. Bach onkin \u2013 monen muun aikalaisensa tapaan \u2013 kaikkien nykyisten uusiok\u00e4ytt\u00e4jien ja kierr\u00e4tt\u00e4jien esikuva. Jouluoratorioon h\u00e4n lainasi paljon s\u00e4velt\u00e4mist\u00e4\u00e4n maallisista kantaateista. Vain sanat vaihdettiin sopivampiin.<\/p>\n<p class=\"p1\">Yht\u00e4 joustavasti mukaan mahtuivat luterilaiset virret ja hengelliset s\u00e4velm\u00e4t. Se onkin onni, sill\u00e4 t\u00e4t\u00e4 kautta ne ovat s\u00e4ilyneet omaan aikaamme asti osana l\u00e4nsimaista taidemusiikkia.<\/p>\n<p>Solistista yhteisty\u00f6t\u00e4<\/p>\n<p class=\"p1\">Tampereen konsertissa lauloivat solisteina sopraano <b>Lydia Teuscher<\/b>, altto Jess Dandy, tenori <b>Tuomas Katajala<\/b> sek\u00e4 basso <b>Arttu Kataja<\/b>. <\/p>\n<p class=\"p1\">Esityksen kohokohtia olivat 2. joulup\u00e4iv\u00e4n kantaatin tenori- ja alttoaariat. Tenorin Frohe Hirten -aariaa (Iloiset paimenet) s\u00e4esti continuo-ryhm\u00e4 ja <b>Annaleena J\u00e4ms\u00e4n<\/b> ihmeellisesti soiva huilu, joka tanssi kevyesti solistin tukena. Fantastista yhteisty\u00f6t\u00e4! <\/p>\n<p class=\"p1\">Schlafe, mein liebster -aariassa (Nuku rakkaimpani) Jess Dandy sai koko salin pid\u00e4ttelem\u00e4\u00e4n henke\u00e4\u00e4n ja kuuntelemaan Marian kehtolaulua vastasyntyneell\u00e4 Vapahtajalle. Dandyn hieman pehme\u00e4 saksan kielen \u00e4\u00e4nt\u00e4mys viel\u00e4 sopi t\u00e4h\u00e4n erityisen hyvin. Aaria on yksi esimerkki absoluuttisesti kauneimmasta barokkimusiikista.<\/p>\n<p class=\"p1\">Sopraanon ja basson duetto Herr, dein Mitleid (Herra, sinun my\u00f6t\u00e4tuntosi) on j\u00e4lleen rakennettu vain muutaman soittimen s\u00e4estykselle. \u00c4\u00e4ness\u00e4 ovat fagotti, kaksi klarinettia ja cembalo. Erityiskiitokset menev\u00e4t <b>Ananta Diazin<\/b> s\u00e4vykk\u00e4\u00e4lle ja puhtaalle fagotti\u00e4\u00e4nelle.<\/p>\n<p class=\"p1\">Kaikki solistit loistivat, mutta erityisesti pidin (taas kerran) Tuomas Katajalasta. Vahvoja ja kest\u00e4vi\u00e4 tenori\u00e4\u00e4ni\u00e4 ei ole Suomessa tai muuallakaan yht\u00e4\u00e4n liikaa. Katajalalla on evankelistalta vaadittavaa \u00e4\u00e4nen notkeutta, painokkuutta ja uskottavuutta. Juuri niit\u00e4 jouluajan kertomus esitt\u00e4jilt\u00e4\u00e4n vaatii.<\/p>\n<p class=\"p1\">Tampere-talon Iso sali oli loppuunmyyty ja yleis\u00f6n aplodit pitk\u00e4t ja l\u00e4mpim\u00e4t. Ansaitusti.<\/p>\n<p class=\"p1\" style=\"text-align: right;\">Kari Pitk\u00e4nen<br \/>kari.pitkanen [at] kulttuuritoimitus.fi <\/p>\n","protected":false},"excerpt":{"rendered":"Tampere Filharmonian Joulukonsertti Tampere-talossa 19.12.2025. Tampereen Filharmoninen Kuoro ja solistit, kapellimestari Matthew Halls. Johann Sebastian Bach: Jouluoratorio BWV&hellip;\n","protected":false},"author":2,"featured_media":122185,"comment_status":"","ping_status":"","sticky":false,"template":"","format":"standard","meta":{"footnotes":""},"categories":[130],"tags":[137,33,31,30,21966,15130,21967,3147,21968,32,19667,5257,109],"class_list":{"0":"post-122184","1":"post","2":"type-post","3":"status-publish","4":"format-standard","5":"has-post-thumbnail","7":"category-viihde","8":"tag-entertainment","9":"tag-fi","10":"tag-finland","11":"tag-finnish","12":"tag-j-s-bach","13":"tag-joulukonsertti","14":"tag-jouluoratorio","15":"tag-klassinen-musiikki","16":"tag-matthew-halls","17":"tag-suomi","18":"tag-tampere-filharmonia","19":"tag-tampere-talo","20":"tag-viihde"},"share_on_mastodon":{"url":"https:\/\/pubeurope.com\/@fi\/115756955476941513","error":""},"_links":{"self":[{"href":"https:\/\/www.europesays.com\/fi\/wp-json\/wp\/v2\/posts\/122184","targetHints":{"allow":["GET"]}}],"collection":[{"href":"https:\/\/www.europesays.com\/fi\/wp-json\/wp\/v2\/posts"}],"about":[{"href":"https:\/\/www.europesays.com\/fi\/wp-json\/wp\/v2\/types\/post"}],"author":[{"embeddable":true,"href":"https:\/\/www.europesays.com\/fi\/wp-json\/wp\/v2\/users\/2"}],"replies":[{"embeddable":true,"href":"https:\/\/www.europesays.com\/fi\/wp-json\/wp\/v2\/comments?post=122184"}],"version-history":[{"count":0,"href":"https:\/\/www.europesays.com\/fi\/wp-json\/wp\/v2\/posts\/122184\/revisions"}],"wp:featuredmedia":[{"embeddable":true,"href":"https:\/\/www.europesays.com\/fi\/wp-json\/wp\/v2\/media\/122185"}],"wp:attachment":[{"href":"https:\/\/www.europesays.com\/fi\/wp-json\/wp\/v2\/media?parent=122184"}],"wp:term":[{"taxonomy":"category","embeddable":true,"href":"https:\/\/www.europesays.com\/fi\/wp-json\/wp\/v2\/categories?post=122184"},{"taxonomy":"post_tag","embeddable":true,"href":"https:\/\/www.europesays.com\/fi\/wp-json\/wp\/v2\/tags?post=122184"}],"curies":[{"name":"wp","href":"https:\/\/api.w.org\/{rel}","templated":true}]}}