{"id":122186,"date":"2025-12-21T09:55:13","date_gmt":"2025-12-21T09:55:13","guid":{"rendered":"https:\/\/www.europesays.com\/fi\/122186\/"},"modified":"2025-12-21T09:55:13","modified_gmt":"2025-12-21T09:55:13","slug":"aarimmainen-piste-lahestyy-suomi-keikahtaa-noin-17-03-tanaan","status":"publish","type":"post","link":"https:\/\/www.europesays.com\/fi\/122186\/","title":{"rendered":"\u00c4\u00e4rimm\u00e4inen piste l\u00e4hestyy \u2013 Suomi keikahtaa noin 17.03 t\u00e4n\u00e4\u00e4n"},"content":{"rendered":"<p>P\u00e4iv\u00e4 on lyhyimmill\u00e4\u00e4n sunnuntaina. Pohjois-Suomessa aurinko ei n\u00e4ytt\u00e4ydy ollenkaan tai p\u00e4iv\u00e4nvaloa on vain pari tuntia.<\/p>\n<p><img decoding=\"async\" class=\"image image-show image-preview\" src=\"https:\/\/www.europesays.com\/fi\/wp-content\/uploads\/2025\/12\/f842009ae2de9848f8ca117316cd051896b9c0bfa4a00c5ea0199491510e3e6c.jpg\" alt=\"\"\/><img decoding=\"async\" class=\"image image-show\" src=\"https:\/\/www.europesays.com\/fi\/wp-content\/uploads\/2025\/12\/1766310911_690_f842009ae2de9848f8ca117316cd051896b9c0bfa4a00c5ea0199491510e3e6c.jpg\" alt=\"\"\/><\/p>\n<p>Pohjoisimmassa Suomessa kaamos kest\u00e4\u00e4 yli tammikuun puoliv\u00e4lin. Kai Tirkkonen<\/p>\n<p class=\"paragraph\">Maapallo keikahtaa sunnuntai-iltana siihen pisteeseen, ett\u00e4 Suomessa on vuoden pimein hetki. Joulukuun 21. p\u00e4iv\u00e4 on talvip\u00e4iv\u00e4nseisaus, joka tarkoittaa vuoden lyhint\u00e4 p\u00e4iv\u00e4\u00e4 pohjoisella pallonpuoliskolla.<\/p>\n<p class=\"paragraph\">T\u00e4n\u00e4 vuonna t\u00e4sm\u00e4llinen aika talvip\u00e4iv\u00e4nseisaukselle on jossakin kello 17.02\u201317.03 v\u00e4lill\u00e4. Talvip\u00e4iv\u00e4nseisauksessa auringons\u00e4teet paistavat voimakkaimmin etel\u00e4iselle k\u00e4\u00e4nt\u00f6piirille eli Kauriin k\u00e4\u00e4nt\u00f6piirille.<\/p>\n<p class=\"paragraph\">Maapallon vinon asennon vuoksi pohjoinen pallonpuolisko on k\u00e4\u00e4ntyneen\u00e4 poisp\u00e4in Auringosta, jolloin se ei n\u00e4ytt\u00e4ydy napapiirin pohjoispuolella ollenkaan. Sen sijaan etel\u00e4isell\u00e4 napapiirill\u00e4 elet\u00e4\u00e4n y\u00f6t\u00f6nt\u00e4 y\u00f6t\u00e4.<\/p>\n<p class=\"paragraph\">Helsingin yliopiston Almanakkatoimiston erikoissuunnittelija <strong>Asko Palviainen<\/strong> paljastaa <a href=\"https:\/\/www.hs.fi\/suomi\/art-2000011704149.html\" target=\"_blank\" rel=\"noopener nofollow\">Helsingin Sanomille<\/a>, ett\u00e4 tarkan talvip\u00e4iv\u00e4nseisauksen ajankohdan laskelmissa voi olla pient\u00e4 heittoa, joten siksi ajankohdaksi on voitu ilmoittaa kello 17.02 tai 17.03 eri l\u00e4hteiss\u00e4.<\/p>\n<p class=\"paragraph\">Sunnuntaina Oulun korkeudella p\u00e4iv\u00e4 kest\u00e4\u00e4 Forecan mukaan 3 tuntia ja 35 minuuttia. Aurinko nousee kello 10.28 ja laskee 14.03. Rovaniemell\u00e4 p\u00e4iv\u00e4 kest\u00e4\u00e4 vain 2 tuntia ja 15 minuuttia, kun aurinko nousee vasta kello 11.07 ja laskee 13.22.<\/p>\n<p>Maapallon asento vaikuttaa siihen, miten talvip\u00e4iv\u00e4nseisaus n\u00e4kyy eri puolilla maailmaa.  AOP<\/p>\n<p>Ei tapahdu kaikilla samaan aikaan<\/p>\n<p class=\"paragraph\">K\u00e4yt\u00e4nn\u00f6ss\u00e4 talvip\u00e4iv\u00e4nseisaus ei tapahdu koko Suomessa samaan aikaan, koska etel\u00e4ss\u00e4 iltap\u00e4iv\u00e4t ovat ehtineet jo pidenty\u00e4 muutaman p\u00e4iv\u00e4n, mutta aamulla valoisa aika lipuu pidemm\u00e4lle aamup\u00e4iv\u00e4\u00e4n viel\u00e4 talvip\u00e4iv\u00e4nseisauksen j\u00e4lkeenkin.<\/p>\n<p class=\"paragraph\">Esimerkiksi Helsingiss\u00e4 p\u00e4iv\u00e4n pituus on sunnuntaina 5 tuntia ja 49 minuuttia, kun aurinko nousee kello 9.23 ja laskee 15.12. <a href=\"https:\/\/www.paivyri.fi\/index.php?dt=1765576800&amp;ref=6\" target=\"_blank\" rel=\"noopener nofollow\">P\u00e4ivyrit.fi-sivuston<\/a> mukaan Helsingiss\u00e4 aurinko laski noin kaksi minuuttia aikaisemmin jo 16. joulukuuta.<\/p>\n<p class=\"paragraph\">Sen sijaan aurinko nousee my\u00f6h\u00e4isimmill\u00e4\u00e4n Helsingiss\u00e4 joulukuun 25.\u201328. p\u00e4ivin\u00e4 kello 9.25. Vasta sen j\u00e4lkeen p\u00e4iv\u00e4 alkaa pidenty\u00e4 my\u00f6s aamulla etel\u00e4ss\u00e4.<\/p>\n<p class=\"paragraph\">Pohjoisimman Suomen kaamoksessa aurinkoa saa viel\u00e4 hetken odottaa, sill\u00e4 Ilmatieteen laitoksen mukaan esimerkiksi Utsjoella aurinko nousee seuraavan kerran 17. tammikuuta kello 11.46.<\/p>\n<p><a href=\"https:\/\/www.iltalehti.fi\/parassaa?storeCampaign=ArticleBottomBanner\" rel=\"nofollow noopener\" target=\"_blank\"><img decoding=\"async\" src=\"https:\/\/www.europesays.com\/fi\/wp-content\/uploads\/2025\/08\/d0fd7860228df4fdd5fd0367e49d769aa09b08189080ddc5ccdd8c31ad63aca9.png\" alt=\"IL Paras S\u00e4\u00e4 - S\u00e4\u00e4tiedot ja s\u00e4\u00e4ennusteet\"\/><\/a><\/p>\n","protected":false},"excerpt":{"rendered":"P\u00e4iv\u00e4 on lyhyimmill\u00e4\u00e4n sunnuntaina. Pohjois-Suomessa aurinko ei n\u00e4ytt\u00e4ydy ollenkaan tai p\u00e4iv\u00e4nvaloa on vain pari tuntia. Pohjoisimmassa Suomessa kaamos&hellip;\n","protected":false},"author":2,"featured_media":122187,"comment_status":"","ping_status":"","sticky":false,"template":"","format":"standard","meta":{"footnotes":""},"categories":[112],"tags":[35,33,31,30,713,715,710,714,118,32,119,719],"class_list":{"0":"post-122186","1":"post","2":"type-post","3":"status-publish","4":"format-standard","5":"has-post-thumbnail","7":"category-tiede","8":"tag-24h","9":"tag-fi","10":"tag-finland","11":"tag-finnish","12":"tag-lampotila-saa","13":"tag-meteorologia","14":"tag-saa","15":"tag-saaennustus","16":"tag-science","17":"tag-suomi","18":"tag-tiede","19":"tag-tiede-yleista"},"share_on_mastodon":{"url":"https:\/\/pubeurope.com\/@fi\/115756959422220356","error":""},"_links":{"self":[{"href":"https:\/\/www.europesays.com\/fi\/wp-json\/wp\/v2\/posts\/122186","targetHints":{"allow":["GET"]}}],"collection":[{"href":"https:\/\/www.europesays.com\/fi\/wp-json\/wp\/v2\/posts"}],"about":[{"href":"https:\/\/www.europesays.com\/fi\/wp-json\/wp\/v2\/types\/post"}],"author":[{"embeddable":true,"href":"https:\/\/www.europesays.com\/fi\/wp-json\/wp\/v2\/users\/2"}],"replies":[{"embeddable":true,"href":"https:\/\/www.europesays.com\/fi\/wp-json\/wp\/v2\/comments?post=122186"}],"version-history":[{"count":0,"href":"https:\/\/www.europesays.com\/fi\/wp-json\/wp\/v2\/posts\/122186\/revisions"}],"wp:featuredmedia":[{"embeddable":true,"href":"https:\/\/www.europesays.com\/fi\/wp-json\/wp\/v2\/media\/122187"}],"wp:attachment":[{"href":"https:\/\/www.europesays.com\/fi\/wp-json\/wp\/v2\/media?parent=122186"}],"wp:term":[{"taxonomy":"category","embeddable":true,"href":"https:\/\/www.europesays.com\/fi\/wp-json\/wp\/v2\/categories?post=122186"},{"taxonomy":"post_tag","embeddable":true,"href":"https:\/\/www.europesays.com\/fi\/wp-json\/wp\/v2\/tags?post=122186"}],"curies":[{"name":"wp","href":"https:\/\/api.w.org\/{rel}","templated":true}]}}