{"id":122219,"date":"2025-12-21T10:46:07","date_gmt":"2025-12-21T10:46:07","guid":{"rendered":"https:\/\/www.europesays.com\/fi\/122219\/"},"modified":"2025-12-21T10:46:07","modified_gmt":"2025-12-21T10:46:07","slug":"sara-sieppi-nauttii-lapin-luksuksesta-matkaseura-yllattaa","status":"publish","type":"post","link":"https:\/\/www.europesays.com\/fi\/122219\/","title":{"rendered":"Sara Sieppi nauttii Lapin luksuksesta \u2013 matkaseura yll\u00e4tt\u00e4\u00e4"},"content":{"rendered":"<p>\n            20230203, Helsinki. Emma Gaala 2023. Pyry Soiri ja Sara Sieppi.<br \/>\n            TIMO KORHONEN\n        <\/p>\n<p class=\"subtitle \">Saran reissu sis\u00e4lsi ylellist\u00e4 ruokaa ja upeita maisemia, mutta Pyry-kulta loistaa poissaolollaan.<\/p>\n<p class=\"article-content article-content-width !bg-background\">Somevaikuttaja  nauttii Lapin lumisista maisemista ja ylellisist\u00e4 illallisista.<\/p>\n<p class=\"font-weight-bold m-font-weight-bold article-content article-content-width !bg-background\">Video: Kuka flexaa nyt? Sara Sieppi.<\/p>\n<p class=\"article-content article-content-width !bg-background\">Sara on parhaillaan matkoilla Yll\u00e4ksell\u00e4, Kolarissa. H\u00e4n julkaisi kasan henke\u00e4salpaavia<a href=\"https:\/\/www.instagram.com\/p\/DShRz-DjRUt\/?img_index=1\" target=\"_blank\" rel=\"nofollow noopener\"> Instagram-kuvia<\/a> valkoisten hankien keskelt\u00e4.<\/p>\n<p class=\"article-content article-content-width !bg-background\">Somevaikuttaja on nauttinut luksusmajoituksesta niin, ett\u00e4 h\u00e4n n\u00e4kee s\u00e4ngyst\u00e4\u00e4n suoraan tunturille.<\/p>\n<p class=\"article-content article-content-width !bg-background\">Rauhalliselta vaikuttavassa huoneessa on h\u00e4myis\u00e4 tunnelma. Lis\u00e4ksi Sara on julkaissut kuvan saunanlauteista, joten h\u00e4n on saanut my\u00f6s rentoutua kunnolla.<\/p>\n<p>        <a itemprop=\"url\" href=\"https:\/\/www.seiska.fi\/kotimaa\/vau-talta-nayttaa-sara-siepin-mokilla\/2006184\" rel=\"nofollow noopener\" target=\"_blank\"><\/p>\n<p>\nVau!\n<\/p>\n<p class=\"section-date\">\n        <strong class=\"article-section\" data-section=\"kotimaa\"><br \/>\n            kotimaa<br \/>\n        <\/strong><br \/>\n        28.11. 10:12\n    <\/p>\n<p>Vau! T\u00e4lt\u00e4 n\u00e4ytt\u00e4\u00e4 Sara Siepin m\u00f6kill\u00e4\n    <\/p>\n<p itemprop=\"description\" class=\"subtitle \">\n    Saran herttainen m\u00f6kki odottaa viel\u00e4 joulutunnelmaa.\n<\/p>\n<p>        <\/a><\/p>\n<p>Matkaseura paljastui<\/p>\n<p class=\"article-content article-content-width !bg-background\">Kuvavarusellin viides kohta kiinnitt\u00e4\u00e4 huomiota, sill\u00e4 lautasella koreilee keitti\u00f6mestari  ravintolan Elsan kaunis luomus.<\/p>\n<p class=\"article-content article-content-width !bg-background\">Nimikortista paljastuu my\u00f6s Saran matkaseura, koska siin\u00e4 lukee pienell\u00e4 k\u00e4sialalla Sabina S. eli .<\/p>\n<p class=\"article-content article-content-width !bg-background\">Kuvakoostetta voit selailla alla olevasta upotuksesta.<\/p>\n<p class=\"article-content article-content-width !bg-background\">Kaksikko onkin ahkerasti jakanut sis\u00e4lt\u00f6\u00e4 matkalta.<\/p>\n<p class=\"article-content article-content-width !bg-background\">Sabinan tililt\u00e4 selvi\u00e4\u00e4, ett\u00e4 he ovat nauttineet j\u00e4lkiruuaksi ravintolassa oikeaa paikallista herkkua.\u00a0<\/p>\n<p class=\"article-content article-content-width !bg-background\"><a href=\"https:\/\/www.instagram.com\/stories\/sabinasarkka\/3791813065789164272\/\" target=\"_blank\" rel=\"nofollow noopener\">Vuorokauden ajan esill\u00e4 oleva tarina n\u00e4ytt\u00e4\u00e4<\/a>, ett\u00e4 heille on tarjoiltu Lapin lehm\u00e4n maidosta tehty\u00e4 j\u00e4\u00e4tel\u00f6\u00e4. <a href=\"https:\/\/restaurantelsa.fi\/menu\" target=\"_blank\" rel=\"nofollow noopener\">Ravintolan sivujen mukaan<\/a> se tehd\u00e4\u00e4n joka ilta paikan p\u00e4\u00e4ll\u00e4.<\/p>\n<p>        <a itemprop=\"url\" href=\"https:\/\/www.seiska.fi\/katso\/sara-siepin-tuskainen-hetki-yokki-roskapontolla\/1998656\" rel=\"nofollow noopener\" target=\"_blank\"><\/p>\n<p>\nSara Sieppi voi pahoin\n<\/p>\n<p class=\"section-date\">\n        <strong class=\"article-section\" data-section=\"katso\"><br \/>\n            katso<br \/>\n        <\/strong><br \/>\n        21.11. 15:15\n    <\/p>\n<p>Sara Siepin tuskainen hetki: Y\u00f6kki roskap\u00f6nt\u00f6ll\u00e4\n    <\/p>\n<p itemprop=\"description\" class=\"subtitle \">\n    Sara Siepin hysteerinen reaktio nauratti muita.\n<\/p>\n<p>        <\/a><\/p>\n<p>Miss\u00e4 Pyry?<\/p>\n<p class=\"article-content article-content-width !bg-background\">Sen sijaan Saran rakas, jalkapalloilija , loistaa poissaolollaan kuva- ja videpostauksissa.<\/p>\n<p class=\"article-content article-content-width !bg-background\">My\u00f6sk\u00e4\u00e4n Pyry itse ei ole p\u00e4ivitt\u00e4nyt mit\u00e4\u00e4n ajankohtaista omalle <a href=\"https:\/\/www.instagram.com\/hidipo\/\" target=\"_blank\" rel=\"nofollow noopener\">Instagram-tililleen<\/a>.<\/p>\n<p class=\"article-content article-content-width !bg-background\">Pyry ja Sara odottavat esikoistaan. <a href=\"https:\/\/www.seiska.fi\/kotimaa\/sara-sieppi-vauva-tulossa\/1959079\" target=\"_blank\" rel=\"nofollow noopener\">Pariskunta julkisti iloisen perheuutisen lokakuussa<\/a>.<\/p>\n<p class=\"article-content article-content-width !bg-background\">\u2013 Sinua on odotettu, he kirjoittivat kauniin yhteiskuvan ohessa.<\/p>\n<p><script async src=\"\/\/www.instagram.com\/embed.js\"><\/script><\/p>\n","protected":false},"excerpt":{"rendered":"20230203, Helsinki. Emma Gaala 2023. Pyry Soiri ja Sara Sieppi. TIMO KORHONEN Saran reissu sis\u00e4lsi ylellist\u00e4 ruokaa ja&hellip;\n","protected":false},"author":2,"featured_media":122220,"comment_status":"","ping_status":"","sticky":false,"template":"","format":"standard","meta":{"footnotes":""},"categories":[130],"tags":[137,33,31,30,21970,1568,21971,1478,3424,3126,6691,3423,6935,32,109],"class_list":{"0":"post-122219","1":"post","2":"type-post","3":"status-publish","4":"format-standard","5":"has-post-thumbnail","7":"category-viihde","8":"tag-entertainment","9":"tag-fi","10":"tag-finland","11":"tag-finnish","12":"tag-lapin-matka","13":"tag-levi","14":"tag-luksusmajoitus","15":"tag-matkailu","16":"tag-pyry-soiri","17":"tag-ravintola","18":"tag-sabina-sarkka","19":"tag-sara-sieppi","20":"tag-sirly-yllasjarvi","21":"tag-suomi","22":"tag-viihde"},"share_on_mastodon":{"url":"https:\/\/pubeurope.com\/@fi\/115757159742450714","error":""},"_links":{"self":[{"href":"https:\/\/www.europesays.com\/fi\/wp-json\/wp\/v2\/posts\/122219","targetHints":{"allow":["GET"]}}],"collection":[{"href":"https:\/\/www.europesays.com\/fi\/wp-json\/wp\/v2\/posts"}],"about":[{"href":"https:\/\/www.europesays.com\/fi\/wp-json\/wp\/v2\/types\/post"}],"author":[{"embeddable":true,"href":"https:\/\/www.europesays.com\/fi\/wp-json\/wp\/v2\/users\/2"}],"replies":[{"embeddable":true,"href":"https:\/\/www.europesays.com\/fi\/wp-json\/wp\/v2\/comments?post=122219"}],"version-history":[{"count":0,"href":"https:\/\/www.europesays.com\/fi\/wp-json\/wp\/v2\/posts\/122219\/revisions"}],"wp:featuredmedia":[{"embeddable":true,"href":"https:\/\/www.europesays.com\/fi\/wp-json\/wp\/v2\/media\/122220"}],"wp:attachment":[{"href":"https:\/\/www.europesays.com\/fi\/wp-json\/wp\/v2\/media?parent=122219"}],"wp:term":[{"taxonomy":"category","embeddable":true,"href":"https:\/\/www.europesays.com\/fi\/wp-json\/wp\/v2\/categories?post=122219"},{"taxonomy":"post_tag","embeddable":true,"href":"https:\/\/www.europesays.com\/fi\/wp-json\/wp\/v2\/tags?post=122219"}],"curies":[{"name":"wp","href":"https:\/\/api.w.org\/{rel}","templated":true}]}}