{"id":122221,"date":"2025-12-21T10:48:09","date_gmt":"2025-12-21T10:48:09","guid":{"rendered":"https:\/\/www.europesays.com\/fi\/122221\/"},"modified":"2025-12-21T10:48:09","modified_gmt":"2025-12-21T10:48:09","slug":"laanilan-koulun-oppilaat-kehittivat-sovelluksen-jossa-liikunta-tuo-lisaa-ruutuaikaa-voittivat-tiedekilpailun","status":"publish","type":"post","link":"https:\/\/www.europesays.com\/fi\/122221\/","title":{"rendered":"Laanilan koulun oppilaat kehittiv\u00e4t sovelluksen, jossa liikunta tuo lis\u00e4\u00e4 ruutuaikaa \u2013 voittivat tiedekilpailun"},"content":{"rendered":"<p>\n      Laanilan koulun oppilaat ovat voittaneet Samsungin ja Tiedekoulun j\u00e4rjest\u00e4m\u00e4n valtakunnallisen tiedekilpailun Solve for Tomorrow\u2019n.\n    <\/p>\n<p>\n      Oululaisjoukkue kehitti Sportcat-sovelluksen, jossa nuori voi ansaita liikkumalla itselleen lis\u00e4\u00e4 ruutuaikaa vanhemmilta. Sovellukseen voi my\u00f6s lis\u00e4t\u00e4 kavereita ja kilpailla heid\u00e4n kanssaan erilaisissa liikuntasuorituksissa.\n    <\/p>\n<p class=\"article__paragraph\">\n      Laanilan koulun joukkueen muodostivat Liina Koskelo, Viola Pekkala, Hanna Lajunen ja Saimi Laakko. Joukkueen opettajina toimivat matematiikan, fysiikan ja kemian opettajat Anne Koivikko ja Niko Kulmala.\n    <\/p>\n<p class=\"article__paragraph\">\n      Tiedekilpailun teemana oli kehitt\u00e4\u00e4 tuote tai palvelu, joka edist\u00e4\u00e4 nuorten hyvinvointia joko lis\u00e4\u00e4m\u00e4ll\u00e4 liikuntaa tai tukemalla palautumista ja hyv\u00e4\u00e4 unta.\n    <\/p>\n<p class=\"article__paragraph\">\n      Laanilan koululaisten tavoitteena oli kehitt\u00e4\u00e4 ratkaisu, joka kannustaa nuoria liikkumaan arjessa n\u00e4iden omista l\u00e4ht\u00f6kohdista k\u00e4sin.\n    <\/p>\n<p class=\"article__paragraph\">\n      \u2013\u202fOulun Sportcat vastasi teht\u00e4v\u00e4nantoon erinomaisesti ja tuomariston hurmasi paitsi luova idea, my\u00f6s eritt\u00e4in pitk\u00e4lle viety toteutus. Ryhm\u00e4 oli miettinyt teknisten asioiden lis\u00e4ksi kaupallista mallia ja my\u00f6s markkinointia, sanoo kilpailun p\u00e4\u00e4tuomari, Samsungin maajohtaja Mika Engblom tiedekilpailun tiedotteessa.\n    <\/p>\n<p class=\"article__paragraph\">\n      Solve for Tomorrow -oppimisohjelman tavoitteena on saada yl\u00e4kouluik\u00e4iset kiinnostumaan teko\u00e4lyst\u00e4, ohjelmoinnista ja robotiikasta. Nuoria halutaan rohkaista hy\u00f6dynt\u00e4m\u00e4\u00e4n teknologiaa yhteiskunnallisten haasteiden ratkaisemisessa. Ohjelmaan osallistui t\u00e4n\u00e4 vuonna l\u00e4hes tuhat nuorta eri puolilta maata.\n    <\/p>\n","protected":false},"excerpt":{"rendered":"Laanilan koulun oppilaat ovat voittaneet Samsungin ja Tiedekoulun j\u00e4rjest\u00e4m\u00e4n valtakunnallisen tiedekilpailun Solve for Tomorrow\u2019n. Oululaisjoukkue kehitti Sportcat-sovelluksen, jossa&hellip;\n","protected":false},"author":2,"featured_media":122222,"comment_status":"","ping_status":"","sticky":false,"template":"","format":"standard","meta":{"footnotes":""},"categories":[84],"tags":[33,31,30,32,91,92],"class_list":{"0":"post-122221","1":"post","2":"type-post","3":"status-publish","4":"format-standard","5":"has-post-thumbnail","7":"category-teknologia","8":"tag-fi","9":"tag-finland","10":"tag-finnish","11":"tag-suomi","12":"tag-technology","13":"tag-teknologia"},"share_on_mastodon":{"url":"https:\/\/pubeurope.com\/@fi\/115757167741437546","error":""},"_links":{"self":[{"href":"https:\/\/www.europesays.com\/fi\/wp-json\/wp\/v2\/posts\/122221","targetHints":{"allow":["GET"]}}],"collection":[{"href":"https:\/\/www.europesays.com\/fi\/wp-json\/wp\/v2\/posts"}],"about":[{"href":"https:\/\/www.europesays.com\/fi\/wp-json\/wp\/v2\/types\/post"}],"author":[{"embeddable":true,"href":"https:\/\/www.europesays.com\/fi\/wp-json\/wp\/v2\/users\/2"}],"replies":[{"embeddable":true,"href":"https:\/\/www.europesays.com\/fi\/wp-json\/wp\/v2\/comments?post=122221"}],"version-history":[{"count":0,"href":"https:\/\/www.europesays.com\/fi\/wp-json\/wp\/v2\/posts\/122221\/revisions"}],"wp:featuredmedia":[{"embeddable":true,"href":"https:\/\/www.europesays.com\/fi\/wp-json\/wp\/v2\/media\/122222"}],"wp:attachment":[{"href":"https:\/\/www.europesays.com\/fi\/wp-json\/wp\/v2\/media?parent=122221"}],"wp:term":[{"taxonomy":"category","embeddable":true,"href":"https:\/\/www.europesays.com\/fi\/wp-json\/wp\/v2\/categories?post=122221"},{"taxonomy":"post_tag","embeddable":true,"href":"https:\/\/www.europesays.com\/fi\/wp-json\/wp\/v2\/tags?post=122221"}],"curies":[{"name":"wp","href":"https:\/\/api.w.org\/{rel}","templated":true}]}}