{"id":122227,"date":"2025-12-21T10:51:08","date_gmt":"2025-12-21T10:51:08","guid":{"rendered":"https:\/\/www.europesays.com\/fi\/122227\/"},"modified":"2025-12-21T10:51:08","modified_gmt":"2025-12-21T10:51:08","slug":"leena-lauronen-opiskeli-virallisen-tonttututkinnon-ja-tietaa-miten-kiukkuisen-turistin-saa-hymyilemaan","status":"publish","type":"post","link":"https:\/\/www.europesays.com\/fi\/122227\/","title":{"rendered":"Leena Lauronen opiskeli virallisen tonttututkinnon ja tiet\u00e4\u00e4, miten kiukkuisen turistin saa hymyilem\u00e4\u00e4n"},"content":{"rendered":"<p class=\"article-body mb-nof-24 px-nof-16\">Virallisesti tonttu, se <a class=\"article-personlink\" href=\"https:\/\/www.hs.fi\/haku\/?query=Leena%20Lauronen\" rel=\"nofollow noopener\" target=\"_blank\">Leena Lauronen<\/a> kohta on. Antamatta on en\u00e4\u00e4 n\u00e4ytt\u00f6tutkinto oikeassa ty\u00f6el\u00e4m\u00e4n tonttuilutilanteessa.<\/p>\n<p class=\"article-body mb-nof-24 px-nof-16\">Pit\u00e4\u00e4k\u00f6 tontuksi oikein opiskella? Kysymyst\u00e4 on esitetty Lauroselle monesta suusta syksyn aikana.<\/p>\n<p class=\"article-body mb-nof-24 px-nof-16\">\u201dMonella on ollut t\u00e4h\u00e4n koulutukseen ep\u00e4uskoinen reaktio. Vastaan, ett\u00e4 pit\u00e4\u00e4. Kyll\u00e4 asiakkaat huomaavat, oletko mukana aidosti vaiko vain, koska pomo k\u00e4ski.\u201d<\/p>\n","protected":false},"excerpt":{"rendered":"Virallisesti tonttu, se Leena Lauronen kohta on. Antamatta on en\u00e4\u00e4 n\u00e4ytt\u00f6tutkinto oikeassa ty\u00f6el\u00e4m\u00e4n tonttuilutilanteessa. Pit\u00e4\u00e4k\u00f6 tontuksi oikein opiskella?&hellip;\n","protected":false},"author":2,"featured_media":122228,"comment_status":"","ping_status":"","sticky":false,"template":"","format":"standard","meta":{"footnotes":""},"categories":[12],"tags":[22,23,26,27,33,31,30,17,46,24,25,28,29,15,18,21,32,19,20,16],"class_list":{"0":"post-122227","1":"post","2":"type-post","3":"status-publish","4":"format-standard","5":"has-post-thumbnail","7":"category-suomi","8":"tag-breaking-news","9":"tag-breakingnews","10":"tag-featured-news","11":"tag-featurednews","12":"tag-fi","13":"tag-finland","14":"tag-finnish","15":"tag-headlines","16":"tag-helsingin-sanomat","17":"tag-latest-news","18":"tag-latestnews","19":"tag-main-news","20":"tag-mainnews","21":"tag-news","22":"tag-otsikot","23":"tag-paauutiset","24":"tag-suomi","25":"tag-top-stories","26":"tag-topstories","27":"tag-uutiset"},"share_on_mastodon":{"url":"https:\/\/pubeurope.com\/@fi\/115757179550230401","error":""},"_links":{"self":[{"href":"https:\/\/www.europesays.com\/fi\/wp-json\/wp\/v2\/posts\/122227","targetHints":{"allow":["GET"]}}],"collection":[{"href":"https:\/\/www.europesays.com\/fi\/wp-json\/wp\/v2\/posts"}],"about":[{"href":"https:\/\/www.europesays.com\/fi\/wp-json\/wp\/v2\/types\/post"}],"author":[{"embeddable":true,"href":"https:\/\/www.europesays.com\/fi\/wp-json\/wp\/v2\/users\/2"}],"replies":[{"embeddable":true,"href":"https:\/\/www.europesays.com\/fi\/wp-json\/wp\/v2\/comments?post=122227"}],"version-history":[{"count":0,"href":"https:\/\/www.europesays.com\/fi\/wp-json\/wp\/v2\/posts\/122227\/revisions"}],"wp:featuredmedia":[{"embeddable":true,"href":"https:\/\/www.europesays.com\/fi\/wp-json\/wp\/v2\/media\/122228"}],"wp:attachment":[{"href":"https:\/\/www.europesays.com\/fi\/wp-json\/wp\/v2\/media?parent=122227"}],"wp:term":[{"taxonomy":"category","embeddable":true,"href":"https:\/\/www.europesays.com\/fi\/wp-json\/wp\/v2\/categories?post=122227"},{"taxonomy":"post_tag","embeddable":true,"href":"https:\/\/www.europesays.com\/fi\/wp-json\/wp\/v2\/tags?post=122227"}],"curies":[{"name":"wp","href":"https:\/\/api.w.org\/{rel}","templated":true}]}}