{"id":122232,"date":"2025-12-21T11:04:09","date_gmt":"2025-12-21T11:04:09","guid":{"rendered":"https:\/\/www.europesays.com\/fi\/122232\/"},"modified":"2025-12-21T11:04:09","modified_gmt":"2025-12-21T11:04:09","slug":"suomalainen-onlyfans-tahti-sai-petostuomion-tienasi-hurjan-summan","status":"publish","type":"post","link":"https:\/\/www.europesays.com\/fi\/122232\/","title":{"rendered":"Suomalainen Onlyfans-t\u00e4hti sai petostuomion \u2013 Tienasi hurjan summan"},"content":{"rendered":"<p>Onlyfans-t\u00e4hti Jasmin Viteli tienasi viime vuonna hurjan summan.<\/p>\n<p class=\"paragraph\">\u2013 Eih\u00e4n se helposti tule, mutta kyll\u00e4h\u00e4n se mukavalta tuntuu.<\/p>\n<p class=\"paragraph\">N\u00e4in Onlyfans-t\u00e4hti <strong>Jasmin Viteli<\/strong>, 27, kommentoi hurjia ansiotulojaan <a href=\"https:\/\/www.iltalehti.fi\/viihdeuutiset\/da0d7ff6-1470-4689-bab3-c2c891eebb7a\" rel=\"nofollow noopener\" target=\"_blank\">Iltalehden tuoreessa jutussa<\/a>. Iltalehden selvityksess\u00e4 k\u00e4vi ilmi, ett\u00e4 Vitelin tulot ovat nousseet merkitt\u00e4v\u00e4sti lyhyess\u00e4 ajassa ja ylitt\u00e4v\u00e4t suomalaisten keskitulot moninkertaisesti.<\/p>\n<p class=\"paragraph\">Suurien tulojensa keskell\u00e4 Viteli on ollut talousasioidensa kautta muutenkin <a href=\"https:\/\/www.iltalehti.fi\/viihdeuutiset\/19b2f67b-16e1-4d76-885c-14ab97432ca1\" rel=\"nofollow noopener\" target=\"_blank\">otsikoissa<\/a>. H\u00e4net tuomittiin elokuussa ehdottomaan vankeuteen petoksesta.<\/p>\n<p class=\"paragraph\">Pirkanmaan k\u00e4r\u00e4j\u00e4oikeus m\u00e4\u00e4r\u00e4si Vitelille elokuussa 80 p\u00e4iv\u00e4n vankeustuomion, koska h\u00e4n oli erehdytt\u00e4nyt Kansanel\u00e4kelaitosta asumis- ja toimeentulohakemuksissaan vuonna 2022. Viteli anoi ja sai tukia runsaan puolen vuoden aikana yhteens\u00e4 l\u00e4hes 8\u202f400 euroa salaten samalla kuukausitulonsa.<\/p>\n<p class=\"paragraph\">Viteli oli ilmoittanut, ettei h\u00e4nell\u00e4 olisi tuloja, vaikka todellisuudessa ilmoittamatta j\u00e4tettyj\u00e4 tuloja oli jopa yli 10 000 euroa kuukaudessa.<\/p>\n<p><img decoding=\"async\" class=\"image image-show image-preview\" src=\"https:\/\/www.europesays.com\/fi\/wp-content\/uploads\/2025\/12\/ee1b0184e9f031c2ff7642a98afc72c77366d7d996560305fd8d2a189b613378.jpg\" alt=\"\"\/><img decoding=\"async\" class=\"image image-show\" src=\"https:\/\/www.europesays.com\/fi\/wp-content\/uploads\/2025\/12\/1766315049_439_ee1b0184e9f031c2ff7642a98afc72c77366d7d996560305fd8d2a189b613378.jpg\" alt=\"\"\/><\/p>\n<p>Onlyfans-t\u00e4hti Jasmin Viteli on tienannut suuret tulot Onlyfansilla. <\/p>\n<p class=\"paragraph\">Oikeus m\u00e4\u00e4r\u00e4si Vitelin korvaamaan toimeentulotuet, eli yhteens\u00e4 liki 7\u202f400 euroa.<\/p>\n<p class=\"paragraph\">Ratkaisu ei ole lainvoimainen ja Viteli on valittanut tuomiosta.<\/p>\n<p class=\"paragraph\">Viteli kertoo, ett\u00e4 tapahtuneet ovat ajoittuneet aikaan, jolloin h\u00e4nell\u00e4 on ollut aivokuume. H\u00e4n kertoo olleensa siin\u00e4 k\u00e4sityksess\u00e4, ett\u00e4 voisi nostaa tukia.<\/p>\n<p class=\"paragraph\">\u2013 Olin sairauslomalla tosi pitk\u00e4\u00e4n. Minullahan piti olla kuntoutustukea, mutta Addisonin tautia ei katsota Kelan sivuilla kuntoutustukeen oikeuttavaksi.<\/p>\n<p class=\"paragraph\">Viteli kertoo hakeneensa tuet samalle tilille, johon tulivat my\u00f6s h\u00e4nen Onlyfans-tulonsa.<\/p>\n<p class=\"paragraph\">\u2013 En piilotellut mit\u00e4\u00e4n. En tied\u00e4, mit\u00e4 t\u00e4ss\u00e4 on k\u00e4ynyt, mutta en voi muuttaa mennytt\u00e4, Viteli kommentoi.<\/p>\n","protected":false},"excerpt":{"rendered":"Onlyfans-t\u00e4hti Jasmin Viteli tienasi viime vuonna hurjan summan. \u2013 Eih\u00e4n se helposti tule, mutta kyll\u00e4h\u00e4n se mukavalta tuntuu.&hellip;\n","protected":false},"author":2,"featured_media":122233,"comment_status":"","ping_status":"","sticky":false,"template":"","format":"standard","meta":{"footnotes":""},"categories":[136],"tags":[35,407,137,33,31,30,408,2644,53,977,976,38,32,109],"class_list":{"0":"post-122232","1":"post","2":"type-post","3":"status-publish","4":"format-standard","5":"has-post-thumbnail","7":"category-julkkikset","8":"tag-24h","9":"tag-celebrities","10":"tag-entertainment","11":"tag-fi","12":"tag-finland","13":"tag-finnish","14":"tag-julkkikset","15":"tag-kotitalouksien-tulot-ja-rahankaytto","16":"tag-laki-oikeus-ja-rikos","17":"tag-oikeusistuimet","18":"tag-oikeusprosessit","19":"tag-rikos","20":"tag-suomi","21":"tag-viihde"},"share_on_mastodon":{"url":"https:\/\/pubeurope.com\/@fi\/115757230892833031","error":""},"_links":{"self":[{"href":"https:\/\/www.europesays.com\/fi\/wp-json\/wp\/v2\/posts\/122232","targetHints":{"allow":["GET"]}}],"collection":[{"href":"https:\/\/www.europesays.com\/fi\/wp-json\/wp\/v2\/posts"}],"about":[{"href":"https:\/\/www.europesays.com\/fi\/wp-json\/wp\/v2\/types\/post"}],"author":[{"embeddable":true,"href":"https:\/\/www.europesays.com\/fi\/wp-json\/wp\/v2\/users\/2"}],"replies":[{"embeddable":true,"href":"https:\/\/www.europesays.com\/fi\/wp-json\/wp\/v2\/comments?post=122232"}],"version-history":[{"count":0,"href":"https:\/\/www.europesays.com\/fi\/wp-json\/wp\/v2\/posts\/122232\/revisions"}],"wp:featuredmedia":[{"embeddable":true,"href":"https:\/\/www.europesays.com\/fi\/wp-json\/wp\/v2\/media\/122233"}],"wp:attachment":[{"href":"https:\/\/www.europesays.com\/fi\/wp-json\/wp\/v2\/media?parent=122232"}],"wp:term":[{"taxonomy":"category","embeddable":true,"href":"https:\/\/www.europesays.com\/fi\/wp-json\/wp\/v2\/categories?post=122232"},{"taxonomy":"post_tag","embeddable":true,"href":"https:\/\/www.europesays.com\/fi\/wp-json\/wp\/v2\/tags?post=122232"}],"curies":[{"name":"wp","href":"https:\/\/api.w.org\/{rel}","templated":true}]}}