{"id":122236,"date":"2025-12-21T11:12:09","date_gmt":"2025-12-21T11:12:09","guid":{"rendered":"https:\/\/www.europesays.com\/fi\/122236\/"},"modified":"2025-12-21T11:12:09","modified_gmt":"2025-12-21T11:12:09","slug":"henny-harjusola-ja-sofia-tuomola-tekivat-melkoiset-muodonmuutokset","status":"publish","type":"post","link":"https:\/\/www.europesays.com\/fi\/122236\/","title":{"rendered":"Henny Harjusola ja Sofia Tuomola tekiv\u00e4t melkoiset muodonmuutokset"},"content":{"rendered":"<p>            ATTE KAJOVA\n        <\/p>\n<p class=\"subtitle \">Henny ja Sofia tiet\u00e4v\u00e4t miksi vanhat kuvat n\u00e4ytt\u00e4v\u00e4t erilaisilta.<\/p>\n<p class=\"article-content article-content-width !bg-background\">Joulu  ja  kohdalla on joko meikit\u00f6n tai sitten viimeisen p\u00e4\u00e4lle valmisteltu my\u00f6s ulkon\u00e4\u00f6n puolesta.\u00a0<\/p>\n<p class=\"article-content article-content-width !bg-background\">T\u00e4n\u00e4 vuonna naiset kallistuvat j\u00e4lkimm\u00e4iseen vaihtoehtoon, kun tiedossa on jouluinen Tiktok-live, jossa Hennyn ja Soffen seuraan voi liitty\u00e4 valmistelemaan jouluaaton lookkia.<\/p>\n<p class=\"article-content article-content-width !bg-background\">\u2013 Tiktokkiin menn\u00e4\u00e4n, ehdottomasti! Ja varmasti niille ihmisille on kiva fiilistell\u00e4 iltaa yhdess\u00e4, jotka muuten viett\u00e4v\u00e4t joulua yksin, naiset miettiv\u00e4t pyhien k\u00e4\u00e4nt\u00f6puolta.<\/p>\n<p>                <img decoding=\"async\" src=\"https:\/\/www.europesays.com\/fi\/wp-content\/uploads\/2025\/12\/2016447.webp\" width=\"576\" height=\"322\" alt=\"Joulun koristeissa menn\u00e4\u00e4n pitk\u00e4lle Hennyn toiveiden mukaan - kulta ei ole sallittujen s\u00e4vyjen listalla.\" loading=\"lazy\" \/>            <\/p>\n<p>\n            Joulun koristeissa menn\u00e4\u00e4n pitk\u00e4lle Hennyn toiveiden mukaan &#8211; kulta ei ole sallittujen s\u00e4vyjen listalla.<br \/>\n            ATTE KAJOVA\n        <\/p>\n<p>Vanhat kuvat naurattavat<\/p>\n<p class=\"article-content article-content-width !bg-background\">Menneit\u00e4 yhteisjouluja muistelleessaan kaverukset innostuvat my\u00f6s kaivamaan vanhoja kuvia esiin. Lopputulos oli, ett\u00e4 molempien mielest\u00e4 he olivat ulkoisesti aivan eri n\u00e4k\u00f6isi\u00e4 kuin nyt.<\/p>\n<p class=\"article-content article-content-width !bg-background\">\u2013 No hei, meill\u00e4 on ollut molemmilla joku viisi eri naamaa t\u00e4ss\u00e4 vuosien varrella, Henny arvioi.<\/p>\n<p>        <a itemprop=\"url\" href=\"https:\/\/www.seiska.fi\/kotimaa\/henny-harjusola-karkasi-suomesta-ikava-vastoinkayminen\/1945024\" rel=\"nofollow noopener\" target=\"_blank\"><\/p>\n<p>\nKatso video!\n<\/p>\n<p class=\"section-date\">\n        <strong class=\"article-section\" data-section=\"kotimaa\"><br \/>\n            kotimaa<br \/>\n        <\/strong><br \/>\n        4.10. 09:00\n    <\/p>\n<p>Henny Harjusola karkasi Suomesta \u2013 ik\u00e4v\u00e4 vastoink\u00e4yminen!\n    <\/p>\n<p itemprop=\"description\" class=\"subtitle \">\n    Somet\u00e4hti on maassa nyt toista kertaa.\n<\/p>\n<p>        <\/a><\/p>\n<p>                <img decoding=\"async\" src=\"https:\/\/www.europesays.com\/fi\/wp-content\/uploads\/2025\/12\/2016445.webp\" width=\"576\" height=\"720\" alt=\"Henny vuonna 2021.\" loading=\"lazy\" \/>            <\/p>\n<p>\n            Henny vuonna 2021.<br \/>\n            Timo Korhonen\n        <\/p>\n<p class=\"article-content article-content-width !bg-background\">Molemmat jouluilijat ovat kertoneet avoimesti eri operaatioistaan, joihin kuuluu Sofiallakin liki puolentusinaa kirurgista operaatiota.<\/p>\n<p class=\"article-content article-content-width !bg-background\">\u2013 Mutta nyt en kyll\u00e4 jaksa menn\u00e4 mihink\u00e4\u00e4n leikkauksiin, on se niin rasittavaa, Soffe arvioi.<\/p>\n<p class=\"article-content article-content-width !bg-background\">Henny taas on muuttamassa lookkiaan takaisin luonnollisemman puolelle.<\/p>\n<p class=\"article-content article-content-width !bg-background\">\u2013 M\u00e4 el\u00e4n nyt mun parasta luonnollista el\u00e4m\u00e4\u00e4ni, kun otin huulit\u00e4ytteet pois ja tukka on aidossa mitassa. Toki v\u00e4h\u00e4n tuuhennettuna.<\/p>\n<p>        <a itemprop=\"url\" href=\"https:\/\/www.seiska.fi\/kotimaa\/henny-harjusolan-yllattava-muodonmuutos-halutaan-sulautua-joukkoon\/1894098\" rel=\"nofollow noopener\" target=\"_blank\"><\/p>\n<p>\nOho!\n<\/p>\n<p class=\"section-date\">\n        <strong class=\"article-section\" data-section=\"kotimaa\"><br \/>\n            kotimaa<br \/>\n        <\/strong><br \/>\n        8.8. 17:30\n    <\/p>\n<p>Henny Harjusolan yll\u00e4tt\u00e4v\u00e4 muodonmuutos: &#8221;halutaan sulautua joukkoon&#8221;\n    <\/p>\n<p itemprop=\"description\" class=\"subtitle \">\n    Henny teki j\u00e4lleen rohkean siirron.\n<\/p>\n<p>        <\/a><\/p>\n<p>                <img decoding=\"async\" src=\"https:\/\/www.europesays.com\/fi\/wp-content\/uploads\/2025\/12\/2016462.webp\" width=\"576\" height=\"322\" alt=\"Soffella on monta yst\u00e4vist\u00e4 kertovaa tatuointia. My\u00f6s Hennylle on omansa.\" loading=\"lazy\" \/>            <\/p>\n<p>\n            Soffella on monta yst\u00e4vist\u00e4 kertovaa tatuointia. My\u00f6s Hennylle on omansa.<br \/>\n            ATTE KAJOVA\n        <\/p>\n<p>Kohti uusia bileit\u00e4<\/p>\n<p class=\"article-content article-content-width !bg-background\">Joulun speksit ovat kasassa samalla, kun joulukuusi saa koristeensa. Yht\u00e4\u00e4n kultaista koristetta ei n\u00e4hd\u00e4, sill\u00e4 Henny ei voi siet\u00e4\u00e4 niit\u00e4, eik\u00e4 kultaa edes koruissa. Hennyn \u00e4iti on tulossa mukaan sy\u00f6m\u00e4\u00e4n jouluateriaa.\u00a0<\/p>\n<p class=\"article-content article-content-width !bg-background\">\u00c4idin kanssa sy\u00f6dyll\u00e4 aterialla on my\u00f6s laatikoita ja m\u00e4tej\u00e4. Tosin Soffen mielest\u00e4 kaikki laatikot maistuvat samalta. Henny on eri mielt\u00e4. <\/p>\n<p class=\"article-content article-content-width !bg-background\">Joulu on kuitenkin mukavaa rauhoittumisen aikaa varsinkin, kun pian on taas uudenvuoden juhlien aika. Soffe l\u00e4htee esiintym\u00e4\u00e4n dj-keikoille ja Henny ulkomaisten yst\u00e4vien kanssa Pariisiin Disneylandiin.<\/p>\n<p class=\"article-content article-content-width !bg-background\">\u2013 Ja jouluna aina jostain syyst\u00e4 tulee hirve\u00e4sti suklaata. En tajua, miten se tapahtuu, Henny huomauttaa<\/p>\n<p class=\"article-content article-content-width !bg-background\"> \u2013 Ja Baileysi\u00e4 my\u00f6s, Soffe jatkaa. <\/p>\n<p>        <a itemprop=\"url\" href=\"https:\/\/www.seiska.fi\/kotimaa\/kohu-kauneusvaikuttaja-henny-harjusolan-shokkivideo-leviaa-maailmalla-daily-mail-uutisoi\/1667327\" rel=\"nofollow noopener\" target=\"_blank\"><\/p>\n<p>\nDaily Mail uutisoi\n<\/p>\n<p class=\"section-date\">\n        <strong class=\"article-section\" data-section=\"kotimaa\"><br \/>\n            kotimaa<br \/>\n        <\/strong><br \/>\n        7.4. 08:56\n    <\/p>\n<p>Kohu! Kauneusvaikuttaja Henny Harjusolan shokkivideo levi\u00e4\u00e4 maailmalla \u2013 Daily Mail uutisoi\n    <\/p>\n<p itemprop=\"description\" class=\"subtitle \">\n    Videolla on t\u00e4h\u00e4n menness\u00e4 jo yli 1,8 miljoona n\u00e4ytt\u00f6kertaa.\n<\/p>\n<p>        <\/a><\/p>\n","protected":false},"excerpt":{"rendered":"ATTE KAJOVA Henny ja Sofia tiet\u00e4v\u00e4t miksi vanhat kuvat n\u00e4ytt\u00e4v\u00e4t erilaisilta. Joulu ja kohdalla on joko meikit\u00f6n tai&hellip;\n","protected":false},"author":2,"featured_media":122237,"comment_status":"","ping_status":"","sticky":false,"template":"","format":"standard","meta":{"footnotes":""},"categories":[130],"tags":[137,33,31,30,12908,5856,212,5112,32,109,4302],"class_list":{"0":"post-122236","1":"post","2":"type-post","3":"status-publish","4":"format-standard","5":"has-post-thumbnail","7":"category-viihde","8":"tag-entertainment","9":"tag-fi","10":"tag-finland","11":"tag-finnish","12":"tag-henny-harjusola","13":"tag-joulu","14":"tag-lifestyle","15":"tag-sofia-tuomola","16":"tag-suomi","17":"tag-viihde","18":"tag-ystavat"},"share_on_mastodon":{"url":"https:\/\/pubeurope.com\/@fi\/115757262244668506","error":""},"_links":{"self":[{"href":"https:\/\/www.europesays.com\/fi\/wp-json\/wp\/v2\/posts\/122236","targetHints":{"allow":["GET"]}}],"collection":[{"href":"https:\/\/www.europesays.com\/fi\/wp-json\/wp\/v2\/posts"}],"about":[{"href":"https:\/\/www.europesays.com\/fi\/wp-json\/wp\/v2\/types\/post"}],"author":[{"embeddable":true,"href":"https:\/\/www.europesays.com\/fi\/wp-json\/wp\/v2\/users\/2"}],"replies":[{"embeddable":true,"href":"https:\/\/www.europesays.com\/fi\/wp-json\/wp\/v2\/comments?post=122236"}],"version-history":[{"count":0,"href":"https:\/\/www.europesays.com\/fi\/wp-json\/wp\/v2\/posts\/122236\/revisions"}],"wp:featuredmedia":[{"embeddable":true,"href":"https:\/\/www.europesays.com\/fi\/wp-json\/wp\/v2\/media\/122237"}],"wp:attachment":[{"href":"https:\/\/www.europesays.com\/fi\/wp-json\/wp\/v2\/media?parent=122236"}],"wp:term":[{"taxonomy":"category","embeddable":true,"href":"https:\/\/www.europesays.com\/fi\/wp-json\/wp\/v2\/categories?post=122236"},{"taxonomy":"post_tag","embeddable":true,"href":"https:\/\/www.europesays.com\/fi\/wp-json\/wp\/v2\/tags?post=122236"}],"curies":[{"name":"wp","href":"https:\/\/api.w.org\/{rel}","templated":true}]}}