{"id":122240,"date":"2025-12-21T11:16:08","date_gmt":"2025-12-21T11:16:08","guid":{"rendered":"https:\/\/www.europesays.com\/fi\/122240\/"},"modified":"2025-12-21T11:16:08","modified_gmt":"2025-12-21T11:16:08","slug":"asiantuntijan-mukaan-tama-on-kremlin-suuri-kohde-vuonna-2026","status":"publish","type":"post","link":"https:\/\/www.europesays.com\/fi\/122240\/","title":{"rendered":"Asiantuntijan mukaan t\u00e4m\u00e4 on Kremlin suuri kohde vuonna 2026"},"content":{"rendered":"<p class=\"ai-optimize-6 ai-optimize-introduction\">N\u00e4in sanoo Ven\u00e4j\u00e4n ja Ukrainan sodan veteraani, yliluutnantti ja Leviathan-analyysiryhm\u00e4n asiantuntija<strong> Mykola Melnyk<\/strong> <a href=\"https:\/\/euromaidanpress.com\/2025\/12\/21\/three-brigades-are-not-enough-for-its-defense-ukrainian-expert-reveals-russias-next-big-target-in-2026\/\" target=\"_blank\" rel=\"noopener nofollow\">Euromaidan Pressin<\/a> mukaan. H\u00e4nen mukaansa t\u00e4m\u00e4 taistelu on v\u00e4ist\u00e4m\u00e4t\u00f6n.<\/p>\n<p class=\"ai-optimize-7\">Yhdess\u00e4 Kramatorskin, Dru\u017ekivkan ja Pokrovskin kanssa Slovjansk muodostaa niin sanotun \u201dDonbasin linnoitusvy\u00f6hykkeen\u201d. L\u00e4pimurto t\u00e4\u00e4ll\u00e4 antaisi Ven\u00e4j\u00e4n joukoille mahdollisuuden ohittaa Ukrainan puolustus ja uhata koko Donetskin alueen hallintaa.<\/p>\n<p class=\"ai-optimize-8\">Melnykin mukaan Kramatorskin taistelu on jo k\u00e4yt\u00e4nn\u00f6ss\u00e4 k\u00e4ynniss\u00e4, ja jatkokehitys riippuu siit\u00e4, mit\u00e4 Ukraina oppii sodasta vuonna 2025 ja miten se suorittaa taisteluoperaatioita vuonna 2026.<\/p>\n<p class=\"ai-optimize-9\">\u2013 N\u00e4m\u00e4 ovat v\u00e4ist\u00e4m\u00e4tt\u00f6mi\u00e4 asioita. Slovjanskista k\u00e4yd\u00e4\u00e4n taistelu ja Kramatorskin taistelu on jo alkanut, Melnyk korosti.<\/p>\n<p class=\"ai-optimize-11\">Slovjanskilla on sek\u00e4 symbolinen ett\u00e4 strateginen merkitys. Vuonna 2014 Ven\u00e4j\u00e4n tukemat joukot valtasivat kaupungin, mutta Ukrainan joukot vapauttivat sen useita kuukausia my\u00f6hemmin. Siit\u00e4 l\u00e4htien kaupunkia vastaan on hy\u00f6k\u00e4tty toistuvasti, ja se on edelleen toiminut puolustus- ja logistiikkakeskuksena.<\/p>\n<p class=\"ai-optimize-12\">Melnykin mukaan Slovjanskin taistelu riippuu Pokrovskin rintaman kehityksest\u00e4. T\u00e4ll\u00e4 hetkell\u00e4 ven\u00e4l\u00e4iset ovat jo miehitt\u00e4neet 80 prosenttia kaupungista ja melkein piiritt\u00e4neet sen kaksoiskaupunki Myrnohradia.<\/p>\n<p class=\"ai-optimize-13\">Melnyk huomauttaa, ett\u00e4 Ven\u00e4j\u00e4 noudattaa aiemmin Pokrovskin ja Myrnohradin l\u00e4hell\u00e4 k\u00e4ytetty\u00e4 tuttua kaavaa eli v\u00e4ltt\u00e4\u00e4 suoria hy\u00f6kk\u00e4yksi\u00e4 ja tuhoaa logistiikan.<\/p>\n<p class=\"ai-optimize-14\">\u2013 Kun ven\u00e4l\u00e4iset tajusivat, ett\u00e4 Pokrovsk\u2013Myrnohradin taajamaan oli vaikea p\u00e4\u00e4st\u00e4 korkean maaston vuoksi, he ottivat logistiikkareitit tulen alle. Ensin tulee logistinen saarto, sitten varsinainen saarto, h\u00e4n selitt\u00e4\u00e4.<\/p>\n<p class=\"ai-optimize-15\">Melnykin mukaan samaa l\u00e4hestymistapaa sovelletaan Siverskin l\u00e4hell\u00e4 ja todenn\u00e4k\u00f6isesti sit\u00e4 k\u00e4ytet\u00e4\u00e4n Slovjanskia ja Kramatorskia vastaan.<\/p>\n","protected":false},"excerpt":{"rendered":"N\u00e4in sanoo Ven\u00e4j\u00e4n ja Ukrainan sodan veteraani, yliluutnantti ja Leviathan-analyysiryhm\u00e4n asiantuntija Mykola Melnyk Euromaidan Pressin mukaan. H\u00e4nen mukaansa&hellip;\n","protected":false},"author":2,"featured_media":122241,"comment_status":"","ping_status":"","sticky":false,"template":"","format":"standard","meta":{"footnotes":""},"categories":[14],"tags":[22,23,26,27,33,31,30,17,24,25,28,29,15,18,21,32,19,20,549,56,16,59,60,61],"class_list":{"0":"post-122240","1":"post","2":"type-post","3":"status-publish","4":"format-standard","5":"has-post-thumbnail","7":"category-ulkomaat","8":"tag-breaking-news","9":"tag-breakingnews","10":"tag-featured-news","11":"tag-featurednews","12":"tag-fi","13":"tag-finland","14":"tag-finnish","15":"tag-headlines","16":"tag-latest-news","17":"tag-latestnews","18":"tag-main-news","19":"tag-mainnews","20":"tag-news","21":"tag-otsikot","22":"tag-paauutiset","23":"tag-suomi","24":"tag-top-stories","25":"tag-topstories","26":"tag-ukrainan-sota","27":"tag-ulkomaat","28":"tag-uutiset","29":"tag-world","30":"tag-world-news","31":"tag-worldnews"},"share_on_mastodon":{"url":"https:\/\/pubeurope.com\/@fi\/115757277781672869","error":""},"_links":{"self":[{"href":"https:\/\/www.europesays.com\/fi\/wp-json\/wp\/v2\/posts\/122240","targetHints":{"allow":["GET"]}}],"collection":[{"href":"https:\/\/www.europesays.com\/fi\/wp-json\/wp\/v2\/posts"}],"about":[{"href":"https:\/\/www.europesays.com\/fi\/wp-json\/wp\/v2\/types\/post"}],"author":[{"embeddable":true,"href":"https:\/\/www.europesays.com\/fi\/wp-json\/wp\/v2\/users\/2"}],"replies":[{"embeddable":true,"href":"https:\/\/www.europesays.com\/fi\/wp-json\/wp\/v2\/comments?post=122240"}],"version-history":[{"count":0,"href":"https:\/\/www.europesays.com\/fi\/wp-json\/wp\/v2\/posts\/122240\/revisions"}],"wp:featuredmedia":[{"embeddable":true,"href":"https:\/\/www.europesays.com\/fi\/wp-json\/wp\/v2\/media\/122241"}],"wp:attachment":[{"href":"https:\/\/www.europesays.com\/fi\/wp-json\/wp\/v2\/media?parent=122240"}],"wp:term":[{"taxonomy":"category","embeddable":true,"href":"https:\/\/www.europesays.com\/fi\/wp-json\/wp\/v2\/categories?post=122240"},{"taxonomy":"post_tag","embeddable":true,"href":"https:\/\/www.europesays.com\/fi\/wp-json\/wp\/v2\/tags?post=122240"}],"curies":[{"name":"wp","href":"https:\/\/api.w.org\/{rel}","templated":true}]}}