{"id":122242,"date":"2025-12-21T11:17:10","date_gmt":"2025-12-21T11:17:10","guid":{"rendered":"https:\/\/www.europesays.com\/fi\/122242\/"},"modified":"2025-12-21T11:17:10","modified_gmt":"2025-12-21T11:17:10","slug":"tankavaaran-kultakylan-uusi-isanta-houkuttelee-uusia-asiakkaita-etelaafrikkalaisen-matkatoimiston-edustajat-ihastuivat-revontuliin-ja-husky-ajeluun","status":"publish","type":"post","link":"https:\/\/www.europesays.com\/fi\/122242\/","title":{"rendered":"Tankavaaran kultakyl\u00e4n uusi is\u00e4nt\u00e4 houkuttelee uusia asiakkaita \u2013 etel\u00e4afrikkalaisen matkatoimiston edustajat ihastuivat revontuliin ja husky-ajeluun"},"content":{"rendered":"<p>\n      Lumisen Tankavaaran kultakyl\u00e4ss\u00e4 Sodankyl\u00e4n pohjoisnurkalla on pime\u00e4\u00e4 ja kylm\u00e4\u00e4, mutta sis\u00e4ll\u00e4 Wanhan Waskoolimiehen ravintolassa puhutaan l\u00e4mp\u00f6isi\u00e4. Ajatuksena keskustelussa on, ett\u00e4 kaamoksen lumo saattaisi kiinnostaa lomaa suunnittelevia Etel\u00e4-Afrikassa asti.\n    <\/p>\n<p>\n      \u2013\u202fT\u00e4m\u00e4 liittyy Sodankyl\u00e4n matkailun kehitt\u00e4miseen, Tankavaaran kultakyl\u00e4n is\u00e4nt\u00e4 Marko Touru toteaa.\n    <\/p>\n<p class=\"article__paragraph\">\n      Tapaamista Lapissa edelsi yritysten, matkailuyhdistyksen ja kunnan edustajien matka Etel\u00e4-Afrikkaan.\n    <\/p>\n<p class=\"article__paragraph\">\n      \u2013\u202fTutustutamme vieraat Sodankyl\u00e4n pohjoispuoliseen ja osittain Saarisel\u00e4nkin alueeseen.\n    <\/p>\n<p>      Lumesta tuli uusi kokemus<\/p>\n<p class=\"article__paragraph\">\n      Etel\u00e4-Afrikan suurimpiin kuuluvaa matkatoimistoa edustavat Rebecca Fume ja Angie Cacnao tutkivat sodankyl\u00e4l\u00e4isiss\u00e4 matkailuyrityksiss\u00e4, mik\u00e4 saattaisi innostaa Thompsons Holidaysin asiakkaita matkaamaan p\u00e4iv\u00e4ntasaajan toiselle puolen ja viel\u00e4 napapiirin yli.\n    <\/p>\n<p class=\"article__paragraph\">\n      \u2013\u202fLumi on erikoinen kokemus. Olen ollut t\u00e4\u00e4ll\u00e4 vasta kaksi p\u00e4iv\u00e4\u00e4, mutta rakastan jo t\u00e4t\u00e4 maata, Fume tunnustaa ja kertoo nauttineensa koiravaljakon kyydist\u00e4.\n    <\/p>\n<p class=\"article__paragraph\">\n      \u2013\u202fToivon viel\u00e4 n\u00e4kev\u00e4ni revontulia, Fume sanoo aavistamatta, ett\u00e4 viel\u00e4 samana iltana safarilla h\u00e4n tulee n\u00e4kem\u00e4\u00e4n upeasti loimuavat pohjantulet.\n    <\/p>\n<p class=\"article__paragraph\">\n      Fume uskoo Thompsonin tuovan ensi talvena etel\u00e4afrikkalaisia Lappiin, sen verran hyv\u00e4t kokemukset on saatu testimatkalta. H\u00e4nen mielest\u00e4\u00e4n\u202fmarraskuu ja joulusesonki kaukana pohjoisessa varmasti kiinnostavat.\n    <\/p>\n<p class=\"article__paragraph\">\n      Cacnao on vieh\u00e4ttynyt vieraanvaraisuudesta, jota h\u00e4n on matkalla kohdannut ja tietysti my\u00f6s lumi on hienoa. H\u00e4n on nyt perehtynyt siihen, miten Suomi ja suomalaiset toimivat ja voi suositella uutta matkakohdetta asiakkailleen.\n    <\/p>\n<p>    <img decoding=\"async\" class=\"responsive-image article__image-image lozad\"   src=\"https:\/\/www.europesays.com\/fi\/wp-content\/uploads\/2025\/12\/939r7Z1Ve0e9L973JkMXSYwnf4DF1j2jGbFRxrFDZWHUOlUUzRnOWOOWw3C6QUl1E50_WtSsumUdZGrJZRV8vE8ICUS6pGb9x90z.jpeg\" alt=\"Pohjoista talvea aletaan myyd\u00e4 Etel\u00e4-Afrikassa uutena matkakohteena. Matka pohjoiseen on pitk\u00e4 napapiirin ja p\u00e4iv\u00e4ntasaajan takaa, mutta Lapin uskotaan kiinnostavan.\"\/><\/p>\n<p>\n                Pohjoista talvea aletaan myyd\u00e4 Etel\u00e4-Afrikassa uutena matkakohteena. Matka pohjoiseen on pitk\u00e4 napapiirin ja p\u00e4iv\u00e4ntasaajan takaa, mutta Lapin uskotaan kiinnostavan.\n              <\/p>\n<p>\n                Kuva: Olli Miettunen\n              <\/p>\n<p>      Ensin matkattiin etel\u00e4\u00e4n<\/p>\n<p class=\"article__paragraph\">\n      Marko Touru odottaa esimerkiksi Tankavaaran kiinnostavan perhematkakohteena. Ohjelmassa on ollut my\u00f6s kelkkasafaria, koiravaljakolla retkeily\u00e4, pilkkimist\u00e4, porotilaan tutustumista ja kaivosk\u00e4ynti Luoston ametistikohteessa sek\u00e4 tapaaminen kunnantoimistolla.\n    <\/p>\n<p class=\"article__paragraph\">\n      \u2013\u202fKerrottiin my\u00f6s Aurora-tiedekeskuksesta, joka on tulossa jonkun vuoden p\u00e4\u00e4st\u00e4.\n    <\/p>\n<p class=\"article__paragraph\">\n      Sodankyl\u00e4l\u00e4iset k\u00e4viv\u00e4t viime syksyn\u00e4 Etel\u00e4-Afrikassa tutkaamassa yhteyksi\u00e4 ja markkinoimassa tarjontaansa. Visit Sodankyl\u00e4-Sompion j\u00e4rjest\u00e4m\u00e4ll\u00e4 matkalla olivat Tankavaaran lis\u00e4ksi edustettuina naapurikunnasta Samperin Savotta sek\u00e4 Kelokoru ja Ivalojoen matkailupalvelut.\n    <\/p>\n<p class=\"article__paragraph\">\n      \u2013\u202fSill\u00e4 oli iso merkitys, ett\u00e4 matkailukoordinaattori ja kunnanjohtaja olivat mukana tukena, Touru toteaa.\n    <\/p>\n<p class=\"article__paragraph\">\n      \u2013\u202fKunta on panostanut matkailuyhdistyksenkin toimintaan ja meill\u00e4 on j\u00e4senm\u00e4\u00e4r\u00e4 tuplaantunut.\n    <\/p>\n<p>      Kohtaamisista tulee tuloksia<\/p>\n<p class=\"article__paragraph\">\n      Kohtaamiset etel\u00e4afrikkalaisten kanssa j\u00e4rjesti matkailualalla pitk\u00e4\u00e4n toiminut Tepa Rocklin, jonka Touru tapasi matkamessuilla. Rocklin on aikanaan ollut 16 vuotta t\u00f6iss\u00e4 Etel\u00e4-Afrikassa suurl\u00e4hetyst\u00f6ss\u00e4, jossa vastasi matkailusta, markkinoinnista ja kaupallisista asioista.\n    <\/p>\n<p class=\"article__paragraph\">\n      \u2013\u202fMarko tuli messuilla kysym\u00e4\u00e4n ja lupasin alkaa avaamaan ovia sinne p\u00e4\u00e4h\u00e4n. Olin yhteydess\u00e4 satoihin matkatoimistoihin.\n    <\/p>\n<p class=\"article__paragraph\">\n      Matkailuammattilaisena Rocklin tiet\u00e4\u00e4, miten k\u00e4y pelk\u00e4st\u00e4\u00e4n kirjeill\u00e4 ja s\u00e4hk\u00f6posteilla uutuuksiaan markkinoiville yrityksille \u2013 ei mitenk\u00e4\u00e4n. Tuloksia alkaa tulla, kun tavataan ihmisi\u00e4 henkil\u00f6kohtaisesti ja saadaan kokea asioita itse.\n    <\/p>\n<p class=\"article__paragraph\">\n      \u2013\u202fMeill\u00e4 oli my\u00f6s Suomen suurl\u00e4hettil\u00e4\u00e4n residenssiss\u00e4 vastaanotto, jossa oli paikallisia matkailuvaikuttajia, Touru sanoo.\n    <\/p>\n<p class=\"article__paragraph\">\n      Rocklinin mukaan sill\u00e4 oli todella iso merkitys, ett\u00e4 my\u00f6s Sodankyl\u00e4n kunnanjohtaja oli mukana joukossa. Ty\u00f6 on nyt aloitettu, ovet avattu ja seuraavaksi Rocklin kehitt\u00e4\u00e4 houkuttelevia matkapaketteja ohjelmineen.\n    <\/p>\n<p>Poiminta<\/p>\n<p>      Thompson Holidays<\/p>\n<p class=\"article__fact-paragraph\">\n      Etel\u00e4afrikkalainen matkanj\u00e4rjest\u00e4j\u00e4, joka tarjoaa lomamatkoja eri puolille maailmaa.\n    <\/p>\n<p class=\"article__fact-paragraph\">\n      Matkailualalta yli 45 vuoden kokemus.\n    <\/p>\n<p class=\"article__fact-paragraph\">\n      Kuuluu 120-vuotiaaseen etel\u00e4isess\u00e4 Afrikassa matkailualalla toimivaan Cullinan Holdings Group -konserniin.\n    <\/p>\n<p class=\"article__fact-paragraph\">\n      Myy matkapaketteja erityisesti Afrikan, Aasian ja trooppisten alueitten suosikkikohteisiin.\n    <\/p>\n","protected":false},"excerpt":{"rendered":"Lumisen Tankavaaran kultakyl\u00e4ss\u00e4 Sodankyl\u00e4n pohjoisnurkalla on pime\u00e4\u00e4 ja kylm\u00e4\u00e4, mutta sis\u00e4ll\u00e4 Wanhan Waskoolimiehen ravintolassa puhutaan l\u00e4mp\u00f6isi\u00e4. Ajatuksena keskustelussa&hellip;\n","protected":false},"author":2,"featured_media":122243,"comment_status":"","ping_status":"","sticky":false,"template":"","format":"standard","meta":{"footnotes":""},"categories":[12],"tags":[22,23,26,27,33,31,30,17,24,25,28,29,15,18,21,32,19,20,16],"class_list":{"0":"post-122242","1":"post","2":"type-post","3":"status-publish","4":"format-standard","5":"has-post-thumbnail","7":"category-suomi","8":"tag-breaking-news","9":"tag-breakingnews","10":"tag-featured-news","11":"tag-featurednews","12":"tag-fi","13":"tag-finland","14":"tag-finnish","15":"tag-headlines","16":"tag-latest-news","17":"tag-latestnews","18":"tag-main-news","19":"tag-mainnews","20":"tag-news","21":"tag-otsikot","22":"tag-paauutiset","23":"tag-suomi","24":"tag-top-stories","25":"tag-topstories","26":"tag-uutiset"},"share_on_mastodon":{"url":"https:\/\/pubeurope.com\/@fi\/115757281978873751","error":""},"_links":{"self":[{"href":"https:\/\/www.europesays.com\/fi\/wp-json\/wp\/v2\/posts\/122242","targetHints":{"allow":["GET"]}}],"collection":[{"href":"https:\/\/www.europesays.com\/fi\/wp-json\/wp\/v2\/posts"}],"about":[{"href":"https:\/\/www.europesays.com\/fi\/wp-json\/wp\/v2\/types\/post"}],"author":[{"embeddable":true,"href":"https:\/\/www.europesays.com\/fi\/wp-json\/wp\/v2\/users\/2"}],"replies":[{"embeddable":true,"href":"https:\/\/www.europesays.com\/fi\/wp-json\/wp\/v2\/comments?post=122242"}],"version-history":[{"count":0,"href":"https:\/\/www.europesays.com\/fi\/wp-json\/wp\/v2\/posts\/122242\/revisions"}],"wp:featuredmedia":[{"embeddable":true,"href":"https:\/\/www.europesays.com\/fi\/wp-json\/wp\/v2\/media\/122243"}],"wp:attachment":[{"href":"https:\/\/www.europesays.com\/fi\/wp-json\/wp\/v2\/media?parent=122242"}],"wp:term":[{"taxonomy":"category","embeddable":true,"href":"https:\/\/www.europesays.com\/fi\/wp-json\/wp\/v2\/categories?post=122242"},{"taxonomy":"post_tag","embeddable":true,"href":"https:\/\/www.europesays.com\/fi\/wp-json\/wp\/v2\/tags?post=122242"}],"curies":[{"name":"wp","href":"https:\/\/api.w.org\/{rel}","templated":true}]}}